{"id":77016,"date":"2022-02-25T09:52:57","date_gmt":"2022-02-25T07:52:57","guid":{"rendered":"https:\/\/giurgiu-net.ro\/?p=77016"},"modified":"2022-02-25T09:52:57","modified_gmt":"2022-02-25T07:52:57","slug":"deputat-marian-mina-revenirea-la-o-forma-de-reglementare-a-pietei-asa-cum-a-propus-psd-se-dovedeste-o-solutie-eficienta-pentru-oprirea-cresterii-facturilor","status":"publish","type":"post","link":"https:\/\/giurgiu-net.ro\/index.php\/2022\/02\/25\/deputat-marian-mina-revenirea-la-o-forma-de-reglementare-a-pietei-asa-cum-a-propus-psd-se-dovedeste-o-solutie-eficienta-pentru-oprirea-cresterii-facturilor\/","title":{"rendered":"Deputat Marian Mina: &#8222;Revenirea la o form\u0103 de REGLEMENTARE a pie\u021bei, a\u015fa cum a propus PSD, se dovede\u0219te o solu\u021bie eficient\u0103 pentru oprirea cre\u0219terii facturilor!&#8221;"},"content":{"rendered":"\n<p>Am reu\u015fit s\u0103 impunem \u00een cadrul Coali\u0163iei solu\u0163iile <a href=\"https:\/\/www.facebook.com\/hashtag\/psd?__eep__=6&amp;__cft__[0]=AZU3J9jJfxOh6RUspMGsi_wxI4r0fyJ3up4fqy26UQIUkwDi6hSaIhpQVVBIHX8mWetBRQSksQ92JTXYhlkL76JFbAxK3bOpjeoI7XVj9l3zI-miFJgjCOiPgSkPpA1Ww4A49tw1kyETyPN0zvLIFT5q&amp;__tn__=*NK-R\">#PSD<\/a> pentru oprirea cre\u0219terii pre\u021burilor la <a href=\"https:\/\/www.facebook.com\/hashtag\/energie?__eep__=6&amp;__cft__[0]=AZU3J9jJfxOh6RUspMGsi_wxI4r0fyJ3up4fqy26UQIUkwDi6hSaIhpQVVBIHX8mWetBRQSksQ92JTXYhlkL76JFbAxK3bOpjeoI7XVj9l3zI-miFJgjCOiPgSkPpA1Ww4A49tw1kyETyPN0zvLIFT5q&amp;__tn__=*NK-R\">#energie<\/a> care afecteaz\u0103 economia na\u021bional\u0103 \u0219i nivelul de trai al rom\u00e2nilor! Chiar dac\u0103 PSD nu de\u0163ine portofoliul Energiei, am identificat, propus \u015fi sus\u0163inut <a href=\"https:\/\/www.facebook.com\/hashtag\/m%C4%83suri_pentru_oameni?__eep__=6&amp;__cft__[0]=AZU3J9jJfxOh6RUspMGsi_wxI4r0fyJ3up4fqy26UQIUkwDi6hSaIhpQVVBIHX8mWetBRQSksQ92JTXYhlkL76JFbAxK3bOpjeoI7XVj9l3zI-miFJgjCOiPgSkPpA1Ww4A49tw1kyETyPN0zvLIFT5q&amp;__tn__=*NK-R\">#M\u0103suri_Pentru_Oameni<\/a>, toate acestea reg\u0103sindu-se \u00een actul normativ ce va trebui s\u0103 fie elaborat de Ministerul Energiei- \u00een calitate de titular al portofoliului.<\/p>\n\n\n\n<p>Astfel, revenirea la o form\u0103 de REGLEMENTARE a pie\u021bei, a\u015fa cum a propus PSD, se dovede\u0219te o solu\u021bie eficient\u0103 pentru oprirea cre\u0219terii facturilor! <a href=\"https:\/\/www.facebook.com\/hashtag\/reglementarea?__eep__=6&amp;__cft__[0]=AZU3J9jJfxOh6RUspMGsi_wxI4r0fyJ3up4fqy26UQIUkwDi6hSaIhpQVVBIHX8mWetBRQSksQ92JTXYhlkL76JFbAxK3bOpjeoI7XVj9l3zI-miFJgjCOiPgSkPpA1Ww4A49tw1kyETyPN0zvLIFT5q&amp;__tn__=*NK-R\">#Reglementarea<\/a> se va aplica, \u00een primul r\u00e2nd, la nivelul adaosului comercial practicat de companiile din pia\u021ba de energie. Acest lucru va permite derularea \u00een continuare a contractelor deja \u00eencheiate \u00eentre furnizori, produc\u0103tori \u0219i clien\u021bi.<\/p>\n\n\n\n<p><img loading=\"lazy\" decoding=\"async\" height=\"16\" width=\"16\" src=\"https:\/\/static.xx.fbcdn.net\/images\/emoji.php\/v9\/t51\/1\/16\/2714.png\" alt=\"\u2714\ufe0f\"\/> Pre\u021burile finale pentru energia electric\u0103 vor fi de 0,8 lei\/KWh pentru consumatorii casnici, IMM-uri \u0219i infrastructura critic\u0103 (spitale, \u0219coli, institu\u021bii) \u0219i de 1 leu\/KWh pentru ceilal\u021bi consumatori non-casnici. \u00cen privin\u021ba gazelor naturale, se poart\u0103 \u00eenc\u0103 discu\u021bii pentru stabilirea pre\u021burilor finale- declara\u0163ie pre\u015fedinte PSD Giurgiu, deputat Marian Mina.<\/p>\n","protected":false},"excerpt":{"rendered":"<p>Am reu\u015fit s\u0103 impunem \u00een cadrul Coali\u0163iei solu\u0163iile #PSD pentru oprirea cre\u0219terii pre\u021burilor la #energie care afecteaz\u0103 economia na\u021bional\u0103 \u0219i nivelul de trai al rom\u00e2nilor! Chiar dac\u0103 PSD nu de\u0163ine portofoliul Energiei, am identificat, propus \u015fi sus\u0163inut #M\u0103suri_Pentru_Oameni, toate acestea reg\u0103sindu-se \u00een actul normativ ce va trebui s\u0103 fie elaborat de Ministerul Energiei- \u00een calitate [&hellip;]<\/p>\n","protected":false},"author":1,"featured_media":77017,"comment_status":"open","ping_status":"open","sticky":false,"template":"","format":"standard","meta":{"slim_seo":{"title":"Deputat Marian Mina: \"Revenirea la o form\u0103 de REGLEMENTARE a pie\u021bei, a\u015fa cum a propus PSD, se dovede\u0219te o solu\u021bie eficient\u0103 pentru oprirea cre\u0219terii facturilor!\" - GIURGIU NET","description":"Am reu\u015fit s\u0103 impunem \u00een cadrul Coali\u0163iei solu\u0163iile #PSD pentru oprirea cre\u0219terii pre\u021burilor la #energie care afecteaz\u0103 economia na\u021bional\u0103 \u0219i nivelul de trai al"},"footnotes":""},"categories":[18,25],"tags":[1626],"class_list":{"0":"post-77016","1":"post","2":"type-post","3":"status-publish","4":"format-standard","5":"has-post-thumbnail","7":"category-actual","8":"category-pol","9":"tag-marian-mina"},"_links":{"self":[{"href":"https:\/\/giurgiu-net.ro\/index.php\/wp-json\/wp\/v2\/posts\/77016","targetHints":{"allow":["GET"]}}],"collection":[{"href":"https:\/\/giurgiu-net.ro\/index.php\/wp-json\/wp\/v2\/posts"}],"about":[{"href":"https:\/\/giurgiu-net.ro\/index.php\/wp-json\/wp\/v2\/types\/post"}],"author":[{"embeddable":true,"href":"https:\/\/giurgiu-net.ro\/index.php\/wp-json\/wp\/v2\/users\/1"}],"replies":[{"embeddable":true,"href":"https:\/\/giurgiu-net.ro\/index.php\/wp-json\/wp\/v2\/comments?post=77016"}],"version-history":[{"count":0,"href":"https:\/\/giurgiu-net.ro\/index.php\/wp-json\/wp\/v2\/posts\/77016\/revisions"}],"wp:featuredmedia":[{"embeddable":true,"href":"https:\/\/giurgiu-net.ro\/index.php\/wp-json\/wp\/v2\/media\/77017"}],"wp:attachment":[{"href":"https:\/\/giurgiu-net.ro\/index.php\/wp-json\/wp\/v2\/media?parent=77016"}],"wp:term":[{"taxonomy":"category","embeddable":true,"href":"https:\/\/giurgiu-net.ro\/index.php\/wp-json\/wp\/v2\/categories?post=77016"},{"taxonomy":"post_tag","embeddable":true,"href":"https:\/\/giurgiu-net.ro\/index.php\/wp-json\/wp\/v2\/tags?post=77016"}],"curies":[{"name":"wp","href":"https:\/\/api.w.org\/{rel}","templated":true}]}}