{"id":77013,"date":"2022-02-25T09:48:14","date_gmt":"2022-02-25T07:48:14","guid":{"rendered":"https:\/\/giurgiu-net.ro\/?p=77013"},"modified":"2022-02-25T09:48:14","modified_gmt":"2022-02-25T07:48:14","slug":"deputat-elena-dinu-ne-dorim-ca-facturile-la-electricitate-si-gaz-sa-redevina-si-sa-ramana-suportabile-pentru-populatie-si-economie-inclusiv-iarna-viitoare","status":"publish","type":"post","link":"https:\/\/giurgiu-net.ro\/index.php\/2022\/02\/25\/deputat-elena-dinu-ne-dorim-ca-facturile-la-electricitate-si-gaz-sa-redevina-si-sa-ramana-suportabile-pentru-populatie-si-economie-inclusiv-iarna-viitoare\/","title":{"rendered":"Deputat Elena Dinu: &#8222;Ne dorim ca facturile la electricitate \u015fi gaz s\u0103 redevin\u0103 \u015fi s\u0103 r\u0103m\u00e2n\u0103 suportabile pentru popula\u0163ie \u015fi economie, inclusiv iarna viitoare!&#8221;"},"content":{"rendered":"\n<p>&#8222;Ne dorim ca <a href=\"https:\/\/www.facebook.com\/hashtag\/facturile?__eep__=6&amp;__cft__[0]=AZU9ezvFaar4JhpTWgMSSn8WGfhUWsx1OZUnptEinxBcOl6p3R-9U8r12Rr0NkWN2oNbG4K6KjDvyYUK12MKi30bNdpHjtyjq4pfsy9w7RCGXYiMdMiotK6zutvnk6FzUnM&amp;__tn__=*NK-R\">#facturile<\/a> la electricitate \u015fi gaz s\u0103 redevin\u0103 \u015fi s\u0103 <a href=\"https:\/\/www.facebook.com\/hashtag\/r%C4%83m%C3%A2n%C4%83?__eep__=6&amp;__cft__[0]=AZU9ezvFaar4JhpTWgMSSn8WGfhUWsx1OZUnptEinxBcOl6p3R-9U8r12Rr0NkWN2oNbG4K6KjDvyYUK12MKi30bNdpHjtyjq4pfsy9w7RCGXYiMdMiotK6zutvnk6FzUnM&amp;__tn__=*NK-R\">#r\u0103m\u00e2n\u0103<\/a> suportabile pentru popula\u0163ie \u015fi economie, inclusiv iarna viitoare. Trebuie luate rapid m\u0103suri \u00een primul r\u00e2nd pentru consumatorii casnici, pentru infrastructura critic\u0103 (\u0219coli, spitale, institu\u021bii) \u0219i IMM-uri.<\/p>\n\n\n\n<p>Tocmai de aceea, <a href=\"https:\/\/www.facebook.com\/hashtag\/psd?__eep__=6&amp;__cft__[0]=AZU9ezvFaar4JhpTWgMSSn8WGfhUWsx1OZUnptEinxBcOl6p3R-9U8r12Rr0NkWN2oNbG4K6KjDvyYUK12MKi30bNdpHjtyjq4pfsy9w7RCGXYiMdMiotK6zutvnk6FzUnM&amp;__tn__=*NK-R\">#PSD<\/a> sus\u0163ine un mix de solu\u0163ii care s\u0103 includ\u0103 \u015fi <a href=\"https:\/\/www.facebook.com\/hashtag\/reglementarea?__eep__=6&amp;__cft__[0]=AZU9ezvFaar4JhpTWgMSSn8WGfhUWsx1OZUnptEinxBcOl6p3R-9U8r12Rr0NkWN2oNbG4K6KjDvyYUK12MKi30bNdpHjtyjq4pfsy9w7RCGXYiMdMiotK6zutvnk6FzUnM&amp;__tn__=*NK-R\">#reglementarea<\/a>, dar \u015fi m\u0103rirea capacit\u0103\u0163ilor de <a href=\"https:\/\/www.facebook.com\/hashtag\/produc%C5%A3ie?__eep__=6&amp;__cft__[0]=AZU9ezvFaar4JhpTWgMSSn8WGfhUWsx1OZUnptEinxBcOl6p3R-9U8r12Rr0NkWN2oNbG4K6KjDvyYUK12MKi30bNdpHjtyjq4pfsy9w7RCGXYiMdMiotK6zutvnk6FzUnM&amp;__tn__=*NK-R\">#produc\u0163ie<\/a>, astfel \u00eenc\u00e2t <a href=\"https:\/\/www.facebook.com\/hashtag\/rom%C3%A2nia?__eep__=6&amp;__cft__[0]=AZU9ezvFaar4JhpTWgMSSn8WGfhUWsx1OZUnptEinxBcOl6p3R-9U8r12Rr0NkWN2oNbG4K6KjDvyYUK12MKi30bNdpHjtyjq4pfsy9w7RCGXYiMdMiotK6zutvnk6FzUnM&amp;__tn__=*NK-R\">#Rom\u00e2nia<\/a> s\u0103 capete independen\u021b\u0103 energetic\u0103. Iar acest lucru este posibil, \u00een viziunea noastr\u0103, \u00een c\u00e2\u021biva ani. Doar reducerea unor taxe NU va rezolva cauza principal\u0103 a cre\u015fterii pre\u021burilor din domeniul energiei, adic\u0103 <a href=\"https:\/\/www.facebook.com\/hashtag\/liberalizarea?__eep__=6&amp;__cft__[0]=AZU9ezvFaar4JhpTWgMSSn8WGfhUWsx1OZUnptEinxBcOl6p3R-9U8r12Rr0NkWN2oNbG4K6KjDvyYUK12MKi30bNdpHjtyjq4pfsy9w7RCGXYiMdMiotK6zutvnk6FzUnM&amp;__tn__=*NK-R\">#liberalizarea<\/a> haotic\u0103 a pie\u021bei. <\/p>\n\n\n\n<p>De asemenea, <a href=\"https:\/\/www.facebook.com\/hashtag\/psd?__eep__=6&amp;__cft__[0]=AZU9ezvFaar4JhpTWgMSSn8WGfhUWsx1OZUnptEinxBcOl6p3R-9U8r12Rr0NkWN2oNbG4K6KjDvyYUK12MKi30bNdpHjtyjq4pfsy9w7RCGXYiMdMiotK6zutvnk6FzUnM&amp;__tn__=*NK-R\">#PSD<\/a> sus\u0163ine c\u0103, p\u00e2n\u0103 la preg\u0103tirea pie\u021bei de energie cu noile reglement\u0103ri decise de guvern, poate fi prelungit\u0103 perioada de <a href=\"https:\/\/www.facebook.com\/hashtag\/compensare?__eep__=6&amp;__cft__[0]=AZU9ezvFaar4JhpTWgMSSn8WGfhUWsx1OZUnptEinxBcOl6p3R-9U8r12Rr0NkWN2oNbG4K6KjDvyYUK12MKi30bNdpHjtyjq4pfsy9w7RCGXYiMdMiotK6zutvnk6FzUnM&amp;__tn__=*NK-R\">#compensare<\/a> \u0219i dup\u0103 1 aprilie 2022. \u00cens\u0103, sediul reglement\u0103rii \u00een pia\u021ba de energie este la Ministerul Energiei \u0219i nu la ANRE cum a transmis ministrul Virgil Popescu&#8221;- declara\u0163ie deputat PSD de Giurgiu Cristina Elena Dinu.<\/p>\n","protected":false},"excerpt":{"rendered":"<p>&#8222;Ne dorim ca #facturile la electricitate \u015fi gaz s\u0103 redevin\u0103 \u015fi s\u0103 #r\u0103m\u00e2n\u0103 suportabile pentru popula\u0163ie \u015fi economie, inclusiv iarna viitoare. Trebuie luate rapid m\u0103suri \u00een primul r\u00e2nd pentru consumatorii casnici, pentru infrastructura critic\u0103 (\u0219coli, spitale, institu\u021bii) \u0219i IMM-uri. Tocmai de aceea, #PSD sus\u0163ine un mix de solu\u0163ii care s\u0103 includ\u0103 \u015fi #reglementarea, dar \u015fi [&hellip;]<\/p>\n","protected":false},"author":1,"featured_media":77014,"comment_status":"open","ping_status":"open","sticky":false,"template":"","format":"standard","meta":{"slim_seo":{"title":"Deputat Elena Dinu: \"Ne dorim ca facturile la electricitate \u015fi gaz s\u0103 redevin\u0103 \u015fi s\u0103 r\u0103m\u00e2n\u0103 suportabile pentru popula\u0163ie \u015fi economie, inclusiv iarna viitoare!\" - GIURGIU NET","description":"\"Ne dorim ca #facturile la electricitate \u015fi gaz s\u0103 redevin\u0103 \u015fi s\u0103 #r\u0103m\u00e2n\u0103 suportabile pentru popula\u0163ie \u015fi economie, inclusiv iarna viitoare. Trebuie luate rapid"},"footnotes":""},"categories":[18,26,28],"tags":[1025],"class_list":{"0":"post-77013","1":"post","2":"type-post","3":"status-publish","4":"format-standard","5":"has-post-thumbnail","7":"category-actual","8":"category-soc","9":"category-uo","10":"tag-elena-dinu"},"_links":{"self":[{"href":"https:\/\/giurgiu-net.ro\/index.php\/wp-json\/wp\/v2\/posts\/77013","targetHints":{"allow":["GET"]}}],"collection":[{"href":"https:\/\/giurgiu-net.ro\/index.php\/wp-json\/wp\/v2\/posts"}],"about":[{"href":"https:\/\/giurgiu-net.ro\/index.php\/wp-json\/wp\/v2\/types\/post"}],"author":[{"embeddable":true,"href":"https:\/\/giurgiu-net.ro\/index.php\/wp-json\/wp\/v2\/users\/1"}],"replies":[{"embeddable":true,"href":"https:\/\/giurgiu-net.ro\/index.php\/wp-json\/wp\/v2\/comments?post=77013"}],"version-history":[{"count":0,"href":"https:\/\/giurgiu-net.ro\/index.php\/wp-json\/wp\/v2\/posts\/77013\/revisions"}],"wp:featuredmedia":[{"embeddable":true,"href":"https:\/\/giurgiu-net.ro\/index.php\/wp-json\/wp\/v2\/media\/77014"}],"wp:attachment":[{"href":"https:\/\/giurgiu-net.ro\/index.php\/wp-json\/wp\/v2\/media?parent=77013"}],"wp:term":[{"taxonomy":"category","embeddable":true,"href":"https:\/\/giurgiu-net.ro\/index.php\/wp-json\/wp\/v2\/categories?post=77013"},{"taxonomy":"post_tag","embeddable":true,"href":"https:\/\/giurgiu-net.ro\/index.php\/wp-json\/wp\/v2\/tags?post=77013"}],"curies":[{"name":"wp","href":"https:\/\/api.w.org\/{rel}","templated":true}]}}