{"id":76963,"date":"2022-02-21T17:00:04","date_gmt":"2022-02-21T15:00:04","guid":{"rendered":"http:\/\/giurgiu-net.ro\/?p=76963"},"modified":"2022-02-21T17:00:04","modified_gmt":"2022-02-21T15:00:04","slug":"giurgiu-tanarul-social-democrat-dragos-udvuleanu-este-noul-director-al-cancelariei-prefectului-judetului-giurgiu","status":"publish","type":"post","link":"https:\/\/giurgiu-net.ro\/index.php\/2022\/02\/21\/giurgiu-tanarul-social-democrat-dragos-udvuleanu-este-noul-director-al-cancelariei-prefectului-judetului-giurgiu\/","title":{"rendered":"GIURGIU: T\u00e2n\u0103rul social-democrat Drago\u015f Udvuleanu este noul director al cancelariei prefectului jude\u0163ului Giurgiu"},"content":{"rendered":"\n<p>Liderul TSD Giurgiu, Drago\u015f Udvuleanu, a \u00eenceput deja activitatea la cancelaria prefectului Jude\u0163ului Giurgiu, Florentina St\u0103nculescu, \u015fi suntem convin\u015fi c\u0103 va avea un mandat de succes.<\/p>\n\n\n\n<p>Un t\u00e2n\u0103r serios, loial \u015fi ambi\u0163ios, deci dornic s\u0103 \u00eenve\u0163e, \u015fi care s-a remarcat \u00een plan politic local printr-o atitudine corect\u0103 \u015fi de mare bun sim\u0163, Drago\u015f Udvuleanu este absolvent al Facult\u0103\u0163ii de Rela\u0163ii Interna\u0163ionale \u015fi Studii Europene, av\u00e2nd master \u00een Studii de Securitate \u015fi Ap\u0103rare.<\/p>\n\n\n\n<p>El a activat, \u00een ultimii ani, \u00een cadrul Camerei Deputa\u0163ilor.<\/p>\n\n\n\n<p>Drago\u015f Udvuleanu \u00eel \u00eenlocuie\u015fte \u00een func\u0163ia de \u015fef al cancelariei prefectului pe liberalul Vasile Must\u0103\u0163ea.<\/p>\n\n\n\n<p>\u00cei dorim \u015fi noi mult succes \u00een activitate!<\/p>\n","protected":false},"excerpt":{"rendered":"<p>Liderul TSD Giurgiu, Drago\u015f Udvuleanu, a \u00eenceput deja activitatea la cancelaria prefectului Jude\u0163ului Giurgiu, Florentina St\u0103nculescu, \u015fi suntem convin\u015fi c\u0103 va avea un mandat de succes. Un t\u00e2n\u0103r serios, loial \u015fi ambi\u0163ios, deci dornic s\u0103 \u00eenve\u0163e, \u015fi care s-a remarcat \u00een plan politic local printr-o atitudine corect\u0103 \u015fi de mare bun sim\u0163, Drago\u015f Udvuleanu este [&hellip;]<\/p>\n","protected":false},"author":1,"featured_media":76964,"comment_status":"open","ping_status":"open","sticky":false,"template":"","format":"standard","meta":{"slim_seo":{"title":"GIURGIU: T\u00e2n\u0103rul social-democrat Drago\u015f Udvuleanu este noul director al cancelariei prefectului jude\u0163ului Giurgiu - GIURGIU NET","description":"Liderul TSD Giurgiu, Drago\u015f Udvuleanu, a \u00eenceput deja activitatea la cancelaria prefectului Jude\u0163ului Giurgiu, Florentina St\u0103nculescu, \u015fi suntem convin\u015fi c\u0103 va"},"footnotes":""},"categories":[18,19,25,28],"tags":[966,2666],"class_list":{"0":"post-76963","1":"post","2":"type-post","3":"status-publish","4":"format-standard","5":"has-post-thumbnail","7":"category-actual","8":"category-adm","9":"category-pol","10":"category-uo","11":"tag-dragos-udvuleanu-2","12":"tag-tsd-giurgiu"},"_links":{"self":[{"href":"https:\/\/giurgiu-net.ro\/index.php\/wp-json\/wp\/v2\/posts\/76963","targetHints":{"allow":["GET"]}}],"collection":[{"href":"https:\/\/giurgiu-net.ro\/index.php\/wp-json\/wp\/v2\/posts"}],"about":[{"href":"https:\/\/giurgiu-net.ro\/index.php\/wp-json\/wp\/v2\/types\/post"}],"author":[{"embeddable":true,"href":"https:\/\/giurgiu-net.ro\/index.php\/wp-json\/wp\/v2\/users\/1"}],"replies":[{"embeddable":true,"href":"https:\/\/giurgiu-net.ro\/index.php\/wp-json\/wp\/v2\/comments?post=76963"}],"version-history":[{"count":0,"href":"https:\/\/giurgiu-net.ro\/index.php\/wp-json\/wp\/v2\/posts\/76963\/revisions"}],"wp:featuredmedia":[{"embeddable":true,"href":"https:\/\/giurgiu-net.ro\/index.php\/wp-json\/wp\/v2\/media\/76964"}],"wp:attachment":[{"href":"https:\/\/giurgiu-net.ro\/index.php\/wp-json\/wp\/v2\/media?parent=76963"}],"wp:term":[{"taxonomy":"category","embeddable":true,"href":"https:\/\/giurgiu-net.ro\/index.php\/wp-json\/wp\/v2\/categories?post=76963"},{"taxonomy":"post_tag","embeddable":true,"href":"https:\/\/giurgiu-net.ro\/index.php\/wp-json\/wp\/v2\/tags?post=76963"}],"curies":[{"name":"wp","href":"https:\/\/api.w.org\/{rel}","templated":true}]}}