{"id":76961,"date":"2022-02-21T16:00:21","date_gmt":"2022-02-21T14:00:21","guid":{"rendered":"http:\/\/giurgiu-net.ro\/?p=76961"},"modified":"2022-02-21T16:00:21","modified_gmt":"2022-02-21T14:00:21","slug":"deputat-marian-mina-psd-propune-plafonarea-pe-6-luni-a-politelor-rca","status":"publish","type":"post","link":"https:\/\/giurgiu-net.ro\/index.php\/2022\/02\/21\/deputat-marian-mina-psd-propune-plafonarea-pe-6-luni-a-politelor-rca\/","title":{"rendered":"Deputat Marian Mina: PSD propune plafonarea pe 6 luni a poli\u0163elor RCA"},"content":{"rendered":"\n<p>&#8222;Pentru milioane de rom\u00e2ni a devenit o povar\u0103 \u015fi poli\u0163a de R\u0103spundere Civil\u0103 Auto. <a href=\"https:\/\/www.facebook.com\/hashtag\/psd?__eep__=6&amp;__cft__[0]=AZWbuYf4jEPd0p6io14Q3K_1YaoQUQVFBmLSAKbwhQvOijA50XpkZwJPLe8IuJ3PAjP7ft78up_MZ0Mm2O4JKldGih4hN2YovCTdl0x8V2EtAKsIxf4ZvOSqhxz_ftlnu3e5moNBA-mKIF5xlJFIgYRmQanxsmwu_gErdVLONERSQmiqYAvZckDv7iZPUVut9IynbUOWy2T10RhED2_IO-P5VQcj1luO1Ao20OQWv7jPnA&amp;__tn__=*NK-y-R\">#PSD<\/a> vine \u015fi \u00een sprijinul acestora, astfel c\u0103 ministrul Finan\u0163elor a propus guvernului o solu\u0163ie util\u0103: PLAFONAREA pe 6 luni a poli\u0163elor RCA, la nivelul tarifelor de referin\u0163\u0103. <\/p>\n\n\n\n<p>Vor fi 8,5 milioane de transportatori, respectiv ceilal\u0163i posesori de autoturism care vor beneficia de aceast\u0103 m\u0103sur\u0103.Proiectul de HG a fost deja pus \u00een transparen\u021b\u0103 pe site-ul Ministerului Finan\u021belor. <\/p>\n\n\n\n<p>Ministrul Adrian C\u00e2ciu a decis promovarea acestei hot\u0103r\u00e2ri de guvern \u00eempreun\u0103 cu Autoritatea de Supraveghere Financiar\u0103 \u0219i \u00een urma dialogului cu transportatorii \u0219i Consiliul Concuren\u021bei&#8221;- pre\u015fedinte PSD Giurgiu, deputat Marian Mina.<\/p>\n","protected":false},"excerpt":{"rendered":"<p>&#8222;Pentru milioane de rom\u00e2ni a devenit o povar\u0103 \u015fi poli\u0163a de R\u0103spundere Civil\u0103 Auto. #PSD vine \u015fi \u00een sprijinul acestora, astfel c\u0103 ministrul Finan\u0163elor a propus guvernului o solu\u0163ie util\u0103: PLAFONAREA pe 6 luni a poli\u0163elor RCA, la nivelul tarifelor de referin\u0163\u0103. Vor fi 8,5 milioane de transportatori, respectiv ceilal\u0163i posesori de autoturism care vor [&hellip;]<\/p>\n","protected":false},"author":1,"featured_media":76097,"comment_status":"open","ping_status":"open","sticky":false,"template":"","format":"standard","meta":{"slim_seo":{"title":"Deputat Marian Mina: PSD propune plafonarea pe 6 luni a poli\u0163elor RCA - GIURGIU NET","description":"\"Pentru milioane de rom\u00e2ni a devenit o povar\u0103 \u015fi poli\u0163a de R\u0103spundere Civil\u0103 Auto. #PSD vine \u015fi \u00een sprijinul acestora, astfel c\u0103 ministrul Finan\u0163elor a propus g"},"footnotes":""},"categories":[18,19,25,26,28],"tags":[1626],"class_list":{"0":"post-76961","1":"post","2":"type-post","3":"status-publish","4":"format-standard","5":"has-post-thumbnail","7":"category-actual","8":"category-adm","9":"category-pol","10":"category-soc","11":"category-uo","12":"tag-marian-mina"},"_links":{"self":[{"href":"https:\/\/giurgiu-net.ro\/index.php\/wp-json\/wp\/v2\/posts\/76961","targetHints":{"allow":["GET"]}}],"collection":[{"href":"https:\/\/giurgiu-net.ro\/index.php\/wp-json\/wp\/v2\/posts"}],"about":[{"href":"https:\/\/giurgiu-net.ro\/index.php\/wp-json\/wp\/v2\/types\/post"}],"author":[{"embeddable":true,"href":"https:\/\/giurgiu-net.ro\/index.php\/wp-json\/wp\/v2\/users\/1"}],"replies":[{"embeddable":true,"href":"https:\/\/giurgiu-net.ro\/index.php\/wp-json\/wp\/v2\/comments?post=76961"}],"version-history":[{"count":0,"href":"https:\/\/giurgiu-net.ro\/index.php\/wp-json\/wp\/v2\/posts\/76961\/revisions"}],"wp:featuredmedia":[{"embeddable":true,"href":"https:\/\/giurgiu-net.ro\/index.php\/wp-json\/wp\/v2\/media\/76097"}],"wp:attachment":[{"href":"https:\/\/giurgiu-net.ro\/index.php\/wp-json\/wp\/v2\/media?parent=76961"}],"wp:term":[{"taxonomy":"category","embeddable":true,"href":"https:\/\/giurgiu-net.ro\/index.php\/wp-json\/wp\/v2\/categories?post=76961"},{"taxonomy":"post_tag","embeddable":true,"href":"https:\/\/giurgiu-net.ro\/index.php\/wp-json\/wp\/v2\/tags?post=76961"}],"curies":[{"name":"wp","href":"https:\/\/api.w.org\/{rel}","templated":true}]}}