{"id":76938,"date":"2022-02-17T13:40:53","date_gmt":"2022-02-17T11:40:53","guid":{"rendered":"http:\/\/giurgiu-net.ro\/?p=76938"},"modified":"2022-02-17T13:40:53","modified_gmt":"2022-02-17T11:40:53","slug":"deputat-marian-mina-pnrr-ul-agriculturii-romanesti-a-fost-elaborat-in-timp-record-si-in-deplina-transparenta-si-colaborare-cu-partenerii-sociali-de-catre-ministrul-psd-al-agricultur","status":"publish","type":"post","link":"https:\/\/giurgiu-net.ro\/index.php\/2022\/02\/17\/deputat-marian-mina-pnrr-ul-agriculturii-romanesti-a-fost-elaborat-in-timp-record-si-in-deplina-transparenta-si-colaborare-cu-partenerii-sociali-de-catre-ministrul-psd-al-agricultur\/","title":{"rendered":"Deputat Marian Mina: \u201ePNRR\u201d-ul agriculturii rom\u00e2ne\u015fti a fost elaborat \u00een timp record \u015fi \u00een deplin\u0103 transparen\u0163\u0103 \u015fi colaborare cu partenerii sociali de c\u0103tre ministrul PSD al Agriculturii"},"content":{"rendered":"\n<p><img loading=\"lazy\" decoding=\"async\" height=\"16\" width=\"16\" alt=\"\u2714\ufe0f\" src=\"https:\/\/www.facebook.com\/images\/emoji.php\/v9\/t51\/1\/16\/2714.png\"\/> 15,8 miliarde de euro pentru <a href=\"https:\/\/www.facebook.com\/hashtag\/agricultur%C4%83?__eep__=6&amp;__cft__[0]=AZVsJLYl_GTlRCLYrB-8gTPo5zuKk8t15KM177FT31xEzR788mGfQZ3qfSKhHQc4dYbBodqNwCBF5TiG-wsxLQAZw6u3L7b5I5wXW_ANOmz5mcdCuypkJ_EQfZiXxMohde1BTnMIzv3IKXzhLDqWOdcg&amp;__tn__=*NK-R\">#AGRICULTUR\u0102<\/a>, prin Planul Na\u0163ional Strategic(PNS) &#8211; un proiect fundamental pentru dezvoltarea agriculturii rom\u00e2ne\u0219ti \u00een perioada 2023-2027. <\/p>\n\n\n\n<p>\u201ePNRR\u201d-ul agriculturii rom\u00e2ne\u015fti a fost elaborat \u00een timp record \u015fi \u00een deplin\u0103 transparen\u0163\u0103 \u015fi colaborare cu partenerii sociali de c\u0103tre ministrul <a href=\"https:\/\/www.facebook.com\/hashtag\/psd?__eep__=6&amp;__cft__[0]=AZVsJLYl_GTlRCLYrB-8gTPo5zuKk8t15KM177FT31xEzR788mGfQZ3qfSKhHQc4dYbBodqNwCBF5TiG-wsxLQAZw6u3L7b5I5wXW_ANOmz5mcdCuypkJ_EQfZiXxMohde1BTnMIzv3IKXzhLDqWOdcg&amp;__tn__=*NK-R\">#PSD<\/a> al Agriculturii. Printre cele mai importante prevederi ale PNS:<\/p>\n\n\n\n<p><img loading=\"lazy\" decoding=\"async\" height=\"16\" width=\"16\" alt=\"\u25fe\ufe0f\" src=\"https:\/\/www.facebook.com\/images\/emoji.php\/v9\/t6b\/1\/16\/25fe.png\"\/> Sprijin pentru gospod\u0103riile tradi\u021bionale, cu suprafe\u021be de p\u00e2n\u0103 la 10 ha teren arabil.<\/p>\n\n\n\n<p><img loading=\"lazy\" decoding=\"async\" height=\"16\" width=\"16\" alt=\"\u25fe\ufe0f\" src=\"https:\/\/www.facebook.com\/images\/emoji.php\/v9\/t6b\/1\/16\/25fe.png\"\/> Sprijin pentru tinerii fermieri. Valoarea maxim\u0103 70.000 euro\/proiect<\/p>\n\n\n\n<p><img loading=\"lazy\" decoding=\"async\" height=\"16\" width=\"16\" alt=\"\u25fe\ufe0f\" src=\"https:\/\/www.facebook.com\/images\/emoji.php\/v9\/t6b\/1\/16\/25fe.png\"\/> Sus\u021binerea ini\u021biativelor care modernizeaz\u0103 \u0219i aduc plusvaloare industriei alimentare; p\u00e2n\u0103 la 15 milioane de euro\/proiect \u00een cazul investi\u021biilor noi \u0219i 3 milioane pentru modernizarea unit\u0103\u021bilor existente;<\/p>\n\n\n\n<p><img loading=\"lazy\" decoding=\"async\" height=\"16\" width=\"16\" alt=\"\u25fe\ufe0f\" src=\"https:\/\/www.facebook.com\/images\/emoji.php\/v9\/t6b\/1\/16\/25fe.png\"\/> Sprijinirea consistent\u0103 \u0219i diversificat\u0103 a sectorului zootehnic<\/p>\n\n\n\n<p><img loading=\"lazy\" decoding=\"async\" height=\"16\" width=\"16\" alt=\"\u25fe\ufe0f\" src=\"https:\/\/www.facebook.com\/images\/emoji.php\/v9\/t6b\/1\/16\/25fe.png\"\/> Crearea unui instrument pentru protejarea \u0219i desp\u0103gubirea fermierilor afecta\u021bi de pierderi ale produc\u021biei<\/p>\n\n\n\n<p><img loading=\"lazy\" decoding=\"async\" height=\"16\" width=\"16\" alt=\"\u25fe\ufe0f\" src=\"https:\/\/www.facebook.com\/images\/emoji.php\/v9\/t6b\/1\/16\/25fe.png\"\/> Scheme de ajutor de stat pentru investi\u021bii ce reduc poluarea, utilizeaz\u0103\/valorific\u0103 energie \u201dverde\u201d, curat\u0103<\/p>\n\n\n\n<p><img loading=\"lazy\" decoding=\"async\" height=\"16\" width=\"16\" alt=\"\u25fe\ufe0f\" src=\"https:\/\/www.facebook.com\/images\/emoji.php\/v9\/t6b\/1\/16\/25fe.png\"\/> Dezvoltarea infrastructurii-drumuri comunale \u0219i drumuri agricole.<\/p>\n\n\n\n<p><img loading=\"lazy\" decoding=\"async\" height=\"16\" width=\"16\" alt=\"\u2714\ufe0f\" src=\"https:\/\/www.facebook.com\/images\/emoji.php\/v9\/t51\/1\/16\/2714.png\"\/> Planul Na\u0163ional Strategic r\u0103spunde nevoilor sistemice ale <a href=\"https:\/\/www.facebook.com\/hashtag\/fermierilor?__eep__=6&amp;__cft__[0]=AZVsJLYl_GTlRCLYrB-8gTPo5zuKk8t15KM177FT31xEzR788mGfQZ3qfSKhHQc4dYbBodqNwCBF5TiG-wsxLQAZw6u3L7b5I5wXW_ANOmz5mcdCuypkJ_EQfZiXxMohde1BTnMIzv3IKXzhLDqWOdcg&amp;__tn__=*NK-R\">#fermierilor<\/a> \u0219i satului rom\u00e2nesc \u0219i NU umfl\u0103 conturile \u0219i buzunarele consultan\u021bilor. A\u015fadar, nu exist\u0103 sume aberante pentru consultan\u021b\u0103 \u00een PNS, a\u0219a cum a pus USR-istul Ghinea \u00een PNRR!Detalii despre Planul Na\u0163ional Strategic: <a rel=\"noreferrer noopener\" href=\"https:\/\/l.facebook.com\/l.php?u=https%3A%2F%2Fwww.madr.ro%2Fdezvoltare-rurala.html%3Ffbclid%3DIwAR3XRyoCgqJpms3v04T9LrZkK-NJnaqBY7kHKgDRC-PWebq5ChJxXunMfJw&amp;h=AT38Py0TtTn1LcknchJcu-Z_mPmnW0mskIVn_jVtRP4aDGrKRcxl4V1302StjdjLg4-FdzISwjq0LsK6XhwycQAlqyo7E_Qu7gkN2rQ3rR4sAoCurmnzTEb9zed4tDLRkxku&amp;__tn__=-UK-R&amp;c[0]=AT3bzox0D1T5iGjvMLktcs3eCNdJmoPTq5YQNb3yxdlyyMfWWeOdkou8g0xF7R_aKQ5yFJNmZ5nbXFqHW_8qRf5PnwRhvblFsd-BEP5QWmnk_hydHv-ddSeRUuCV322128z3h-HCOpSqj2Y8Qq1ZjoUTu3Z-MOLcku3wUJ2940xvjQ\" target=\"_blank\">https:\/\/www.madr.ro\/dezvoltare-rurala.html<\/a><\/p>\n\n\n\n<figure class=\"wp-block-image size-full\"><img loading=\"lazy\" decoding=\"async\" width=\"1201\" height=\"800\" src=\"https:\/\/giurgiu-net.ro\/wp-content\/uploads\/2022\/02\/PLAN-STRATEGIC-AGRIC.jpg\" alt=\"\" class=\"wp-image-76939\" srcset=\"https:\/\/giurgiu-net.ro\/wp-content\/uploads\/2022\/02\/PLAN-STRATEGIC-AGRIC.jpg 1201w, https:\/\/giurgiu-net.ro\/wp-content\/uploads\/2022\/02\/PLAN-STRATEGIC-AGRIC-300x200.jpg 300w, https:\/\/giurgiu-net.ro\/wp-content\/uploads\/2022\/02\/PLAN-STRATEGIC-AGRIC-1024x682.jpg 1024w, https:\/\/giurgiu-net.ro\/wp-content\/uploads\/2022\/02\/PLAN-STRATEGIC-AGRIC-768x512.jpg 768w, https:\/\/giurgiu-net.ro\/wp-content\/uploads\/2022\/02\/PLAN-STRATEGIC-AGRIC-696x464.jpg 696w, https:\/\/giurgiu-net.ro\/wp-content\/uploads\/2022\/02\/PLAN-STRATEGIC-AGRIC-1068x711.jpg 1068w\" sizes=\"auto, (max-width: 1201px) 100vw, 1201px\" \/><\/figure>\n\n\n\n<p>Declara\u0163ie pre\u015fedinte PSD Giurgiu, deputat Marian Mina<\/p>\n","protected":false},"excerpt":{"rendered":"<p>15,8 miliarde de euro pentru #AGRICULTUR\u0102, prin Planul Na\u0163ional Strategic(PNS) &#8211; un proiect fundamental pentru dezvoltarea agriculturii rom\u00e2ne\u0219ti \u00een perioada 2023-2027. \u201ePNRR\u201d-ul agriculturii rom\u00e2ne\u015fti a fost elaborat \u00een timp record \u015fi \u00een deplin\u0103 transparen\u0163\u0103 \u015fi colaborare cu partenerii sociali de c\u0103tre ministrul #PSD al Agriculturii. Printre cele mai importante prevederi ale PNS: Sprijin pentru gospod\u0103riile [&hellip;]<\/p>\n","protected":false},"author":1,"featured_media":70917,"comment_status":"open","ping_status":"open","sticky":false,"template":"","format":"standard","meta":{"slim_seo":{"title":"Deputat Marian Mina: \u201ePNRR\u201d-ul agriculturii rom\u00e2ne\u015fti a fost elaborat \u00een timp record \u015fi \u00een deplin\u0103 transparen\u0163\u0103 \u015fi colaborare cu partenerii sociali de c\u0103tre ministrul PSD al Agriculturii - GIURGIU NET","description":"15,8 miliarde de euro pentru #AGRICULTUR\u0102 , prin Planul Na\u0163ional Strategic(PNS) - un proiect fundamental pentru dezvoltarea agriculturii rom\u00e2ne\u0219ti \u00een perioada 2"},"footnotes":""},"categories":[18,19,25,26,28],"tags":[1626],"class_list":{"0":"post-76938","1":"post","2":"type-post","3":"status-publish","4":"format-standard","5":"has-post-thumbnail","7":"category-actual","8":"category-adm","9":"category-pol","10":"category-soc","11":"category-uo","12":"tag-marian-mina"},"_links":{"self":[{"href":"https:\/\/giurgiu-net.ro\/index.php\/wp-json\/wp\/v2\/posts\/76938","targetHints":{"allow":["GET"]}}],"collection":[{"href":"https:\/\/giurgiu-net.ro\/index.php\/wp-json\/wp\/v2\/posts"}],"about":[{"href":"https:\/\/giurgiu-net.ro\/index.php\/wp-json\/wp\/v2\/types\/post"}],"author":[{"embeddable":true,"href":"https:\/\/giurgiu-net.ro\/index.php\/wp-json\/wp\/v2\/users\/1"}],"replies":[{"embeddable":true,"href":"https:\/\/giurgiu-net.ro\/index.php\/wp-json\/wp\/v2\/comments?post=76938"}],"version-history":[{"count":0,"href":"https:\/\/giurgiu-net.ro\/index.php\/wp-json\/wp\/v2\/posts\/76938\/revisions"}],"wp:featuredmedia":[{"embeddable":true,"href":"https:\/\/giurgiu-net.ro\/index.php\/wp-json\/wp\/v2\/media\/70917"}],"wp:attachment":[{"href":"https:\/\/giurgiu-net.ro\/index.php\/wp-json\/wp\/v2\/media?parent=76938"}],"wp:term":[{"taxonomy":"category","embeddable":true,"href":"https:\/\/giurgiu-net.ro\/index.php\/wp-json\/wp\/v2\/categories?post=76938"},{"taxonomy":"post_tag","embeddable":true,"href":"https:\/\/giurgiu-net.ro\/index.php\/wp-json\/wp\/v2\/tags?post=76938"}],"curies":[{"name":"wp","href":"https:\/\/api.w.org\/{rel}","templated":true}]}}