{"id":76933,"date":"2022-02-17T13:36:20","date_gmt":"2022-02-17T11:36:20","guid":{"rendered":"http:\/\/giurgiu-net.ro\/?p=76933"},"modified":"2022-02-17T13:36:20","modified_gmt":"2022-02-17T11:36:20","slug":"deputat-elena-dinu-combaterea-pandemiei-si-salvarea-vietilor-romanilor-nu-se-aflau-printre-preocuparile-fostilor-ministri-usr-ai-sanatatii-ci-voiau-doar-sa-si-traga-multi-cat-mai-multi-bani-din-p","status":"publish","type":"post","link":"https:\/\/giurgiu-net.ro\/index.php\/2022\/02\/17\/deputat-elena-dinu-combaterea-pandemiei-si-salvarea-vietilor-romanilor-nu-se-aflau-printre-preocuparile-fostilor-ministri-usr-ai-sanatatii-ci-voiau-doar-sa-si-traga-multi-cat-mai-multi-bani-din-p\/","title":{"rendered":"Deputat Elena Dinu: &#8222;Combaterea pandemiei \u0219i salvarea vie\u021bilor rom\u00e2nilor nu se aflau printre preocup\u0103rile fo\u0219tilor mini\u0219tri USR ai s\u0103n\u0103t\u0103\u021bii, ci voiau doar s\u0103-\u015fi trag\u0103 mul\u0163i, c\u00e2t mai mul\u0163i bani din PNRR&#8221;"},"content":{"rendered":"\n<p>&#8222;\u00cenc\u0103 de c\u00e2nd s-a vorbit despre \u00eenfiin\u0163area Agen\u0163iei Na\u0163ionale pentru Investi\u0163ii \u00een S\u0103n\u0103tate(ANIS), am spus c\u0103 aceasta avea ca principal <a href=\"https:\/\/www.facebook.com\/hashtag\/scop?__eep__=6&amp;__cft__[0]=AZU1TsPph0_0gyxW3I6dMC_yC0OKzlow8j0FbAGFgJt5Q7g3dmB-SJ4FDP5CcLhtcBkz0z4cxG3pMtZHOGPH-CIHZXizNr8C8PSOUqsqQFg2Sf6cjERtQftxFI83S9NPPgI&amp;__tn__=*NK-R\">#scop<\/a> umplerea cu bani a buzunarelor USR-iste. De altfel, aceast\u0103 Agen\u0163ie a devenit chiar m\u0103rul discordiei \u00een fostul guvern de dreapta \u015fi, sup\u0103ra\u0163i c\u0103 nu le-a ie\u015fit pasen\u0163a, cei de la USR \u015fi-au luat juc\u0103riile \u015fi s-au cuib\u0103rit \u00een opozi\u0163ie, arunc\u00e2nd \u0163ara \u00eentr-un <a href=\"https:\/\/www.facebook.com\/hashtag\/haos?__eep__=6&amp;__cft__[0]=AZU1TsPph0_0gyxW3I6dMC_yC0OKzlow8j0FbAGFgJt5Q7g3dmB-SJ4FDP5CcLhtcBkz0z4cxG3pMtZHOGPH-CIHZXizNr8C8PSOUqsqQFg2Sf6cjERtQftxFI83S9NPPgI&amp;__tn__=*NK-R\">#haos<\/a> total.<\/p>\n\n\n\n<p>S-a dovedit c\u0103 am avut dreptate! Proiectul ANIS, finan\u0163at prin PNRR, are prev\u0103zute 5 milioane de euro pentru func\u021bionarea propriu-zis\u0103 \u0219i, ATEN\u0162IE, 25 de milioane de euro pentru <a href=\"https:\/\/www.facebook.com\/hashtag\/consultan%C8%9B%C4%83?__eep__=6&amp;__cft__[0]=AZU1TsPph0_0gyxW3I6dMC_yC0OKzlow8j0FbAGFgJt5Q7g3dmB-SJ4FDP5CcLhtcBkz0z4cxG3pMtZHOGPH-CIHZXizNr8C8PSOUqsqQFg2Sf6cjERtQftxFI83S9NPPgI&amp;__tn__=*NK-R\">#consultan\u021b\u0103<\/a>, conform celor declarate de ministrul Alexandru Rafila.<\/p>\n\n\n\n<p>Adic\u0103, suma pentru consultan\u0163\u0103 este de 5 ori mai mare dec\u00e2t valoarea proiectului \u00een sine. Incredibil cum \u00ee\u015fi preg\u0103tiser\u0103 terenul b\u0103ie\u0163ii de la USR!<\/p>\n\n\n\n<p><a href=\"https:\/\/www.facebook.com\/hashtag\/combaterea?__eep__=6&amp;__cft__[0]=AZU1TsPph0_0gyxW3I6dMC_yC0OKzlow8j0FbAGFgJt5Q7g3dmB-SJ4FDP5CcLhtcBkz0z4cxG3pMtZHOGPH-CIHZXizNr8C8PSOUqsqQFg2Sf6cjERtQftxFI83S9NPPgI&amp;__tn__=*NK-R\">#Combaterea<\/a> pandemiei \u0219i <a href=\"https:\/\/www.facebook.com\/hashtag\/salvarea?__eep__=6&amp;__cft__[0]=AZU1TsPph0_0gyxW3I6dMC_yC0OKzlow8j0FbAGFgJt5Q7g3dmB-SJ4FDP5CcLhtcBkz0z4cxG3pMtZHOGPH-CIHZXizNr8C8PSOUqsqQFg2Sf6cjERtQftxFI83S9NPPgI&amp;__tn__=*NK-R\">#salvarea<\/a> vie\u021bilor rom\u00e2nilor nu se aflau printre preocup\u0103rile fo\u0219tilor mini\u0219tri USR ai s\u0103n\u0103t\u0103\u021bii, ci voiau doar s\u0103-\u015fi trag\u0103 mul\u0163i, c\u00e2t mai mul\u0163i bani din PNRR prin firmele lor sau cele ale apropia\u0163ilor, chiar \u0219i din fondurile destinate investi\u0163iilor din domeniul sanitar. Sigur c\u0103, din aceast\u0103 pricin\u0103 ,,nu au mai avut timp\u201d s\u0103 preg\u0103teasc\u0103 valul 4, s\u0103 asigure testarea masiv\u0103 a populatiei, achizi\u0163ionarea medicamentelor necesare \u0219i preg\u0103tirea spitalelor.<\/p>\n\n\n\n<p>Iar iresponsabilitatea lor s-a tradus prin <a href=\"https:\/\/www.facebook.com\/hashtag\/pierderea?__eep__=6&amp;__cft__[0]=AZU1TsPph0_0gyxW3I6dMC_yC0OKzlow8j0FbAGFgJt5Q7g3dmB-SJ4FDP5CcLhtcBkz0z4cxG3pMtZHOGPH-CIHZXizNr8C8PSOUqsqQFg2Sf6cjERtQftxFI83S9NPPgI&amp;__tn__=*NK-R\">#pierderea<\/a> a zeci de mii de vie\u0163i omene\u015fti. F\u0103r\u0103 importan\u021b\u0103, de altfel, \u00een compara\u021bie cu <a href=\"https:\/\/www.facebook.com\/hashtag\/milioanele?__eep__=6&amp;__cft__[0]=AZU1TsPph0_0gyxW3I6dMC_yC0OKzlow8j0FbAGFgJt5Q7g3dmB-SJ4FDP5CcLhtcBkz0z4cxG3pMtZHOGPH-CIHZXizNr8C8PSOUqsqQFg2Sf6cjERtQftxFI83S9NPPgI&amp;__tn__=*NK-R\">#milioanele<\/a> de euro care ar fi trebuit s\u0103 le intre \u00een buzunare!&#8221;- declara\u0163ie deputat PSD de Giurgiu Cristina Elena Dinu.<\/p>\n","protected":false},"excerpt":{"rendered":"<p>&#8222;\u00cenc\u0103 de c\u00e2nd s-a vorbit despre \u00eenfiin\u0163area Agen\u0163iei Na\u0163ionale pentru Investi\u0163ii \u00een S\u0103n\u0103tate(ANIS), am spus c\u0103 aceasta avea ca principal #scop umplerea cu bani a buzunarelor USR-iste. De altfel, aceast\u0103 Agen\u0163ie a devenit chiar m\u0103rul discordiei \u00een fostul guvern de dreapta \u015fi, sup\u0103ra\u0163i c\u0103 nu le-a ie\u015fit pasen\u0163a, cei de la USR \u015fi-au luat juc\u0103riile [&hellip;]<\/p>\n","protected":false},"author":1,"featured_media":76934,"comment_status":"open","ping_status":"open","sticky":false,"template":"","format":"standard","meta":{"slim_seo":{"title":"Deputat Elena Dinu: \"Combaterea pandemiei \u0219i salvarea vie\u021bilor rom\u00e2nilor nu se aflau printre preocup\u0103rile fo\u0219tilor mini\u0219tri USR ai s\u0103n\u0103t\u0103\u021bii, ci voiau doar s\u0103-\u015fi trag\u0103 mul\u0163i, c\u00e2t mai mul\u0163i bani din PNRR\" - GIURGIU NET","description":"\"\u00cenc\u0103 de c\u00e2nd s-a vorbit despre \u00eenfiin\u0163area Agen\u0163iei Na\u0163ionale pentru Investi\u0163ii \u00een S\u0103n\u0103tate(ANIS), am spus c\u0103 aceasta avea ca principal #scop umplerea cu bani"},"footnotes":""},"categories":[18,25,26,28],"tags":[1025],"class_list":{"0":"post-76933","1":"post","2":"type-post","3":"status-publish","4":"format-standard","5":"has-post-thumbnail","7":"category-actual","8":"category-pol","9":"category-soc","10":"category-uo","11":"tag-elena-dinu"},"_links":{"self":[{"href":"https:\/\/giurgiu-net.ro\/index.php\/wp-json\/wp\/v2\/posts\/76933","targetHints":{"allow":["GET"]}}],"collection":[{"href":"https:\/\/giurgiu-net.ro\/index.php\/wp-json\/wp\/v2\/posts"}],"about":[{"href":"https:\/\/giurgiu-net.ro\/index.php\/wp-json\/wp\/v2\/types\/post"}],"author":[{"embeddable":true,"href":"https:\/\/giurgiu-net.ro\/index.php\/wp-json\/wp\/v2\/users\/1"}],"replies":[{"embeddable":true,"href":"https:\/\/giurgiu-net.ro\/index.php\/wp-json\/wp\/v2\/comments?post=76933"}],"version-history":[{"count":0,"href":"https:\/\/giurgiu-net.ro\/index.php\/wp-json\/wp\/v2\/posts\/76933\/revisions"}],"wp:featuredmedia":[{"embeddable":true,"href":"https:\/\/giurgiu-net.ro\/index.php\/wp-json\/wp\/v2\/media\/76934"}],"wp:attachment":[{"href":"https:\/\/giurgiu-net.ro\/index.php\/wp-json\/wp\/v2\/media?parent=76933"}],"wp:term":[{"taxonomy":"category","embeddable":true,"href":"https:\/\/giurgiu-net.ro\/index.php\/wp-json\/wp\/v2\/categories?post=76933"},{"taxonomy":"post_tag","embeddable":true,"href":"https:\/\/giurgiu-net.ro\/index.php\/wp-json\/wp\/v2\/tags?post=76933"}],"curies":[{"name":"wp","href":"https:\/\/api.w.org\/{rel}","templated":true}]}}