{"id":76925,"date":"2022-02-16T12:49:28","date_gmt":"2022-02-16T10:49:28","guid":{"rendered":"http:\/\/giurgiu-net.ro\/?p=76925"},"modified":"2022-02-16T12:49:28","modified_gmt":"2022-02-16T10:49:28","slug":"deputat-marian-mina-psd-a-intrat-la-guvernare-ca-sa-contribuie-la-rezolvarea-crizelor-si-nu-sa-se-certe-cu-partenerii-de-coalitie","status":"publish","type":"post","link":"https:\/\/giurgiu-net.ro\/index.php\/2022\/02\/16\/deputat-marian-mina-psd-a-intrat-la-guvernare-ca-sa-contribuie-la-rezolvarea-crizelor-si-nu-sa-se-certe-cu-partenerii-de-coalitie\/","title":{"rendered":"Deputat Marian Mina: &#8222;PSD a intrat la guvernare ca s\u0103 contribuie la rezolvarea crizelor \u015fi NU s\u0103 se certe cu partenerii de coali\u0163ie!&#8221;"},"content":{"rendered":"\n<p><img loading=\"lazy\" decoding=\"async\" height=\"16\" width=\"16\" alt=\"\u2611\ufe0f\" src=\"https:\/\/static.xx.fbcdn.net\/images\/emoji.php\/v9\/t8d\/1\/16\/2611.png\"\/><a href=\"https:\/\/www.facebook.com\/hashtag\/psd?__eep__=6&amp;__cft__[0]=AZU5DC4R0D8OvKSA1-6nAcyHPi-KentcmcayYAd-tCvjCIPvFn-o-xrVNXgeBaxohr7jI9onX1RlnPQXdbEDOr-4hhxXQ1xRNhrBACjZ3BBcTzl4NrmiBsnBet3F_Rh_EHkbzdyWYRfNERL2VkKo7CIr&amp;__tn__=*NK-R\">#PSD<\/a> a intrat la guvernare ca s\u0103 contribuie la REZOLVAREA crizelor \u015fi NU ca s\u0103 se certe cu partenerii de coali\u021bie! De aceea, sus\u0163inem orice m\u0103sur\u0103 de combatere a scumpirilor excesive ale energiei, fie c\u0103 vorbim despre reducerea TVA, despre eliminarea certificatelor verzi, despre plafonare, compensare sau reglementare.<\/p>\n\n\n\n<p><img loading=\"lazy\" decoding=\"async\" height=\"16\" width=\"16\" alt=\"?\" src=\"https:\/\/static.xx.fbcdn.net\/images\/emoji.php\/v9\/t60\/1\/16\/1f51d.png\"\/> Cel mai important este ca oamenii \u015fi companiile s\u0103-\u015fi poat\u0103 achita facturile, iar pentru <a href=\"https:\/\/www.facebook.com\/hashtag\/economie?__eep__=6&amp;__cft__[0]=AZU5DC4R0D8OvKSA1-6nAcyHPi-KentcmcayYAd-tCvjCIPvFn-o-xrVNXgeBaxohr7jI9onX1RlnPQXdbEDOr-4hhxXQ1xRNhrBACjZ3BBcTzl4NrmiBsnBet3F_Rh_EHkbzdyWYRfNERL2VkKo7CIr&amp;__tn__=*NK-R\">#economie<\/a> s\u0103 fie p\u0103strate locurile de munc\u0103 \u0219i competitivitatea \u00een raport cu pie\u021bele externe.<\/p>\n\n\n\n<p><img loading=\"lazy\" decoding=\"async\" height=\"16\" width=\"16\" alt=\"?\" src=\"https:\/\/static.xx.fbcdn.net\/images\/emoji.php\/v9\/tac\/1\/16\/1f4cc.png\"\/> PSD a prezentat deja un set de m\u0103suri pe care le sus\u021bine \u00een interiorul coali\u021biei \u0219i insist\u0103 pentru promovarea lor, dar \u015fi ministrul Energiei are <a href=\"https:\/\/www.facebook.com\/hashtag\/obliga%C8%9Bia?__eep__=6&amp;__cft__[0]=AZU5DC4R0D8OvKSA1-6nAcyHPi-KentcmcayYAd-tCvjCIPvFn-o-xrVNXgeBaxohr7jI9onX1RlnPQXdbEDOr-4hhxXQ1xRNhrBACjZ3BBcTzl4NrmiBsnBet3F_Rh_EHkbzdyWYRfNERL2VkKo7CIr&amp;__tn__=*NK-R\">#obliga\u021bia<\/a> s\u0103 vin\u0103 URGENT cu un plan adecvat de m\u0103suri \u0219i s\u0103 r\u0103spund\u0103 astfel solicit\u0103rii imperative a premierului!A\u015fa cum am mai spus, din perspectiva noastr\u0103, adev\u0103rata cauz\u0103 a dezastrului actual o reprezint\u0103 LIBERALIZAREA.<\/p>\n\n\n\n<p> <img loading=\"lazy\" decoding=\"async\" height=\"16\" width=\"16\" alt=\"\u274e\" src=\"https:\/\/static.xx.fbcdn.net\/images\/emoji.php\/v9\/tdf\/1\/16\/274e.png\"\/> Ca atare, consider\u0103m c\u0103 solu\u021bia este revenirea la situa\u021bia dinaintea liberaliz\u0103rii, respectiv <a href=\"https:\/\/www.facebook.com\/hashtag\/reglementarea?__eep__=6&amp;__cft__[0]=AZU5DC4R0D8OvKSA1-6nAcyHPi-KentcmcayYAd-tCvjCIPvFn-o-xrVNXgeBaxohr7jI9onX1RlnPQXdbEDOr-4hhxXQ1xRNhrBACjZ3BBcTzl4NrmiBsnBet3F_Rh_EHkbzdyWYRfNERL2VkKo7CIr&amp;__tn__=*NK-R\">#reglementarea<\/a>, pe termen limitat. Pentru c\u0103, dac\u0103 nu se ac\u021bioneaz\u0103 asupra cauzei fundamentale, adic\u0103 pre\u021bul sc\u0103pat de sub control al energiei, infla\u021bia nu va fi st\u0103vilit\u0103, toate celelalte pre\u021buri vor continua s\u0103 creasc\u0103 iar popula\u021bia \u0219i economia vor suferi tot mai mult &#8211; pre\u015fedinte PSD Giurgiu, deputat Marian Mina<\/p>\n","protected":false},"excerpt":{"rendered":"<p>#PSD a intrat la guvernare ca s\u0103 contribuie la REZOLVAREA crizelor \u015fi NU ca s\u0103 se certe cu partenerii de coali\u021bie! De aceea, sus\u0163inem orice m\u0103sur\u0103 de combatere a scumpirilor excesive ale energiei, fie c\u0103 vorbim despre reducerea TVA, despre eliminarea certificatelor verzi, despre plafonare, compensare sau reglementare. Cel mai important este ca oamenii \u015fi [&hellip;]<\/p>\n","protected":false},"author":1,"featured_media":76926,"comment_status":"open","ping_status":"open","sticky":false,"template":"","format":"standard","meta":{"slim_seo":{"title":"Deputat Marian Mina: \"PSD a intrat la guvernare ca s\u0103 contribuie la rezolvarea crizelor \u015fi NU s\u0103 se certe cu partenerii de coali\u0163ie!\" - GIURGIU NET","description":"#PSD a intrat la guvernare ca s\u0103 contribuie la REZOLVAREA crizelor \u015fi NU ca s\u0103 se certe cu partenerii de coali\u021bie! De aceea, sus\u0163inem orice m\u0103sur\u0103 de combatere"},"footnotes":""},"categories":[18,19,25,26,28],"tags":[1626],"class_list":{"0":"post-76925","1":"post","2":"type-post","3":"status-publish","4":"format-standard","5":"has-post-thumbnail","7":"category-actual","8":"category-adm","9":"category-pol","10":"category-soc","11":"category-uo","12":"tag-marian-mina"},"_links":{"self":[{"href":"https:\/\/giurgiu-net.ro\/index.php\/wp-json\/wp\/v2\/posts\/76925","targetHints":{"allow":["GET"]}}],"collection":[{"href":"https:\/\/giurgiu-net.ro\/index.php\/wp-json\/wp\/v2\/posts"}],"about":[{"href":"https:\/\/giurgiu-net.ro\/index.php\/wp-json\/wp\/v2\/types\/post"}],"author":[{"embeddable":true,"href":"https:\/\/giurgiu-net.ro\/index.php\/wp-json\/wp\/v2\/users\/1"}],"replies":[{"embeddable":true,"href":"https:\/\/giurgiu-net.ro\/index.php\/wp-json\/wp\/v2\/comments?post=76925"}],"version-history":[{"count":0,"href":"https:\/\/giurgiu-net.ro\/index.php\/wp-json\/wp\/v2\/posts\/76925\/revisions"}],"wp:featuredmedia":[{"embeddable":true,"href":"https:\/\/giurgiu-net.ro\/index.php\/wp-json\/wp\/v2\/media\/76926"}],"wp:attachment":[{"href":"https:\/\/giurgiu-net.ro\/index.php\/wp-json\/wp\/v2\/media?parent=76925"}],"wp:term":[{"taxonomy":"category","embeddable":true,"href":"https:\/\/giurgiu-net.ro\/index.php\/wp-json\/wp\/v2\/categories?post=76925"},{"taxonomy":"post_tag","embeddable":true,"href":"https:\/\/giurgiu-net.ro\/index.php\/wp-json\/wp\/v2\/tags?post=76925"}],"curies":[{"name":"wp","href":"https:\/\/api.w.org\/{rel}","templated":true}]}}