{"id":76921,"date":"2022-02-16T12:46:26","date_gmt":"2022-02-16T10:46:26","guid":{"rendered":"http:\/\/giurgiu-net.ro\/?p=76921"},"modified":"2022-02-16T12:46:26","modified_gmt":"2022-02-16T10:46:26","slug":"deputat-cristina-elena-dinu-demersuri-concrete-pentru-asigurarea-asistentei-medicale-de-calitate-pentru-toti-romanii","status":"publish","type":"post","link":"https:\/\/giurgiu-net.ro\/index.php\/2022\/02\/16\/deputat-cristina-elena-dinu-demersuri-concrete-pentru-asigurarea-asistentei-medicale-de-calitate-pentru-toti-romanii\/","title":{"rendered":"Deputat Cristina Elena Dinu: &#8222;Demersuri concrete pentru asigurarea asisten\u0163ei medicale de calitate pentru to\u0163i rom\u00e2nii&#8221;"},"content":{"rendered":"\n<p>&#8222;Demersuri concrete pentru asigurarea asisten\u0163ei medicale de calitate pentru to\u0163i rom\u00e2nii<\/p>\n\n\n\n<p>Mini\u015ftrii <a href=\"https:\/\/www.facebook.com\/hashtag\/pes?__eep__=6&amp;__cft__[0]=AZXJvvmdeFZ50BwRhHK_Ju7LNOpTPx0Tsml65yRtRDldUxMSbFoVW0MvbCIFoSJ4HCEd3sPNcGVVOeOmnZU9J2wKoG3hgqvCUiTjMMCuRPMzXyEHD4NBJxmyNtG8xcMHrbhTucZMBgWIbQPM5Y5dVyc8&amp;__tn__=*NK-R\">#PES<\/a> din toat\u0103 Europa, \u00eentre care \u015fi ministrul rom\u00e2n al S\u0103n\u0103t\u0103\u0163ii, Alexandru Rafila, au adoptat o declara\u0163ie comun\u0103 de sus\u0163inere a necesit\u0103\u0163ii asisten\u0163ei medicale de calitate pentru TO\u021aI europenii.<\/p>\n\n\n\n<p>Potrivit documentului, semnatarii au concluzionat c\u0103 <a href=\"https:\/\/www.facebook.com\/hashtag\/asisten%C5%A3a_medical%C4%83?__eep__=6&amp;__cft__[0]=AZXJvvmdeFZ50BwRhHK_Ju7LNOpTPx0Tsml65yRtRDldUxMSbFoVW0MvbCIFoSJ4HCEd3sPNcGVVOeOmnZU9J2wKoG3hgqvCUiTjMMCuRPMzXyEHD4NBJxmyNtG8xcMHrbhTucZMBgWIbQPM5Y5dVyc8&amp;__tn__=*NK-R\">#asisten\u0163a_medical\u0103<\/a> public\u0103 universal\u0103 nu este un lux, ci o piatr\u0103 de temelie a economiilor sociale de pia\u0163\u0103, \u00een care toat\u0103 lumea are dreptul de a tr\u0103i o via\u0163\u0103 lung\u0103 \u015fi s\u0103n\u0103toas\u0103. Aceast\u0103 idee a devenit cu at\u00e2t mai stringent\u0103 \u00een ultimii doi ani, perioad\u0103 \u00een care pandemia COVID-19 a determinat \u00een\u0163elegerea importan\u0163ei asisten\u0163ei medicale de calitate, pentru bun\u0103starea individual\u0103 \u015fi colectiv\u0103, at\u00e2t la nivel european, c\u00e2t \u015fi \u00een Rom\u00e2nia.<\/p>\n\n\n\n<p>De altfel, cel mai recent sondaj Eurobarometru confirm\u0103 c\u0103 <a href=\"https:\/\/www.facebook.com\/hashtag\/s%C4%83n%C4%83tatea?__eep__=6&amp;__cft__[0]=AZXJvvmdeFZ50BwRhHK_Ju7LNOpTPx0Tsml65yRtRDldUxMSbFoVW0MvbCIFoSJ4HCEd3sPNcGVVOeOmnZU9J2wKoG3hgqvCUiTjMMCuRPMzXyEHD4NBJxmyNtG8xcMHrbhTucZMBgWIbQPM5Y5dVyc8&amp;__tn__=*NK-R\">#s\u0103n\u0103tatea<\/a> \u015fi securitatea social\u0103 sunt \u00een topul clasamentului preocup\u0103rilor cet\u0103\u0163enilor, at\u00e2t pentru Europa, c\u00e2t \u015fi pentru propriile \u0163\u0103ri.Cu toate c\u0103 asisten\u0163a medical\u0103 \u015fi sistemele de s\u0103n\u0103tate sunt \u00een jurisdic\u0163ia fiec\u0103rui stat membru, Uniunea European\u0103 are un rol preponderent \u00een p\u0103strarea \u015fi \u00eembun\u0103t\u0103\u0163irea asisten\u0163ei medicale. Mini\u015ftrii PES au convenit, \u00een aceast\u0103 declara\u0163ie, c\u0103 avem de \u00eendeplinit promisiunea de a \u00eembun\u0103t\u0103\u0163i s\u0103n\u0103tatea \u015fi bun\u0103starea tuturor, \u00een special a categoriilor vulnerabile.<\/p>\n\n\n\n<p>Unul dintre capitolele de o importan\u0163\u0103 deosebit\u0103 este \u201eGaran\u0163ia pentru copii\u201d, dedicat copiilor vulnerabili, care oblig\u0103 toate statele membre s\u0103 ofere acces gratuit \u015fi efectiv la asisten\u0163\u0103 medical\u0103 copiilor afla\u0163i \u00een dificultate, sus\u0163inut din fonduri UE. Semnatarii documentului PES au mai apreciat, ca prioritate, dreptul de acces universal la o acoperire medical\u0103 adecvat\u0103 \u015fi \u00een timp util. Toat\u0103 lumea trebuie, din aceast\u0103 perspectiv\u0103, s\u0103 se simt\u0103 \u00een siguran\u0163\u0103 \u015fi s\u0103 primeasc\u0103 cea mai bun\u0103 \u00eengrijire disponibil\u0103, \u00een cazul fortuit al unor \u00eemboln\u0103viri.<\/p>\n\n\n\n<p>Sus\u0163in demersul lansat cu acest prilej, respectiv accesul egal \u015fi echitabil la asisten\u0163\u0103 medical\u0103 \u2013 indiferent de posibilit\u0103\u0163ile financiare, de gen, de orientare sexual\u0103, de mediul cultural sau de orice alt factor \u2013 ca fiind un drept fundamental, al\u0103turi de educa\u0163ie \u015fi securitatea social\u0103.Consider c\u0103 este fundamental ca \u015fi \u00een Rom\u00e2nia s\u0103 intensific\u0103m demersurile pentru a ne asigura c\u0103 medicamentele, dispozitivele medicale \u015fi celelalte tehnologii de s\u0103n\u0103tate \u015fi \u00eengrijiri preventive de cea mai \u00eenalt\u0103 calitate sunt disponibile pentru toat\u0103 lumea. <\/p>\n\n\n\n<p>Pentru a realiza acest deziderat, evident avem nevoie de servicii publice de calitate, pe care reprezentan\u0163ii PSD din domeniul s\u0103n\u0103t\u0103\u0163ii le sus\u0163in \u015fi le vor dezvolta \u00een perioada urm\u0103toare.&#8221;<\/p>\n\n\n\n<p>Declara\u0163ie politic\u0103 deputatul <a href=\"https:\/\/www.facebook.com\/hashtag\/psd?__eep__=6&amp;__cft__[0]=AZXJvvmdeFZ50BwRhHK_Ju7LNOpTPx0Tsml65yRtRDldUxMSbFoVW0MvbCIFoSJ4HCEd3sPNcGVVOeOmnZU9J2wKoG3hgqvCUiTjMMCuRPMzXyEHD4NBJxmyNtG8xcMHrbhTucZMBgWIbQPM5Y5dVyc8&amp;__tn__=*NK-R\">#PSD<\/a><a href=\"https:\/\/www.facebook.com\/CristinaElenaDinuu?__cft__[0]=AZXJvvmdeFZ50BwRhHK_Ju7LNOpTPx0Tsml65yRtRDldUxMSbFoVW0MvbCIFoSJ4HCEd3sPNcGVVOeOmnZU9J2wKoG3hgqvCUiTjMMCuRPMzXyEHD4NBJxmyNtG8xcMHrbhTucZMBgWIbQPM5Y5dVyc8&amp;__tn__=-]K-R\"> de Giurgiu <\/a><a href=\"https:\/\/www.facebook.com\/CristinaElenaDinuu?__cft__[0]=AZXJvvmdeFZ50BwRhHK_Ju7LNOpTPx0Tsml65yRtRDldUxMSbFoVW0MvbCIFoSJ4HCEd3sPNcGVVOeOmnZU9J2wKoG3hgqvCUiTjMMCuRPMzXyEHD4NBJxmyNtG8xcMHrbhTucZMBgWIbQPM5Y5dVyc8&amp;__tn__=-]K-R\">Cristina Elena Dinu<\/a><\/p>\n","protected":false},"excerpt":{"rendered":"<p>&#8222;Demersuri concrete pentru asigurarea asisten\u0163ei medicale de calitate pentru to\u0163i rom\u00e2nii Mini\u015ftrii #PES din toat\u0103 Europa, \u00eentre care \u015fi ministrul rom\u00e2n al S\u0103n\u0103t\u0103\u0163ii, Alexandru Rafila, au adoptat o declara\u0163ie comun\u0103 de sus\u0163inere a necesit\u0103\u0163ii asisten\u0163ei medicale de calitate pentru TO\u021aI europenii. Potrivit documentului, semnatarii au concluzionat c\u0103 #asisten\u0163a_medical\u0103 public\u0103 universal\u0103 nu este un lux, ci [&hellip;]<\/p>\n","protected":false},"author":1,"featured_media":76922,"comment_status":"open","ping_status":"open","sticky":false,"template":"","format":"standard","meta":{"slim_seo":{"title":"Deputat Cristina Elena Dinu: \"Demersuri concrete pentru asigurarea asisten\u0163ei medicale de calitate pentru to\u0163i rom\u00e2nii\" - GIURGIU NET","description":"\"Demersuri concrete pentru asigurarea asisten\u0163ei medicale de calitate pentru to\u0163i rom\u00e2nii Mini\u015ftrii #PES din toat\u0103 Europa, \u00eentre care \u015fi ministrul rom\u00e2n al S\u0103n\u0103"},"footnotes":""},"categories":[18,25,26,28],"tags":[1025],"class_list":{"0":"post-76921","1":"post","2":"type-post","3":"status-publish","4":"format-standard","5":"has-post-thumbnail","7":"category-actual","8":"category-pol","9":"category-soc","10":"category-uo","11":"tag-elena-dinu"},"_links":{"self":[{"href":"https:\/\/giurgiu-net.ro\/index.php\/wp-json\/wp\/v2\/posts\/76921","targetHints":{"allow":["GET"]}}],"collection":[{"href":"https:\/\/giurgiu-net.ro\/index.php\/wp-json\/wp\/v2\/posts"}],"about":[{"href":"https:\/\/giurgiu-net.ro\/index.php\/wp-json\/wp\/v2\/types\/post"}],"author":[{"embeddable":true,"href":"https:\/\/giurgiu-net.ro\/index.php\/wp-json\/wp\/v2\/users\/1"}],"replies":[{"embeddable":true,"href":"https:\/\/giurgiu-net.ro\/index.php\/wp-json\/wp\/v2\/comments?post=76921"}],"version-history":[{"count":0,"href":"https:\/\/giurgiu-net.ro\/index.php\/wp-json\/wp\/v2\/posts\/76921\/revisions"}],"wp:featuredmedia":[{"embeddable":true,"href":"https:\/\/giurgiu-net.ro\/index.php\/wp-json\/wp\/v2\/media\/76922"}],"wp:attachment":[{"href":"https:\/\/giurgiu-net.ro\/index.php\/wp-json\/wp\/v2\/media?parent=76921"}],"wp:term":[{"taxonomy":"category","embeddable":true,"href":"https:\/\/giurgiu-net.ro\/index.php\/wp-json\/wp\/v2\/categories?post=76921"},{"taxonomy":"post_tag","embeddable":true,"href":"https:\/\/giurgiu-net.ro\/index.php\/wp-json\/wp\/v2\/tags?post=76921"}],"curies":[{"name":"wp","href":"https:\/\/api.w.org\/{rel}","templated":true}]}}