{"id":76918,"date":"2022-02-15T10:53:38","date_gmt":"2022-02-15T08:53:38","guid":{"rendered":"http:\/\/giurgiu-net.ro\/?p=76918"},"modified":"2022-02-15T10:53:38","modified_gmt":"2022-02-15T08:53:38","slug":"prefectura-giurgiu-12-clase-ale-scolilor-din-judet-activitate-in-online-cati-elevi-si-dascali-au-fost-confirmati-pozitiv-cititi-aici","status":"publish","type":"post","link":"https:\/\/giurgiu-net.ro\/index.php\/2022\/02\/15\/prefectura-giurgiu-12-clase-ale-scolilor-din-judet-activitate-in-online-cati-elevi-si-dascali-au-fost-confirmati-pozitiv-cititi-aici\/","title":{"rendered":"PREFECTURA Giurgiu: 12 clase ale \u015fcolilor din jude\u0163, activitate \u00een online. C\u00e2\u0163i elevi \u015fi dasc\u0103li au fost confirma\u0163i pozitiv? CITI\u0162I AICI!"},"content":{"rendered":"\n<p>Potrivit reprezentan\u0163ilor Prefecturii Giurgiu &#8222;la data de 15.02.2022, conform centraliz\u0103rii realizate de reprezentan\u021bii Inspectoratului \u0218colar Jude\u021bean Giurgiu, sunt confirmate pozitiv cu virusul SARS-CoV-2<strong> 64 de cadre didactice \u0219i 164 de elevi din cadrul unit\u0103\u021bilor de \u00eenv\u0103\u021b\u0103m\u00e2nt din jude\u021bul Giurgiu. <\/strong><\/p>\n\n\n\n<p>12 clase \u00ee\u0219i desf\u0103\u0219oar\u0103 activitatea \u00een sistem online \u0219i nici o unitate de \u00eenv\u0103\u021b\u0103m\u00e2nt nu \u00ee\u0219i desf\u0103\u0219oar\u0103 integral activitatea \u00een sistem online. Important de men\u021bionat este faptul c\u0103 cifrele sunt \u00eentr-o continu\u0103 dinamic\u0103 \u0219i se pot modifica de la o or\u0103 la alta&#8221;.<\/p>\n","protected":false},"excerpt":{"rendered":"<p>Potrivit reprezentan\u0163ilor Prefecturii Giurgiu &#8222;la data de 15.02.2022, conform centraliz\u0103rii realizate de reprezentan\u021bii Inspectoratului \u0218colar Jude\u021bean Giurgiu, sunt confirmate pozitiv cu virusul SARS-CoV-2 64 de cadre didactice \u0219i 164 de elevi din cadrul unit\u0103\u021bilor de \u00eenv\u0103\u021b\u0103m\u00e2nt din jude\u021bul Giurgiu. 12 clase \u00ee\u0219i desf\u0103\u0219oar\u0103 activitatea \u00een sistem online \u0219i nici o unitate de \u00eenv\u0103\u021b\u0103m\u00e2nt nu \u00ee\u0219i [&hellip;]<\/p>\n","protected":false},"author":1,"featured_media":53097,"comment_status":"open","ping_status":"open","sticky":false,"template":"","format":"standard","meta":{"slim_seo":{"title":"PREFECTURA Giurgiu: 12 clase ale \u015fcolilor din jude\u0163, activitate \u00een online. C\u00e2\u0163i elevi \u015fi dasc\u0103li au fost confirma\u0163i pozitiv? CITI\u0162I AICI! - GIURGIU NET","description":"Potrivit reprezentan\u0163ilor Prefecturii Giurgiu \"la data de 15.02.2022, conform centraliz\u0103rii realizate de reprezentan\u021bii Inspectoratului \u0218colar Jude\u021bean Giurgiu,"},"footnotes":""},"categories":[18,29,26,28],"tags":[],"class_list":{"0":"post-76918","1":"post","2":"type-post","3":"status-publish","4":"format-standard","5":"has-post-thumbnail","7":"category-actual","8":"category-educatie-si-cultura","9":"category-soc","10":"category-uo"},"_links":{"self":[{"href":"https:\/\/giurgiu-net.ro\/index.php\/wp-json\/wp\/v2\/posts\/76918","targetHints":{"allow":["GET"]}}],"collection":[{"href":"https:\/\/giurgiu-net.ro\/index.php\/wp-json\/wp\/v2\/posts"}],"about":[{"href":"https:\/\/giurgiu-net.ro\/index.php\/wp-json\/wp\/v2\/types\/post"}],"author":[{"embeddable":true,"href":"https:\/\/giurgiu-net.ro\/index.php\/wp-json\/wp\/v2\/users\/1"}],"replies":[{"embeddable":true,"href":"https:\/\/giurgiu-net.ro\/index.php\/wp-json\/wp\/v2\/comments?post=76918"}],"version-history":[{"count":0,"href":"https:\/\/giurgiu-net.ro\/index.php\/wp-json\/wp\/v2\/posts\/76918\/revisions"}],"wp:featuredmedia":[{"embeddable":true,"href":"https:\/\/giurgiu-net.ro\/index.php\/wp-json\/wp\/v2\/media\/53097"}],"wp:attachment":[{"href":"https:\/\/giurgiu-net.ro\/index.php\/wp-json\/wp\/v2\/media?parent=76918"}],"wp:term":[{"taxonomy":"category","embeddable":true,"href":"https:\/\/giurgiu-net.ro\/index.php\/wp-json\/wp\/v2\/categories?post=76918"},{"taxonomy":"post_tag","embeddable":true,"href":"https:\/\/giurgiu-net.ro\/index.php\/wp-json\/wp\/v2\/tags?post=76918"}],"curies":[{"name":"wp","href":"https:\/\/api.w.org\/{rel}","templated":true}]}}