{"id":76914,"date":"2022-02-14T12:14:47","date_gmt":"2022-02-14T10:14:47","guid":{"rendered":"http:\/\/giurgiu-net.ro\/?p=76914"},"modified":"2022-02-14T12:14:47","modified_gmt":"2022-02-14T10:14:47","slug":"patru-egipteni-si-un-afgan-ascunsi-in-portbagaj-prinsi-in-vama-giurgiu-migrantii-voiau-sa-ajunga-in-germania","status":"publish","type":"post","link":"https:\/\/giurgiu-net.ro\/index.php\/2022\/02\/14\/patru-egipteni-si-un-afgan-ascunsi-in-portbagaj-prinsi-in-vama-giurgiu-migrantii-voiau-sa-ajunga-in-germania\/","title":{"rendered":"Patru egipteni \u015fi un afgan, ascun\u015fi \u00een portbagaj, prin\u015fi \u00een Vama Giurgiu. Migran\u0163ii voiau s\u0103 ajung\u0103 \u00een Germania"},"content":{"rendered":"\n<p><em>Poli\u0163i\u015ftii de frontier\u0103 giurgiuveni au depistat, <\/em><em>ascun\u0219i \u00een dou\u0103 mijloace de transport,<\/em><em> patru cet\u0103\u021beni egipteni \u0219i un cet\u0103\u021bean afgan care \u00eencercau s\u0103 intre ilegal \u00een Rom\u00e2nia<\/em><em>. Ace\u0219tia nu de\u021bineau documente de identitate asupra lor \u0219i au declarat autorit\u0103\u021bilor faptul c\u0103 inten\u021bionau s\u0103 ajung\u0103 \u00een Germania.<\/em><\/p>\n\n\n\n<p>*\u00cen noaptea de 13.02.2022, \u00een jurul orei 01.30, \u00een <strong>Punctul de Trecere a Frontierei Giurgiu<\/strong>, s-a prezentat pentru efectuarea formalit\u0103\u021bilor de intrare \u00een \u0163ar\u0103 un cet\u0103\u021bean palestinian, \u00een v\u00e2rst\u0103 de 33 de ani, posesor al unui travel-document belgian, conduc\u00e2nd un autovehicul \u00eenmatriculat \u00een Belgia.<\/p>\n\n\n\n<p>\u00cen urma controlului efectuat asupra mijlocului de transport, poli\u021bi\u0219tii de frontier\u0103 au depistat, ascun\u0219i \u00een portbagajul ma\u015finii, patru cet\u0103\u021beni str\u0103ini.<\/p>\n\n\n\n<p>\u00cen cadrul cercet\u0103rilor s-a stabilit faptul c\u0103 persoanele \u00een cauz\u0103 sunt cet\u0103\u0163eni din Egipt \u0219i au v\u00e2rste cuprinse \u00eentre 21 \u0219i 27 de ani.<\/p>\n\n\n\n<p>Ace\u0219tia au declarat poli\u021bi\u0219tilor faptul c\u0103 s-a urcat \u00een mijlocul de transport \u00een timp ce se aflau pe teritoriul Bulgariei \u0219i inten\u021bionau s\u0103 ajung\u0103 \u00een Germania.<\/p>\n\n\n\n<p>*De asemenea, \u00een noaptea de 14.02.2022, \u00een jurul orei 01.20, poli\u021bi\u0219tii de frontier\u0103 giurgiuveni au efectuat controlul specific asupra unui ansamblu rutier, condus de c\u0103tre un cet\u0103\u021bean turc, \u00een v\u00e2rst\u0103 de 62 de ani. \u0218oferul transporta, conform documentelor prezentate, diverse bunuri pe ruta Turcia-Rom\u00e2nia.<\/p>\n\n\n\n<p>\u00cen semiremorca mijlocului de transport, printre marfa transportat\u0103, a fost descoperit, ascuns, un cet\u0103\u021bean afgan, \u00een v\u00e2rst\u0103 de 21 de ani. Acesta nu de\u021binea documente de identitate \u0219i a declarat c\u0103 inten\u021biona s\u0103 ajung\u0103 \u00een Germania.<\/p>\n\n\n\n<p>Av\u00e2nd \u00een vedere aspectele constatate, \u00een ambele cazuri poli\u021bi\u0219tii de frontier\u0103 au procedat la \u00eentreruperea c\u0103l\u0103toriei persoanelor depistate, iar conform protocolului rom\u00e2no-bulgar, at\u00e2t cei patru egipteni \u0219i t\u00e2n\u0103rul afgan, c\u00e2t \u0219oferii \u0219i mijloacele de transport au fost prelua\u021bi de c\u0103tre autorit\u0103\u0163ile bulgare, \u00een vederea continu\u0103rii cercet\u0103rilor \u015fi dispunerii m\u0103surilor legale ce se impun.<strong>\u00a0\u00a0\u00a0\u00a0\u00a0\u00a0\u00a0\u00a0<\/strong><\/p>\n\n\n\n<p>Comunicat de pres\u0103 ITPF Giurgiu<\/p>\n","protected":false},"excerpt":{"rendered":"<p>Poli\u0163i\u015ftii de frontier\u0103 giurgiuveni au depistat, ascun\u0219i \u00een dou\u0103 mijloace de transport, patru cet\u0103\u021beni egipteni \u0219i un cet\u0103\u021bean afgan care \u00eencercau s\u0103 intre ilegal \u00een Rom\u00e2nia. Ace\u0219tia nu de\u021bineau documente de identitate asupra lor \u0219i au declarat autorit\u0103\u021bilor faptul c\u0103 inten\u021bionau s\u0103 ajung\u0103 \u00een Germania. *\u00cen noaptea de 13.02.2022, \u00een jurul orei 01.30, \u00een Punctul [&hellip;]<\/p>\n","protected":false},"author":1,"featured_media":59954,"comment_status":"open","ping_status":"open","sticky":false,"template":"","format":"standard","meta":{"slim_seo":{"title":"Patru egipteni \u015fi un afgan, ascun\u015fi \u00een portbagaj, prin\u015fi \u00een Vama Giurgiu. Migran\u0163ii voiau s\u0103 ajung\u0103 \u00een Germania - GIURGIU NET","description":"Poli\u0163i\u015ftii de frontier\u0103 giurgiuveni au depistat, ascun\u0219i \u00een dou\u0103 mijloace de transport, patru cet\u0103\u021beni egipteni \u0219i un cet\u0103\u021bean afgan care \u00eencercau s\u0103 intre ileg"},"footnotes":""},"categories":[18,26,28],"tags":[2718],"class_list":{"0":"post-76914","1":"post","2":"type-post","3":"status-publish","4":"format-standard","5":"has-post-thumbnail","7":"category-actual","8":"category-soc","9":"category-uo","10":"tag-vama-giurgiu"},"_links":{"self":[{"href":"https:\/\/giurgiu-net.ro\/index.php\/wp-json\/wp\/v2\/posts\/76914","targetHints":{"allow":["GET"]}}],"collection":[{"href":"https:\/\/giurgiu-net.ro\/index.php\/wp-json\/wp\/v2\/posts"}],"about":[{"href":"https:\/\/giurgiu-net.ro\/index.php\/wp-json\/wp\/v2\/types\/post"}],"author":[{"embeddable":true,"href":"https:\/\/giurgiu-net.ro\/index.php\/wp-json\/wp\/v2\/users\/1"}],"replies":[{"embeddable":true,"href":"https:\/\/giurgiu-net.ro\/index.php\/wp-json\/wp\/v2\/comments?post=76914"}],"version-history":[{"count":0,"href":"https:\/\/giurgiu-net.ro\/index.php\/wp-json\/wp\/v2\/posts\/76914\/revisions"}],"wp:featuredmedia":[{"embeddable":true,"href":"https:\/\/giurgiu-net.ro\/index.php\/wp-json\/wp\/v2\/media\/59954"}],"wp:attachment":[{"href":"https:\/\/giurgiu-net.ro\/index.php\/wp-json\/wp\/v2\/media?parent=76914"}],"wp:term":[{"taxonomy":"category","embeddable":true,"href":"https:\/\/giurgiu-net.ro\/index.php\/wp-json\/wp\/v2\/categories?post=76914"},{"taxonomy":"post_tag","embeddable":true,"href":"https:\/\/giurgiu-net.ro\/index.php\/wp-json\/wp\/v2\/tags?post=76914"}],"curies":[{"name":"wp","href":"https:\/\/api.w.org\/{rel}","templated":true}]}}