{"id":76910,"date":"2022-02-14T11:14:38","date_gmt":"2022-02-14T09:14:38","guid":{"rendered":"http:\/\/giurgiu-net.ro\/?p=76910"},"modified":"2022-02-14T11:14:38","modified_gmt":"2022-02-14T09:14:38","slug":"ai-fost-in-carantina-sau-izolare-afla-totul-despre-concediul-medical-pentru-perioada-respectiva","status":"publish","type":"post","link":"https:\/\/giurgiu-net.ro\/index.php\/2022\/02\/14\/ai-fost-in-carantina-sau-izolare-afla-totul-despre-concediul-medical-pentru-perioada-respectiva\/","title":{"rendered":"Ai fost \u00een carantin\u0103 sau izolare? CITE\u015eTE AICI totul despre concediul medical pentru perioada respectiv\u0103!"},"content":{"rendered":"\n<p><br \/>Potrivit unui comunicat de pres\u0103 emis de Ministerul S\u0103n\u0103t\u0103\u0163ii la data de 05 februarie a.c.:<br \/>&#8222;<em>Certificatele de concediu medical pentru carantin\u0103 se elibereaz\u0103 de medicul curant, respectiv de c\u0103tre medicul de familie, pe durata stabilit\u0103 prin decizia de confirmare a carantinei, eliberat\u0103 de c\u0103tre direc\u0163iile de s\u0103n\u0103tate public\u0103 jude\u0163ene respectiv a municipiului Bucure\u015fti potrivit Ordinului ministrului s\u0103n\u0103t\u0103\u0163ii nr. 1.309\/2020 \u0219i a Ordinului ministrului s\u0103n\u0103t\u0103\u021bii nr. 1513\/2020, persoanelor asigurate aflate \u00een urm\u0103toarele situa\u0163ii:<\/em><\/p>\n\n\n\n<p>a. Au intrat \u00een contact direct cu cel pu\u0163in o persoan\u0103 infectat\u0103 cu virusul SARS-CoV-2, confirmat\u0103 prin testare cu metoda NAAT\/RT-PCR sau teste rapide de detec\u0163ie a antigenelor SARS Cov2. Certificatele de concediul medical se elibereaz\u0103 pentru o perioad\u0103 de 5 zile;<br \/>b. Au sosit din \u0163\u0103ri \u015fi\/sau zone cu risc epidemiologie ridicat, \u0163\u0103ri \u015fi\/sau zone stabilite de c\u0103tre INSP \u00een condi\u0163iile legii. Certificatele de concediul medical se elibereaz\u0103 pentru o perioad\u0103 de 5 zile.<\/p>\n\n\n\n<p>Certificatele de concediu medical se elibereaz\u0103 de c\u0103tre medicii de familie dup\u0103 ultima zi a perioadei de carantin\u0103, dar nu mai t\u00e2rziu de 30 de zile calendaristice de la data ultimei zile a \u00eencet\u0103rii perioadei de carantin\u0103.<\/p>\n\n\n\n<p>Pentru persoanele asigurate infectate cu virusul SARS-CoV-2, pentru care s-a instituit m\u0103sura izol\u0103rii, potrivit legii, \u00een unit\u0103\u0163i sanitare sau \u00eentr-o loca\u0163ie alternativ\u0103 ata\u015fat\u0103 unei unit\u0103\u0163i sanitare, certificatele de concediu medical se elibereaz\u0103 de medicul curant din unitatea sanitar\u0103 sau din loca\u0163ia alternativ\u0103 ata\u015fat\u0103 acesteia, at\u00e2t pentru perioada intern\u0103rii, c\u00e2t \u015fi pentru perioada extern\u0103rii, dup\u0103 caz.<\/p>\n\n\n\n<p>La externare, certificatele de concediu medical se elibereaz\u0103 de medicul curant din unitatea sanitar\u0103 sau din loca\u0163ia alternativ\u0103 ata\u015fat\u0103 acesteia.<\/p>\n\n\n\n<p>\u00cen situa\u0163ia \u00een care medicul din spital nu a eliberat concediu medical la externare, \u0219i persoana asigurat\u0103 necesit\u0103 izolarea la domiciliu sau la loca\u0163ia declarat\u0103 de aceasta, certificatul de concediu medical se acord\u0103 pentru aceea\u015fi afec\u0163iune de c\u0103tre medicul de familie care monitorizeaz\u0103 starea de s\u0103n\u0103tate a persoanei prin sistemul de telemedicin\u0103 sau prin consulta\u0163ii medicale la distan\u0163\u0103 p\u00e2n\u0103 la implinirea termenului maxim al perioadei de izolare, conform Ordinului ministrului s\u0103n\u0103t\u0103\u021bii nr. 1513\/2020, iar \u00een certificatul de concediu medical.<\/p>\n\n\n\n<p>Pentru persoanele asigurate infectate cu virusul SARS-CoV-2, pentru care s-a dispus m\u0103sura izol\u0103rii potrivit legii, la domiciliu sau la o loca\u0163ie declarat\u0103<\/p>\n\n\n\n<p>\u2013 certificatele de concediu medical se elibereaz\u0103 de medicii de familie care au luat \u00een eviden\u0163\u0103 \u015fi au monitorizat aceste persoane, astfel:<br \/>\u2013 pentru persoanele nevaccinate, care nu au trecut prin boal\u0103 sau cele trecute prin boal\u0103 de mai mult de 90 de zile concediul medical se va elibera pentru o perioad\u0103 de 7 zile;<br \/>\u2013 pentru persoanele vaccinate sau trecute prin boal\u0103 \u00een ultimile 90 de zile, concediul medical se va elibera pentru o perioad\u0103 de 5 zile.<\/p>\n\n\n\n<p>Certficatele de concediu medical se elibereaz\u0103 pe baza fi\u015felor de izolare care se genereaz\u0103 \u00een mod automat din aplica\u021bia informatic\u0103 Corona Forms.<\/p>\n\n\n\n<p>\u00cen situa\u0163ia \u00een care starea de s\u0103n\u0103tate a pacientului nu permite reluarea activit\u0103\u0163ii (pacien\u0163ii care prezint\u0103 sechele post-COVID-19), se va elibera concediul medical, cu respectarea art. 14^1 alin.(1) \u0219i (2) din Ordonan\u021ba de urgen\u021b\u0103 nr. 158 \/2005, respectiv art. 10^1 \u0219i art 20 din Normele de aplicare a prevederilor Ordonan\u0163ei de urgen\u0163\u0103 a Guvernului nr. 158\/2005&#8243;.<\/p>\n\n\n\n<p><\/p>\n","protected":false},"excerpt":{"rendered":"<p>Potrivit unui comunicat de pres\u0103 emis de Ministerul S\u0103n\u0103t\u0103\u0163ii la data de 05 februarie a.c.:&#8222;Certificatele de concediu medical pentru carantin\u0103 se elibereaz\u0103 de medicul curant, respectiv de c\u0103tre medicul de familie, pe durata stabilit\u0103 prin decizia de confirmare a carantinei, eliberat\u0103 de c\u0103tre direc\u0163iile de s\u0103n\u0103tate public\u0103 jude\u0163ene respectiv a municipiului Bucure\u015fti potrivit Ordinului ministrului [&hellip;]<\/p>\n","protected":false},"author":1,"featured_media":76911,"comment_status":"open","ping_status":"open","sticky":false,"template":"","format":"standard","meta":{"slim_seo":{"title":"Ai fost \u00een carantin\u0103 sau izolare? CITE\u015eTE AICI totul despre concediul medical pentru perioada respectiv\u0103! - GIURGIU NET","description":"Potrivit unui comunicat de pres\u0103 emis de Ministerul S\u0103n\u0103t\u0103\u0163ii la data de 05 februarie a.c.: \" Certificatele de concediu medical pentru carantin\u0103 se elibereaz\u0103 d"},"footnotes":""},"categories":[18,26,28],"tags":[682],"class_list":{"0":"post-76910","1":"post","2":"type-post","3":"status-publish","4":"format-standard","5":"has-post-thumbnail","7":"category-actual","8":"category-soc","9":"category-uo","10":"tag-concediu-medical"},"_links":{"self":[{"href":"https:\/\/giurgiu-net.ro\/index.php\/wp-json\/wp\/v2\/posts\/76910","targetHints":{"allow":["GET"]}}],"collection":[{"href":"https:\/\/giurgiu-net.ro\/index.php\/wp-json\/wp\/v2\/posts"}],"about":[{"href":"https:\/\/giurgiu-net.ro\/index.php\/wp-json\/wp\/v2\/types\/post"}],"author":[{"embeddable":true,"href":"https:\/\/giurgiu-net.ro\/index.php\/wp-json\/wp\/v2\/users\/1"}],"replies":[{"embeddable":true,"href":"https:\/\/giurgiu-net.ro\/index.php\/wp-json\/wp\/v2\/comments?post=76910"}],"version-history":[{"count":0,"href":"https:\/\/giurgiu-net.ro\/index.php\/wp-json\/wp\/v2\/posts\/76910\/revisions"}],"wp:featuredmedia":[{"embeddable":true,"href":"https:\/\/giurgiu-net.ro\/index.php\/wp-json\/wp\/v2\/media\/76911"}],"wp:attachment":[{"href":"https:\/\/giurgiu-net.ro\/index.php\/wp-json\/wp\/v2\/media?parent=76910"}],"wp:term":[{"taxonomy":"category","embeddable":true,"href":"https:\/\/giurgiu-net.ro\/index.php\/wp-json\/wp\/v2\/categories?post=76910"},{"taxonomy":"post_tag","embeddable":true,"href":"https:\/\/giurgiu-net.ro\/index.php\/wp-json\/wp\/v2\/tags?post=76910"}],"curies":[{"name":"wp","href":"https:\/\/api.w.org\/{rel}","templated":true}]}}