{"id":76879,"date":"2022-02-09T11:21:27","date_gmt":"2022-02-09T09:21:27","guid":{"rendered":"http:\/\/giurgiu-net.ro\/?p=76879"},"modified":"2022-02-09T11:21:27","modified_gmt":"2022-02-09T09:21:27","slug":"doi-afgani-ascunsi-printre-covoare-in-semiremorca-unui-ansamblu-rutier-prinsi-in-vama-giurgiu","status":"publish","type":"post","link":"https:\/\/giurgiu-net.ro\/index.php\/2022\/02\/09\/doi-afgani-ascunsi-printre-covoare-in-semiremorca-unui-ansamblu-rutier-prinsi-in-vama-giurgiu\/","title":{"rendered":"Doi afgani, ascun\u015fi printre covoare, \u00een semiremorca unui ansamblu rutier, prin\u015fi \u00een Vama Giurgiu"},"content":{"rendered":"\n<p><em>Doi cet\u0103\u021beni afgani <\/em><em>au fost depista\u021bi de c\u0103tre poli\u0163i\u015ftii de frontier\u0103 giurgiuveni<\/em><em>, <\/em><em>ascun\u0219i printre covoare \u0219i alte bunuri textile, \u00een semiremorca unui ansamblu rutier. Ace\u0219tia, \u0219oferul \u0219i mijlocul de transport au fost prelua\u021bi de c\u0103tre autorit\u0103\u021bile de frontier\u0103 bulgare \u00een vederea continu\u0103rii cercet\u0103rilor.<\/em><\/p>\n\n\n\n<p>\u00cen cursul zilei de ieri, \u00een jurul orei 10.30, la <strong>Punctul de Trecere a Frontierei Giurgiu<\/strong>, s-a prezentat pentru efectuarea formalit\u0103\u021bilor de frontier\u0103, un cet\u0103\u021bean turc, \u00een v\u00e2rst\u0103 de 56 de ani, care conducea un ansamblu rutier. \u0218oferul transporta, conform documentelor prezentate, bunuri textile din Turcia pentru o societate din Rom\u00e2nia.<\/p>\n\n\n\n<p>\u00cen urma controlului preliminar efectuat asupra mijlocului de transport, poli\u021bi\u0219tii de frontier\u0103 au constatat faptul c\u0103 semiremorca mijlocului de transport avea prelata t\u0103iat\u0103 \u0219i cusut\u0103, motiv pentru au procedat la efectuarea unui control am\u0103nun\u021bit asupra autocamionului.<\/p>\n\n\n\n<p>Astfel, \u00een compartimentul pentru marf\u0103, printre bunurile transportate, au fost descoperi\u021bi ascun\u0219i, doi tineri, cet\u0103\u021beni str\u0103ini.<\/p>\n\n\n\n<p>\u00cen cadrul cercet\u0103rilor s-a stabilit faptul c\u0103 persoanele \u00een cauz\u0103 sunt de cet\u0103\u0163eni afgani, iar \u0219oferul a declarat ca nu avea cuno\u0219tin\u021b\u0103 despre prezen\u0163a acestora \u00een autocamion.<\/p>\n\n\n\n<p>\u00cen acest context, poli\u021bi\u0219tii de frontier\u0103 au procedat la \u00eentreruperea c\u0103l\u0103toriei persoanelor depistate, iar conform protocolului rom\u00e2no-bulgar, cei doi tineri afgani, \u0219oferul \u0219i mijlocul de transport au fost prelua\u021bi de c\u0103tre autorit\u0103\u0163ile bulgare, \u00een vederea continu\u0103rii cercet\u0103rilor \u015fi dispunerii m\u0103surilor legale ce se impun.<strong>&nbsp;&nbsp;&nbsp;&nbsp;&nbsp;&nbsp;&nbsp;&nbsp;<\/strong><\/p>\n\n\n\n<p>Purt\u0103tor de cuv\u00e2nt I.T.P.F. Giurgiu<\/p>\n\n\n\n<p><em>Inspector principal de poli\u021bie<\/em><\/p>\n\n\n\n<p>Popazu Roxana<\/p>\n","protected":false},"excerpt":{"rendered":"<p>Doi cet\u0103\u021beni afgani au fost depista\u021bi de c\u0103tre poli\u0163i\u015ftii de frontier\u0103 giurgiuveni, ascun\u0219i printre covoare \u0219i alte bunuri textile, \u00een semiremorca unui ansamblu rutier. Ace\u0219tia, \u0219oferul \u0219i mijlocul de transport au fost prelua\u021bi de c\u0103tre autorit\u0103\u021bile de frontier\u0103 bulgare \u00een vederea continu\u0103rii cercet\u0103rilor. \u00cen cursul zilei de ieri, \u00een jurul orei 10.30, la Punctul de [&hellip;]<\/p>\n","protected":false},"author":1,"featured_media":76880,"comment_status":"open","ping_status":"open","sticky":false,"template":"","format":"standard","meta":{"slim_seo":{"title":"Doi afgani, ascun\u015fi printre covoare, \u00een semiremorca unui ansamblu rutier, prin\u015fi \u00een Vama Giurgiu - GIURGIU NET","description":"Doi cet\u0103\u021beni afgani au fost depista\u021bi de c\u0103tre poli\u0163i\u015ftii de frontier\u0103 giurgiuveni , ascun\u0219i printre covoare \u0219i alte bunuri textile, \u00een semiremorca unui ansambl"},"footnotes":""},"categories":[18,26,28],"tags":[1457],"class_list":{"0":"post-76879","1":"post","2":"type-post","3":"status-publish","4":"format-standard","5":"has-post-thumbnail","7":"category-actual","8":"category-soc","9":"category-uo","10":"tag-itpf-giurgiu"},"_links":{"self":[{"href":"https:\/\/giurgiu-net.ro\/index.php\/wp-json\/wp\/v2\/posts\/76879","targetHints":{"allow":["GET"]}}],"collection":[{"href":"https:\/\/giurgiu-net.ro\/index.php\/wp-json\/wp\/v2\/posts"}],"about":[{"href":"https:\/\/giurgiu-net.ro\/index.php\/wp-json\/wp\/v2\/types\/post"}],"author":[{"embeddable":true,"href":"https:\/\/giurgiu-net.ro\/index.php\/wp-json\/wp\/v2\/users\/1"}],"replies":[{"embeddable":true,"href":"https:\/\/giurgiu-net.ro\/index.php\/wp-json\/wp\/v2\/comments?post=76879"}],"version-history":[{"count":0,"href":"https:\/\/giurgiu-net.ro\/index.php\/wp-json\/wp\/v2\/posts\/76879\/revisions"}],"wp:featuredmedia":[{"embeddable":true,"href":"https:\/\/giurgiu-net.ro\/index.php\/wp-json\/wp\/v2\/media\/76880"}],"wp:attachment":[{"href":"https:\/\/giurgiu-net.ro\/index.php\/wp-json\/wp\/v2\/media?parent=76879"}],"wp:term":[{"taxonomy":"category","embeddable":true,"href":"https:\/\/giurgiu-net.ro\/index.php\/wp-json\/wp\/v2\/categories?post=76879"},{"taxonomy":"post_tag","embeddable":true,"href":"https:\/\/giurgiu-net.ro\/index.php\/wp-json\/wp\/v2\/tags?post=76879"}],"curies":[{"name":"wp","href":"https:\/\/api.w.org\/{rel}","templated":true}]}}