{"id":76820,"date":"2022-02-04T08:51:41","date_gmt":"2022-02-04T06:51:41","guid":{"rendered":"http:\/\/giurgiu-net.ro\/?p=76820"},"modified":"2022-02-04T08:51:41","modified_gmt":"2022-02-04T06:51:41","slug":"inc-o-cearta-si-nca-o-cearta-s-avem-curatenie-n-poarta-lasati-pnl-istii-sa-se-certe-mai-bine","status":"publish","type":"post","link":"https:\/\/giurgiu-net.ro\/index.php\/2022\/02\/04\/inc-o-cearta-si-nca-o-cearta-s-avem-curatenie-n-poarta-lasati-pnl-istii-sa-se-certe-mai-bine\/","title":{"rendered":"\u00cenc-o ceart\u0103 \u015fi-nc\u0103-o ceart\u0103, \u015f-avem cur\u0103\u0163enie-n poart\u0103! L\u0103sa\u0163i PNL-i\u015ftii s\u0103 se certe mai bine!"},"content":{"rendered":"\n<p class=\"has-text-align-center\"><strong><em>Nu m\u0103 \u00een\u0163elege\u0163i gre\u015fit! Nu e r\u0103u c\u0103 viceprimarul PNL-ist de la municipiu Silviu Dumitrescu a ie\u015fit, \u00een sf\u00e2r\u015fit, din birou \u015fi s-a dus s\u0103 str\u00e2ng\u0103 gunoaiele de la Picioru\u2019 Podului, f\u0103r\u0103 s\u0103 fie ziua de \u201eLet\u2019s do it\u2026\u201d. Ba chiar cred c\u0103 a fost inspirat \u015fi a marcat la capitolul imagine. Deci, \u00een tabelul \u0103la\u201d X \u015fi Zero\u201d, creionat imaginar de doi membri ai aceleia\u015fi \u201eechipe c\u00e2\u015ftig\u0103toare\u201d, a ajuns s\u0103 fac\u0103 tocmai el, ce chestie,&nbsp;primul semn. De\u015fi, de fapt, primarul i l-a ar\u0103tat primul&#8230;<\/em><\/strong><\/p>\n\n\n\n<p>A\u015fadar, cu toate revela\u0163iile giurgiuvenilor care s-au prins de schem\u0103, dar ale c\u0103ror observa\u0163ii pertinente se pierd, cumin\u0163i, printre <em>floricele, aplauze \u015fi pupici pe to\u0163i obr\u0103jorii<\/em>, transmise din partea celor din tab\u0103ra advers\u0103( <strong>adic\u0103 cea \u00eempotriva primarului<\/strong>)<strong> a aceluia\u015fi partid,<\/strong> durerile de \u015fale \u015fi febra muscular\u0103 aferente pare c\u0103 au meritat. <\/p>\n\n\n\n<p>Aproape c\u0103 nici nu mai conteaz\u0103 c\u0103 <strong>terenul asupra c\u0103ruia s-a aplecat la propriu dl. vice cic\u0103 nu e al Prim\u0103riei<\/strong>. Domnia sa ar putea, foarte bine, s\u0103 se apuce de cur\u0103\u0163enie \u015fi-n Ruse. Ca s\u0103 le dovedeasc\u0103, nu-i a\u015fa, aleg\u0103torilor c\u0103 NU exist\u0103 grani\u0163e c\u00e2nd e vorba de h\u0103rnicia sa. Mai ales c\u00e2nd \u00eel apuc\u0103, a\u015fa, dintr-o dat\u0103.<\/p>\n\n\n\n<p>Aproape c\u0103 nu mai conteaz\u0103, deci, nici c\u0103 ar fi putut s\u0103-\u015fi dovedeasc\u0103 h\u0103rnicia \u015fi priceperea de vice, \u00eentr-un an \u015fi jumate, cer\u00e2ndu-le subordonatelor cu atribu\u0163ii s\u0103-\u015fi fac\u0103 treaba \u00een ora\u015f! Sigur, am \u00een\u0163eles c\u0103 i s-a spus c\u0103 nu se poate, c\u0103 nu sunt bani. Dar, cum se face c\u0103 l-a \u00eentristat asta doar c\u00e2nd a r\u0103mas f\u0103r\u0103 atribu\u0163ii? Gunoaiele alea erau acolo \u015fi ast\u0103-var\u0103, \u015fti\u0163i? Mai f\u0103cea\u0163i o baie, mai punea\u0163i dou\u0103 cotoare \u00een sac, mai facea\u0163i ni\u0163ic\u0103 plaj\u0103, mai cur\u0103\u0163a\u0163i nisipul de mucuri \u015fi de cutii goale. Sau c\u00e2nd avea\u0163i atribu\u0163ii de vice v\u0103&#8230; mirosea ur\u00e2t s\u0103 merge\u0163i la plaja de la Piciorul Podului?<\/p>\n\n\n\n<p>Eeeei, copiii mo\u015fului, c\u00e2t\u0103 vreme primarul Anghelescu nu poate zice public de ce l-a l\u0103sat f\u0103r\u0103 atribu\u0163ii(<em>c\u0103, deh, dracului, sunt \u00een acela\u015fi partid<\/em>), dl. vice are ocazia s\u0103 umple tabelul \u0103la cu tot felul de semne. \u015ei, ca s\u0103-\u015fi umple buzunarele cu \u015fi mai multe&#8230; bile albe, noi \u00eei recomand\u0103m s\u0103 ne fac\u0103 ora\u015ful lun\u0103. NU? <strong>A Win-Win situation.<\/strong><\/p>\n\n\n\n<p>C\u0103 doar n-a fost asta tot: <em>Un selfie-live mic de la Picioru\u2019 Podului, unde oricum nu ne ducem dec\u00e2t vara, ocazional \u015fi foarte pu\u0163ini dintre noi&#8230;<\/em><\/p>\n\n\n\n<p>Refuz\u0103m s\u0103 credem asta. Deci, cu respect, <strong>nu vre\u0163i s\u0103 \u00eencerca\u0163i s\u0103 lua\u0163i m\u0103tura \u015fi o sticl\u0103 cu ap\u0103 \u015fi s\u0103 cur\u0103\u0163a\u0163i str\u0103zile, a\u015fa cum se cuvine? Pentru c\u0103 n-a\u0163i promis, dle vice, c\u0103 doar o s\u0103 str\u00e2nge\u0163i gunoaiele de pe terenurile altora, ce dracului!<\/strong><\/p>\n\n\n\n<p>Nu vre\u0163i s\u0103 mai cump\u0103ra\u0163i ni\u015fte saci \u015fi s\u0103 o lua\u0163i la pas chiar prin centru, ca s\u0103 le umple\u0163i \u00een maximum 10 minute?<\/p>\n\n\n\n<p>Nu vre\u0163i s\u0103 \u00eenchiria\u0163i \u015fi ni\u015fte utilaje ca s\u0103 asfalta\u0163i pe ici pe colo, peste tot?<\/p>\n\n\n\n<p>Nu, serios, dac\u0103 tot v-a\u0163i apucat s\u0103 da\u0163i \u201eexemplu\u201d de administra\u0163ie, de\u015fi sunte\u0163i ditamai partea din ea(aceea\u015fi pe care o urechea\u0163i acum) de un an \u015fi jum\u0103tate, \u015fi zice\u0163i c\u0103 iubi\u0163i acest ora\u015f mai presus de orice, v\u0103 roag\u0103 giurgiuvenii s\u0103 v\u0103 <strong>apropia\u0163i de municipiu<\/strong> \u015fi s\u0103 v\u0103 dovedi\u0163i iubirea, respectul \u015fi &#8222;\u00eendeplinirea promisiunilor&#8221; \u00een TOATE cartierele!<\/p>\n\n\n\n<p>Altfel, <strong>toat\u0103 tevatura n-a fost dec\u00e2t o frec\u0163ie de dreapta la Picioru\u2019 Podului.<\/strong><\/p>\n\n\n\n<p>\u015ei, \u00een spiritul titlului, s\u0103 se mai certe, dom\u2019le, b\u0103ie\u0163ii \u0103\u015ftia de la PNL Giurgiu \u00eentre ei, c\u0103, uite, avem \u015fi noi \u015fanse la un ora\u015f mai curat!<\/p>\n\n\n\n<p>Hai, Doamne-ajut\u0103!<\/p>\n\n\n\n<p>Surs\u0103 foto(f\u0103r\u0103 scris): Opinia Giurgiuveanului<\/p>\n","protected":false},"excerpt":{"rendered":"<p>Nu m\u0103 \u00een\u0163elege\u0163i gre\u015fit! Nu e r\u0103u c\u0103 viceprimarul PNL-ist de la municipiu Silviu Dumitrescu a ie\u015fit, \u00een sf\u00e2r\u015fit, din birou \u015fi s-a dus s\u0103 str\u00e2ng\u0103 gunoaiele de la Picioru\u2019 Podului, f\u0103r\u0103 s\u0103 fie ziua de \u201eLet\u2019s do it\u2026\u201d. Ba chiar cred c\u0103 a fost inspirat \u015fi a marcat la capitolul imagine. Deci, \u00een tabelul [&hellip;]<\/p>\n","protected":false},"author":1,"featured_media":76821,"comment_status":"open","ping_status":"open","sticky":false,"template":"","format":"standard","meta":{"slim_seo":{"title":"\u00cenc-o ceart\u0103 \u015fi-nc\u0103-o ceart\u0103, \u015f-avem cur\u0103\u0163enie-n poart\u0103! L\u0103sa\u0163i PNL-i\u015ftii s\u0103 se certe mai bine! - GIURGIU NET","description":"Nu m\u0103 \u00een\u0163elege\u0163i gre\u015fit! Nu e r\u0103u c\u0103 viceprimarul PNL-ist de la municipiu Silviu Dumitrescu a ie\u015fit, \u00een sf\u00e2r\u015fit, din birou \u015fi s-a dus s\u0103 str\u00e2ng\u0103 gunoaiele de la"},"footnotes":""},"categories":[18,19,23,25,26,28],"tags":[2027],"class_list":{"0":"post-76820","1":"post","2":"type-post","3":"status-publish","4":"format-standard","5":"has-post-thumbnail","7":"category-actual","8":"category-adm","9":"category-pam","10":"category-pol","11":"category-soc","12":"category-uo","13":"tag-pnl-giurgiu"},"_links":{"self":[{"href":"https:\/\/giurgiu-net.ro\/index.php\/wp-json\/wp\/v2\/posts\/76820","targetHints":{"allow":["GET"]}}],"collection":[{"href":"https:\/\/giurgiu-net.ro\/index.php\/wp-json\/wp\/v2\/posts"}],"about":[{"href":"https:\/\/giurgiu-net.ro\/index.php\/wp-json\/wp\/v2\/types\/post"}],"author":[{"embeddable":true,"href":"https:\/\/giurgiu-net.ro\/index.php\/wp-json\/wp\/v2\/users\/1"}],"replies":[{"embeddable":true,"href":"https:\/\/giurgiu-net.ro\/index.php\/wp-json\/wp\/v2\/comments?post=76820"}],"version-history":[{"count":0,"href":"https:\/\/giurgiu-net.ro\/index.php\/wp-json\/wp\/v2\/posts\/76820\/revisions"}],"wp:featuredmedia":[{"embeddable":true,"href":"https:\/\/giurgiu-net.ro\/index.php\/wp-json\/wp\/v2\/media\/76821"}],"wp:attachment":[{"href":"https:\/\/giurgiu-net.ro\/index.php\/wp-json\/wp\/v2\/media?parent=76820"}],"wp:term":[{"taxonomy":"category","embeddable":true,"href":"https:\/\/giurgiu-net.ro\/index.php\/wp-json\/wp\/v2\/categories?post=76820"},{"taxonomy":"post_tag","embeddable":true,"href":"https:\/\/giurgiu-net.ro\/index.php\/wp-json\/wp\/v2\/tags?post=76820"}],"curies":[{"name":"wp","href":"https:\/\/api.w.org\/{rel}","templated":true}]}}