{"id":76817,"date":"2022-02-03T10:37:28","date_gmt":"2022-02-03T08:37:28","guid":{"rendered":"http:\/\/giurgiu-net.ro\/?p=76817"},"modified":"2022-02-03T10:37:28","modified_gmt":"2022-02-03T08:37:28","slug":"deputat-cristina-elena-dinu-la-debutul-unei-noi-sesiuni-parlamentare-implicarea-in-rezolvarea-problemelor-de-zi-cu-zi-ale-cetatenilor-este-vitala-pentru-cei-care-m-au-mandatat-in-aceasta-inalta-de","status":"publish","type":"post","link":"https:\/\/giurgiu-net.ro\/index.php\/2022\/02\/03\/deputat-cristina-elena-dinu-la-debutul-unei-noi-sesiuni-parlamentare-implicarea-in-rezolvarea-problemelor-de-zi-cu-zi-ale-cetatenilor-este-vitala-pentru-cei-care-m-au-mandatat-in-aceasta-inalta-de\/","title":{"rendered":"Deputat Cristina Elena Dinu, la debutul unei noi sesiuni parlamentare: &#8222;Implicarea \u00een rezolvarea problemelor de zi cu zi ale cet\u0103\u021benilor este vital\u0103 pentru cei care m-au mandatat \u00een aceast\u0103 \u00eenalt\u0103 demnitate!&#8221;"},"content":{"rendered":"\n<p>&#8222;G\u00e2ndurile mele la \u00eenceputul noii <a href=\"https:\/\/www.facebook.com\/hashtag\/sesiuni?__eep__=6&amp;__cft__[0]=AZW-Kld5eAykLBVvMJVxbcd9pDO5pp1qfUnPPl9gj1KoBof6JkLkGqZwHY6NA44rtRT32nH0d0A5WLVXXgwWEtdfuAP0xLrxp8NjxAYfzMgwl2IACKvrUj_mMQmpKd0tEVA&amp;__tn__=*NK-R\">#sesiuni<\/a> a Parlamentului Rom\u00e2niei se \u00eendreapt\u0103 c\u0103tre <a href=\"https:\/\/www.facebook.com\/hashtag\/giurgiuveni?__eep__=6&amp;__cft__[0]=AZW-Kld5eAykLBVvMJVxbcd9pDO5pp1qfUnPPl9gj1KoBof6JkLkGqZwHY6NA44rtRT32nH0d0A5WLVXXgwWEtdfuAP0xLrxp8NjxAYfzMgwl2IACKvrUj_mMQmpKd0tEVA&amp;__tn__=*NK-R\">#giurgiuveni<\/a>, c\u0103tre to\u0163i cet\u0103\u0163enii municipiului \u015fi jude\u0163ului Giurgiu. Voi fi la fel de activ\u0103 \u015fi implicat\u0103 \u0219i voi face tot ceea ce \u00eemi st\u0103 \u00een putere \u0219i \u00een prerogativele func\u021biei pentru <a href=\"https:\/\/www.facebook.com\/hashtag\/%C3%AEmbun%C4%83t%C4%83%C8%9Birea?__eep__=6&amp;__cft__[0]=AZW-Kld5eAykLBVvMJVxbcd9pDO5pp1qfUnPPl9gj1KoBof6JkLkGqZwHY6NA44rtRT32nH0d0A5WLVXXgwWEtdfuAP0xLrxp8NjxAYfzMgwl2IACKvrUj_mMQmpKd0tEVA&amp;__tn__=*NK-R\">#\u00eembun\u0103t\u0103\u021birea<\/a> vie\u021bii de zi cu zi a oamenilor. <\/p>\n\n\n\n<p>Voi fi <a href=\"https:\/\/www.facebook.com\/hashtag\/vocea?__eep__=6&amp;__cft__[0]=AZW-Kld5eAykLBVvMJVxbcd9pDO5pp1qfUnPPl9gj1KoBof6JkLkGqZwHY6NA44rtRT32nH0d0A5WLVXXgwWEtdfuAP0xLrxp8NjxAYfzMgwl2IACKvrUj_mMQmpKd0tEVA&amp;__tn__=*NK-R\">#vocea<\/a> giurgiuvenilor \u015fi, indiferent de op\u0163iunile lor politice, \u00eei voi reprezenta cu <a href=\"https:\/\/www.facebook.com\/hashtag\/onoare?__eep__=6&amp;__cft__[0]=AZW-Kld5eAykLBVvMJVxbcd9pDO5pp1qfUnPPl9gj1KoBof6JkLkGqZwHY6NA44rtRT32nH0d0A5WLVXXgwWEtdfuAP0xLrxp8NjxAYfzMgwl2IACKvrUj_mMQmpKd0tEVA&amp;__tn__=*NK-R\">#onoare<\/a> \u00een forul legislativ. Consider c\u0103 <a href=\"https:\/\/www.facebook.com\/hashtag\/omul?__eep__=6&amp;__cft__[0]=AZW-Kld5eAykLBVvMJVxbcd9pDO5pp1qfUnPPl9gj1KoBof6JkLkGqZwHY6NA44rtRT32nH0d0A5WLVXXgwWEtdfuAP0xLrxp8NjxAYfzMgwl2IACKvrUj_mMQmpKd0tEVA&amp;__tn__=*NK-R\">#omul<\/a> trebuie pus \u00een centrul preocup\u0103rilor unui parlamentar, iar eu personal am f\u0103cut din acest deziderat principala mea cauz\u0103. <\/p>\n\n\n\n<p>Sunt importante \u015fi <a href=\"https:\/\/www.facebook.com\/hashtag\/legile?__eep__=6&amp;__cft__[0]=AZW-Kld5eAykLBVvMJVxbcd9pDO5pp1qfUnPPl9gj1KoBof6JkLkGqZwHY6NA44rtRT32nH0d0A5WLVXXgwWEtdfuAP0xLrxp8NjxAYfzMgwl2IACKvrUj_mMQmpKd0tEVA&amp;__tn__=*NK-R\">#legile<\/a> ini\u021biate, dezb\u0103tute \u015fi votate \u00een Camera Deputa\u0163ilor, dar cred c\u0103 <a href=\"https:\/\/www.facebook.com\/hashtag\/implicarea?__eep__=6&amp;__cft__[0]=AZW-Kld5eAykLBVvMJVxbcd9pDO5pp1qfUnPPl9gj1KoBof6JkLkGqZwHY6NA44rtRT32nH0d0A5WLVXXgwWEtdfuAP0xLrxp8NjxAYfzMgwl2IACKvrUj_mMQmpKd0tEVA&amp;__tn__=*NK-R\">#implicarea<\/a> \u00een rezolvarea problemelor de zi cu zi ale cet\u0103\u021benilor este vital\u0103 pentru cei care m-au mandatat \u00een aceast\u0103 \u00eenalt\u0103 demnitate.Am fost, sunt \u015fi voi fi aproape de cet\u0103\u021benii din jude\u021bul <a href=\"https:\/\/www.facebook.com\/hashtag\/giurgiu?__eep__=6&amp;__cft__[0]=AZW-Kld5eAykLBVvMJVxbcd9pDO5pp1qfUnPPl9gj1KoBof6JkLkGqZwHY6NA44rtRT32nH0d0A5WLVXXgwWEtdfuAP0xLrxp8NjxAYfzMgwl2IACKvrUj_mMQmpKd0tEVA&amp;__tn__=*NK-R\">#Giurgiu<\/a> \u015fi le promit c\u0103 voi prezenta problemele lor c\u0103tre <a href=\"https:\/\/www.facebook.com\/hashtag\/institu%C5%A3iile?__eep__=6&amp;__cft__[0]=AZW-Kld5eAykLBVvMJVxbcd9pDO5pp1qfUnPPl9gj1KoBof6JkLkGqZwHY6NA44rtRT32nH0d0A5WLVXXgwWEtdfuAP0xLrxp8NjxAYfzMgwl2IACKvrUj_mMQmpKd0tEVA&amp;__tn__=*NK-R\">#institu\u0163iile<\/a> abilitate ale statului, \u00een scopul rezolv\u0103rii acestora, \u00een conformitate cu legile \u015fi actele normative \u00een vigoare. <\/p>\n\n\n\n<p>De asemenea, \u00eei asigur pe <a href=\"https:\/\/www.facebook.com\/hashtag\/primarii?__eep__=6&amp;__cft__[0]=AZW-Kld5eAykLBVvMJVxbcd9pDO5pp1qfUnPPl9gj1KoBof6JkLkGqZwHY6NA44rtRT32nH0d0A5WLVXXgwWEtdfuAP0xLrxp8NjxAYfzMgwl2IACKvrUj_mMQmpKd0tEVA&amp;__tn__=*NK-R\">#primarii<\/a> localit\u0103\u0163ilor jude\u0163ului c\u0103 \u00eei voi sus\u0163ine \u00een toate <a href=\"https:\/\/www.facebook.com\/hashtag\/proiectele?__eep__=6&amp;__cft__[0]=AZW-Kld5eAykLBVvMJVxbcd9pDO5pp1qfUnPPl9gj1KoBof6JkLkGqZwHY6NA44rtRT32nH0d0A5WLVXXgwWEtdfuAP0xLrxp8NjxAYfzMgwl2IACKvrUj_mMQmpKd0tEVA&amp;__tn__=*NK-R\">#proiectele<\/a> de dezvoltare \u015fi modernizare ale comunit\u0103\u0163ilor locale. Vor avea \u00een mine \u00een continuare un <a href=\"https:\/\/www.facebook.com\/hashtag\/partener?__eep__=6&amp;__cft__[0]=AZW-Kld5eAykLBVvMJVxbcd9pDO5pp1qfUnPPl9gj1KoBof6JkLkGqZwHY6NA44rtRT32nH0d0A5WLVXXgwWEtdfuAP0xLrxp8NjxAYfzMgwl2IACKvrUj_mMQmpKd0tEVA&amp;__tn__=*NK-R\">#partener<\/a> devotat, pentru c\u0103 receptivitatea lor a fost direct propor\u0163ional\u0103 cu str\u0103duin\u0163ele mele. <\/p>\n\n\n\n<p>Sunt sigur\u0103 c\u0103 <a href=\"https:\/\/www.facebook.com\/hashtag\/%C3%AEmpreun%C4%83?__eep__=6&amp;__cft__[0]=AZW-Kld5eAykLBVvMJVxbcd9pDO5pp1qfUnPPl9gj1KoBof6JkLkGqZwHY6NA44rtRT32nH0d0A5WLVXXgwWEtdfuAP0xLrxp8NjxAYfzMgwl2IACKvrUj_mMQmpKd0tEVA&amp;__tn__=*NK-R\">#\u00eempreun\u0103<\/a> putem reu\u015fi! V\u0103 a\u015ftept, de asemenea, cu idei, propuneri, solu\u0163ii la diferitele probleme la adresa de e-mail deputatcristinadinu@gmail.com.<\/p>\n\n\n\n<p>V\u0103 mul\u0163umesc c\u0103 \u00eemi sunte\u0163i al\u0103turi \u015fi v\u0103 doresc un an <a href=\"https:\/\/www.facebook.com\/hashtag\/prosper?__eep__=6&amp;__cft__[0]=AZW-Kld5eAykLBVvMJVxbcd9pDO5pp1qfUnPPl9gj1KoBof6JkLkGqZwHY6NA44rtRT32nH0d0A5WLVXXgwWEtdfuAP0xLrxp8NjxAYfzMgwl2IACKvrUj_mMQmpKd0tEVA&amp;__tn__=*NK-R\">#prosper<\/a>, at\u00e2t din punct de vedere personal, c\u00e2t \u015fi profesional.<\/p>\n\n\n\n<p>Deputat PSD Giurgiu, CRISTINA-ELENA DINU&#8221;<\/p>\n","protected":false},"excerpt":{"rendered":"<p>&#8222;G\u00e2ndurile mele la \u00eenceputul noii #sesiuni a Parlamentului Rom\u00e2niei se \u00eendreapt\u0103 c\u0103tre #giurgiuveni, c\u0103tre to\u0163i cet\u0103\u0163enii municipiului \u015fi jude\u0163ului Giurgiu. Voi fi la fel de activ\u0103 \u015fi implicat\u0103 \u0219i voi face tot ceea ce \u00eemi st\u0103 \u00een putere \u0219i \u00een prerogativele func\u021biei pentru #\u00eembun\u0103t\u0103\u021birea vie\u021bii de zi cu zi a oamenilor. Voi fi #vocea giurgiuvenilor [&hellip;]<\/p>\n","protected":false},"author":1,"featured_media":76818,"comment_status":"open","ping_status":"open","sticky":false,"template":"","format":"standard","meta":{"slim_seo":{"title":"Deputat Cristina Elena Dinu, la debutul unei noi sesiuni parlamentare: \"Implicarea \u00een rezolvarea problemelor de zi cu zi ale cet\u0103\u021benilor este vital\u0103 pentru cei care m-au mandatat \u00een aceast\u0103 \u00eenalt\u0103 demnitate!\" - GIURGIU NET","description":"\"G\u00e2ndurile mele la \u00eenceputul noii #sesiuni a Parlamentului Rom\u00e2niei se \u00eendreapt\u0103 c\u0103tre #giurgiuveni , c\u0103tre to\u0163i cet\u0103\u0163enii municipiului \u015fi jude\u0163ului Giurgiu. Vo"},"footnotes":""},"categories":[18,19,25,26,28],"tags":[1025],"class_list":{"0":"post-76817","1":"post","2":"type-post","3":"status-publish","4":"format-standard","5":"has-post-thumbnail","7":"category-actual","8":"category-adm","9":"category-pol","10":"category-soc","11":"category-uo","12":"tag-elena-dinu"},"_links":{"self":[{"href":"https:\/\/giurgiu-net.ro\/index.php\/wp-json\/wp\/v2\/posts\/76817","targetHints":{"allow":["GET"]}}],"collection":[{"href":"https:\/\/giurgiu-net.ro\/index.php\/wp-json\/wp\/v2\/posts"}],"about":[{"href":"https:\/\/giurgiu-net.ro\/index.php\/wp-json\/wp\/v2\/types\/post"}],"author":[{"embeddable":true,"href":"https:\/\/giurgiu-net.ro\/index.php\/wp-json\/wp\/v2\/users\/1"}],"replies":[{"embeddable":true,"href":"https:\/\/giurgiu-net.ro\/index.php\/wp-json\/wp\/v2\/comments?post=76817"}],"version-history":[{"count":0,"href":"https:\/\/giurgiu-net.ro\/index.php\/wp-json\/wp\/v2\/posts\/76817\/revisions"}],"wp:featuredmedia":[{"embeddable":true,"href":"https:\/\/giurgiu-net.ro\/index.php\/wp-json\/wp\/v2\/media\/76818"}],"wp:attachment":[{"href":"https:\/\/giurgiu-net.ro\/index.php\/wp-json\/wp\/v2\/media?parent=76817"}],"wp:term":[{"taxonomy":"category","embeddable":true,"href":"https:\/\/giurgiu-net.ro\/index.php\/wp-json\/wp\/v2\/categories?post=76817"},{"taxonomy":"post_tag","embeddable":true,"href":"https:\/\/giurgiu-net.ro\/index.php\/wp-json\/wp\/v2\/tags?post=76817"}],"curies":[{"name":"wp","href":"https:\/\/api.w.org\/{rel}","templated":true}]}}