{"id":76565,"date":"2022-01-11T15:31:52","date_gmt":"2022-01-11T13:31:52","guid":{"rendered":"http:\/\/giurgiu-net.ro\/?p=76565"},"modified":"2022-01-11T15:31:52","modified_gmt":"2022-01-11T13:31:52","slug":"primarul-din-comana-aurel-enache-catre-pnl-istul-beianu-a-transformat-consiliul-judetean-intr-un-srl-imparte-banii-de-la-buget-ca-si-cum-ar-fi-ai-lui","status":"publish","type":"post","link":"https:\/\/giurgiu-net.ro\/index.php\/2022\/01\/11\/primarul-din-comana-aurel-enache-catre-pnl-istul-beianu-a-transformat-consiliul-judetean-intr-un-srl-imparte-banii-de-la-buget-ca-si-cum-ar-fi-ai-lui\/","title":{"rendered":"Primarul din Comana, Aurel Enache, c\u0103tre PNL-istul Beianu: \u201eA transformat Consiliul Jude\u0163ean \u00eentr-un SRL. \u00cemparte banii de la buget ca \u015fi cum ar fi ai lui!\u201d"},"content":{"rendered":"\n<p>Ce vorb\u0103 mi\u015fto au rom\u00e2nii: \u201eR\u0103zbunarea e arma prostului\u201d!<\/p>\n\n\n\n<p>C\u00e2nd vreodat\u0103, mai ales \u00een politic\u0103, respectiv administra\u0163ie, a ie\u015fit ceva bun dintr-o ac\u0163iune desf\u0103\u015furat\u0103 sub semnul r\u0103zbun\u0103rii? Uita\u0163i-v\u0103 la Giurgiu, de exemplu&#8230; C\u0103ci, \u015ftim cu to\u0163ii, \u015fi de aia suntem unde suntem.<\/p>\n\n\n\n<p>S\u0103tul de promisiuni de\u015farte, de arogan\u0163\u0103 \u015fi de minciuni, cum a \u015fi declarat, de altfel, primarul comunei Comana, Aurel Enache, a avut curajul s\u0103 anun\u0163e oficial c\u0103 nu mai vrea s\u0103 fac\u0103 parte din echipa PNL Giurgiu.<\/p>\n\n\n\n<p>B\u0103rb\u0103te\u015fte, cu maturitate \u015fi ca dovad\u0103 a mult-tr\u00e2mbi\u0163atei superiorit\u0103\u0163i, cei viza\u0163i ar fi trebuit s\u0103-l lase s\u0103 plece, f\u0103r\u0103 s\u0103-\u015fi verse frustr\u0103rile politice sau de orice alt\u0103 natur\u0103, transformate \u00een acte evidente de r\u0103zbunare, cu efecte grave asupra dezvolt\u0103rii unei comunit\u0103\u0163i.<\/p>\n\n\n\n<p>De la anun\u0163ul cu pricina, primarul Enache este faultat financiar la orice alocare. Fie c\u0103 vorbim despre bani de la Guvernul condus de PNL, ori de cei care vin prin Finan\u0163e sau, iat\u0103, de la Consiliul Jude\u0163ean Giurgiu, edilul uneia dintre cele mai frumoase \u015fi mai importante comune giurgiuvene(mai ales din punct de vedere turistic) este \u201eexecutat\u201d cu dreapta.<\/p>\n\n\n\n<p>Comana a fost \u015ftears\u0103 de pe lista privind alocarea celor &nbsp;6% din impozit pe venit(<em>pe care i-au pierdut to\u0163i primarii, gra\u0163ie CJ Giurgiu condus de pre\u015fedintele Beianu<\/em>), iar acum, la echilibrarea bugetului, i-a fost alocat\u0103 o sum\u0103 mult mai mic\u0103 dec\u00e2t \u00een anii anteriori. Adic\u0103, dac\u0103 \u00een 2020 \u015fi 2021, Comana primea 7 miliarde lei vechi, anul \u0103sta ia doar 3,5 miliarde.<\/p>\n\n\n\n<figure class=\"wp-block-gallery columns-3 is-cropped wp-block-gallery-1 is-layout-flex wp-block-gallery-is-layout-flex\"><ul class=\"blocks-gallery-grid\"><li class=\"blocks-gallery-item\"><figure><a href=\"https:\/\/giurgiu-net.ro\/wp-content\/uploads\/2022\/01\/WhatsApp-Image-2022-01-11-at-13.00.15.jpeg\"><img loading=\"lazy\" decoding=\"async\" width=\"300\" height=\"255\" src=\"https:\/\/giurgiu-net.ro\/wp-content\/uploads\/2022\/01\/WhatsApp-Image-2022-01-11-at-13.00.15-300x255.jpeg\" alt=\"\" data-id=\"76566\" data-full-url=\"https:\/\/giurgiu-net.ro\/wp-content\/uploads\/2022\/01\/WhatsApp-Image-2022-01-11-at-13.00.15.jpeg\" data-link=\"https:\/\/giurgiu-net.ro\/?attachment_id=76566\" class=\"wp-image-76566\" srcset=\"https:\/\/giurgiu-net.ro\/wp-content\/uploads\/2022\/01\/WhatsApp-Image-2022-01-11-at-13.00.15-300x255.jpeg 300w, https:\/\/giurgiu-net.ro\/wp-content\/uploads\/2022\/01\/WhatsApp-Image-2022-01-11-at-13.00.15-1024x871.jpeg 1024w, https:\/\/giurgiu-net.ro\/wp-content\/uploads\/2022\/01\/WhatsApp-Image-2022-01-11-at-13.00.15-768x653.jpeg 768w, https:\/\/giurgiu-net.ro\/wp-content\/uploads\/2022\/01\/WhatsApp-Image-2022-01-11-at-13.00.15-696x592.jpeg 696w, https:\/\/giurgiu-net.ro\/wp-content\/uploads\/2022\/01\/WhatsApp-Image-2022-01-11-at-13.00.15-1068x908.jpeg 1068w, https:\/\/giurgiu-net.ro\/wp-content\/uploads\/2022\/01\/WhatsApp-Image-2022-01-11-at-13.00.15.jpeg 1282w\" sizes=\"auto, (max-width: 300px) 100vw, 300px\" \/><\/a><\/figure><\/li><li class=\"blocks-gallery-item\"><figure><a href=\"https:\/\/giurgiu-net.ro\/wp-content\/uploads\/2022\/01\/WhatsApp-Image-2022-01-11-at-13.00.16-1.jpeg\"><img loading=\"lazy\" decoding=\"async\" width=\"300\" height=\"297\" src=\"https:\/\/giurgiu-net.ro\/wp-content\/uploads\/2022\/01\/WhatsApp-Image-2022-01-11-at-13.00.16-1-300x297.jpeg\" alt=\"\" data-id=\"76567\" data-full-url=\"https:\/\/giurgiu-net.ro\/wp-content\/uploads\/2022\/01\/WhatsApp-Image-2022-01-11-at-13.00.16-1.jpeg\" data-link=\"https:\/\/giurgiu-net.ro\/?attachment_id=76567\" class=\"wp-image-76567\" srcset=\"https:\/\/giurgiu-net.ro\/wp-content\/uploads\/2022\/01\/WhatsApp-Image-2022-01-11-at-13.00.16-1-300x297.jpeg 300w, https:\/\/giurgiu-net.ro\/wp-content\/uploads\/2022\/01\/WhatsApp-Image-2022-01-11-at-13.00.16-1-1024x1013.jpeg 1024w, https:\/\/giurgiu-net.ro\/wp-content\/uploads\/2022\/01\/WhatsApp-Image-2022-01-11-at-13.00.16-1-150x150.jpeg 150w, https:\/\/giurgiu-net.ro\/wp-content\/uploads\/2022\/01\/WhatsApp-Image-2022-01-11-at-13.00.16-1-768x760.jpeg 768w, https:\/\/giurgiu-net.ro\/wp-content\/uploads\/2022\/01\/WhatsApp-Image-2022-01-11-at-13.00.16-1-696x688.jpeg 696w, https:\/\/giurgiu-net.ro\/wp-content\/uploads\/2022\/01\/WhatsApp-Image-2022-01-11-at-13.00.16-1-1068x1056.jpeg 1068w, https:\/\/giurgiu-net.ro\/wp-content\/uploads\/2022\/01\/WhatsApp-Image-2022-01-11-at-13.00.16-1.jpeg 1536w\" sizes=\"auto, (max-width: 300px) 100vw, 300px\" \/><\/a><\/figure><\/li><li class=\"blocks-gallery-item\"><figure><a href=\"https:\/\/giurgiu-net.ro\/wp-content\/uploads\/2022\/01\/WhatsApp-Image-2022-01-11-at-13.00.16.jpeg\"><img loading=\"lazy\" decoding=\"async\" width=\"298\" height=\"300\" src=\"https:\/\/giurgiu-net.ro\/wp-content\/uploads\/2022\/01\/WhatsApp-Image-2022-01-11-at-13.00.16-298x300.jpeg\" alt=\"\" data-id=\"76568\" data-full-url=\"https:\/\/giurgiu-net.ro\/wp-content\/uploads\/2022\/01\/WhatsApp-Image-2022-01-11-at-13.00.16.jpeg\" data-link=\"https:\/\/giurgiu-net.ro\/?attachment_id=76568\" class=\"wp-image-76568\" srcset=\"https:\/\/giurgiu-net.ro\/wp-content\/uploads\/2022\/01\/WhatsApp-Image-2022-01-11-at-13.00.16-298x300.jpeg 298w, https:\/\/giurgiu-net.ro\/wp-content\/uploads\/2022\/01\/WhatsApp-Image-2022-01-11-at-13.00.16-1016x1024.jpeg 1016w, https:\/\/giurgiu-net.ro\/wp-content\/uploads\/2022\/01\/WhatsApp-Image-2022-01-11-at-13.00.16-150x150.jpeg 150w, https:\/\/giurgiu-net.ro\/wp-content\/uploads\/2022\/01\/WhatsApp-Image-2022-01-11-at-13.00.16-768x774.jpeg 768w, https:\/\/giurgiu-net.ro\/wp-content\/uploads\/2022\/01\/WhatsApp-Image-2022-01-11-at-13.00.16-696x701.jpeg 696w, https:\/\/giurgiu-net.ro\/wp-content\/uploads\/2022\/01\/WhatsApp-Image-2022-01-11-at-13.00.16-1068x1076.jpeg 1068w, https:\/\/giurgiu-net.ro\/wp-content\/uploads\/2022\/01\/WhatsApp-Image-2022-01-11-at-13.00.16.jpeg 1431w\" sizes=\"auto, (max-width: 298px) 100vw, 298px\" \/><\/a><\/figure><\/li><\/ul><\/figure>\n\n\n\n<p>Cum am mai spus \u015fi cu alte ocazii, domnilor PNL-i\u015fti, nu-l pedepsi\u0163i pe Aurel Enache. Slav\u0103 Domnului, a f\u0103cut at\u00e2t de multe lucruri \u00een Comana c\u0103, vorba aceea, probabil nici nu s-a n\u0103scut deocamdat\u0103 vreun contracandidat. Ci \u00eei pedepsi\u0163i pe to\u0163i giurgiuvenii de acolo, banii put\u00e2nd fi folosi\u0163i pentru continuarea dezvolt\u0103rii comunit\u0103\u0163ii lor.<\/p>\n\n\n\n<p>Primarul Aurel Enache le-a dat o declara\u0163ie pe acest subiect colegilor de la Giurgiu pe Surse, pe care o red\u0103m integral:<\/p>\n\n\n\n<p>\u201e<strong>Din luna noiembrie \u015fi p\u00e2n\u0103 \u00een luna ianuarie, sunt c\u00e2teva sate din comuna noastr\u0103 care au trecut la jude\u0163ul Ilfov. Este singura explica\u0163ie logic\u0103 pentru modul \u00een care a g\u00e2ndit domnul pre\u015fedinte Beianu criteriile de repatizarea a banilor de la Consiliul Jude\u0163ean c\u0103tre Comana. Nu vreau s\u0103 m\u0103 g\u00e2ndesc la r\u0103zbunare politic\u0103, cu siguran\u0163\u0103 nu ar face dumnealui a\u015fa ceva. Pentru c\u0103 nu se r\u0103zbun\u0103 pe primarul Aurel Enache, care i-a adus 3.500 de voturi, de suferit au to\u0163i oamenii din localitate.<\/strong><br \/><strong>Este foarte grav pentru to\u0163i locuitorii jude\u0163ului Giurgiu faptul c\u0103 un pre\u015fedinte ilegitim de consiliul jude\u0163ean a transformat institu\u0163ia \u00eentr-un SRL. Dumitru Beianu \u00eemparte banii de la buget ca \u015fi cum ar fi banii lui. \u015etiu c\u0103 te doare, domnule pre\u015fedinte, dar \u00ee\u0163i spun \u00eenc\u0103 o dat\u0103 \u00een fa\u0163\u0103: Nu oamenii te-au votat, primarii te-au f\u0103cut ce e\u015fti ast\u0103zi!\u201d<\/strong>.<\/p>\n\n\n\n<p>F\u0103r\u0103 alte comentarii&#8230;<\/p>\n\n\n\n<p>Surs\u0103 foto: Foto Arcanu<\/p>\n","protected":false},"excerpt":{"rendered":"<p>Ce vorb\u0103 mi\u015fto au rom\u00e2nii: \u201eR\u0103zbunarea e arma prostului\u201d! C\u00e2nd vreodat\u0103, mai ales \u00een politic\u0103, respectiv administra\u0163ie, a ie\u015fit ceva bun dintr-o ac\u0163iune desf\u0103\u015furat\u0103 sub semnul r\u0103zbun\u0103rii? Uita\u0163i-v\u0103 la Giurgiu, de exemplu&#8230; C\u0103ci, \u015ftim cu to\u0163ii, \u015fi de aia suntem unde suntem. S\u0103tul de promisiuni de\u015farte, de arogan\u0163\u0103 \u015fi de minciuni, cum a \u015fi declarat, [&hellip;]<\/p>\n","protected":false},"author":1,"featured_media":76571,"comment_status":"open","ping_status":"open","sticky":false,"template":"","format":"standard","meta":{"slim_seo":{"title":"Primarul din Comana, Aurel Enache, c\u0103tre PNL-istul Beianu: \u201eA transformat Consiliul Jude\u0163ean \u00eentr-un SRL. \u00cemparte banii de la buget ca \u015fi cum ar fi ai lui!\u201d - GIURGIU NET","description":"Ce vorb\u0103 mi\u015fto au rom\u00e2nii: \u201eR\u0103zbunarea e arma prostului\u201d! C\u00e2nd vreodat\u0103, mai ales \u00een politic\u0103, respectiv administra\u0163ie, a ie\u015fit ceva bun dintr-o ac\u0163iune desf\u0103\u015fu"},"footnotes":""},"categories":[18,19,25,28],"tags":[293,606,1004],"class_list":{"0":"post-76565","1":"post","2":"type-post","3":"status-publish","4":"format-standard","5":"has-post-thumbnail","7":"category-actual","8":"category-adm","9":"category-pol","10":"category-uo","11":"tag-aurel-enache","12":"tag-cj-giurgiu","13":"tag-dumitru-beianu"},"_links":{"self":[{"href":"https:\/\/giurgiu-net.ro\/index.php\/wp-json\/wp\/v2\/posts\/76565","targetHints":{"allow":["GET"]}}],"collection":[{"href":"https:\/\/giurgiu-net.ro\/index.php\/wp-json\/wp\/v2\/posts"}],"about":[{"href":"https:\/\/giurgiu-net.ro\/index.php\/wp-json\/wp\/v2\/types\/post"}],"author":[{"embeddable":true,"href":"https:\/\/giurgiu-net.ro\/index.php\/wp-json\/wp\/v2\/users\/1"}],"replies":[{"embeddable":true,"href":"https:\/\/giurgiu-net.ro\/index.php\/wp-json\/wp\/v2\/comments?post=76565"}],"version-history":[{"count":0,"href":"https:\/\/giurgiu-net.ro\/index.php\/wp-json\/wp\/v2\/posts\/76565\/revisions"}],"wp:featuredmedia":[{"embeddable":true,"href":"https:\/\/giurgiu-net.ro\/index.php\/wp-json\/wp\/v2\/media\/76571"}],"wp:attachment":[{"href":"https:\/\/giurgiu-net.ro\/index.php\/wp-json\/wp\/v2\/media?parent=76565"}],"wp:term":[{"taxonomy":"category","embeddable":true,"href":"https:\/\/giurgiu-net.ro\/index.php\/wp-json\/wp\/v2\/categories?post=76565"},{"taxonomy":"post_tag","embeddable":true,"href":"https:\/\/giurgiu-net.ro\/index.php\/wp-json\/wp\/v2\/tags?post=76565"}],"curies":[{"name":"wp","href":"https:\/\/api.w.org\/{rel}","templated":true}]}}