{"id":76561,"date":"2022-01-11T12:39:10","date_gmt":"2022-01-11T10:39:10","guid":{"rendered":"http:\/\/giurgiu-net.ro\/?p=76561"},"modified":"2022-01-11T12:39:10","modified_gmt":"2022-01-11T10:39:10","slug":"noi-taieri-salariale-la-dgaspc-giurgiu","status":"publish","type":"post","link":"https:\/\/giurgiu-net.ro\/index.php\/2022\/01\/11\/noi-taieri-salariale-la-dgaspc-giurgiu\/","title":{"rendered":"Noi t\u0103ieri de salarii la DGASPC Giurgiu"},"content":{"rendered":"\n<p>Nu v\u0103 sup\u0103ra\u0163i, ave\u0163i ceva \u00eempotriva rom\u00e2nilor muncitori, a celor care fac eforturi ca s\u0103-\u015fi \u00eentre\u0163in\u0103 familia? Dac\u0103 n-au avut inspira\u0163ia sau norocul sau curajul s\u0103 devin\u0103 antreprenori, asta \u00eenseamn\u0103 c\u0103 merit\u0103 s\u0103 fie( poate chiar exploata\u0163i \u015fi batjocori\u0163i) am\u0103gi\u0163i cu \u201cfirimitura\u201d, tot timpul constr\u00e2n\u015fi, speria\u0163i c\u0103 r\u0103m\u00e2n f\u0103r\u0103 locul de munc\u0103, trata\u0163i cu arogan\u0163\u0103 \u015fi (nejustificat\u0103) superioritate?<\/p>\n\n\n\n<p>C\u0103ci, de fiecare dat\u0103, politicienii de dreapta, c\u00e2nd au pus m\u00e2na pe putere, prin m\u0103surile lor, asta au demonstrat. Un fel de: lu\u0103m de la cei mul\u0163i \u015fi s\u0103raci, ca s\u0103 le fie bine celor care au, oricum, mai mult. Este o concluzie u\u015for de demonstrat, sim\u0163it\u0103 pe pielea tuturor celor care se \u00eencadreaz\u0103 \u00een descrierea din primul paragraf.<\/p>\n\n\n\n<p>Anul 2022 \u00eencepe prost pentru unii dintre angaja\u0163ii Direc\u0163iei Generale de Asisten\u0163\u0103 Social\u0103 \u015fi Protec\u0163ia Copilului(DGASPC) Giurgiu. Exact la fel cum s-a terminat 2021.<\/p>\n\n\n\n<p>Dup\u0103 ce, \u00een septembrie anul trecut, conducerea PNL-ist\u0103 a Consiliului Jude\u0163ean Giurgiu a decis t\u0103ierea mai multor sporuri(pentru cei de la DGASPC fiind vorba despre sporul pentru proiecte), \u00eencep\u00e2nd cu luna aceasta, unii salaria\u0163i <strong>r\u0103m\u00e2n \u015fi f\u0103r\u0103 sporul pentru condi\u0163ii v\u0103t\u0103m\u0103toare sau periculoase<\/strong>. \u00cen decizia transmis\u0103 de c\u0103tre conducerea CJ Giurgiu c\u0103tre Sindicatul Protec\u0163ia Copilului Giurgiu este invocat un referat \u00een baza unei adrese cu privire la o interpretare a unui raport\u2026 (d\u0103m \u015fi detalii, dac\u0103 este nevoie!).<\/p>\n\n\n\n<p>\u00cen fine, conform legii, nu pare nimic necurat, dar moral&#8230; Fiindc\u0103 este o decizie care va afecta financiar circa 150 de familii, potrivit unor surse administrative care ne-au spus \u015fi c\u0103 ar fi vorba despre 200 de lei \u00een minus, la salariu, pentru cei viza\u0163i. <\/p>\n\n\n\n<p>De ce acum \u015fi nu anul trecut sau \u00een var\u0103, c\u00e2nd nu vor mai fi facturile at\u00e2t de mari la utilit\u0103\u0163i? De ce mereu tot t\u0103ieri \u015fi nu stimularea, motivarea oamenilor, r\u0103spl\u0103tirea lor pentru munca depus\u0103? De ce doar unii sunt afecta\u0163i, iar al\u0163ii au doar beneficii? Cine stabile\u015fte criteriile \u015fi care sunt acestea?<\/p>\n\n\n\n<p>De ce trebuie mereu s\u0103 ajungem la str\u00e2nsul curelei, la disponibiliz\u0103ri, de ce mereu e criz\u0103, sub administra\u0163ia liberal\u0103?<\/p>\n\n\n\n<p>Probabil, nu vom primi vreodat\u0103 un r\u0103spuns sincer la aceste \u00eentreb\u0103ri, drept urmare, dac\u0103 azi tot e ziua cuv\u00e2ntului \u201cMul\u0163umesc!\u201d, suntem convin\u015fi c\u0103 angaja\u0163ii care au r\u0103mas f\u0103r\u0103 bani la salariu le vor \u201cmul\u0163umi\u201d a\u015fa cum se cuvine celor responsabili.<\/p>\n","protected":false},"excerpt":{"rendered":"<p>Nu v\u0103 sup\u0103ra\u0163i, ave\u0163i ceva \u00eempotriva rom\u00e2nilor muncitori, a celor care fac eforturi ca s\u0103-\u015fi \u00eentre\u0163in\u0103 familia? Dac\u0103 n-au avut inspira\u0163ia sau norocul sau curajul s\u0103 devin\u0103 antreprenori, asta \u00eenseamn\u0103 c\u0103 merit\u0103 s\u0103 fie( poate chiar exploata\u0163i \u015fi batjocori\u0163i) am\u0103gi\u0163i cu \u201cfirimitura\u201d, tot timpul constr\u00e2n\u015fi, speria\u0163i c\u0103 r\u0103m\u00e2n f\u0103r\u0103 locul de munc\u0103, trata\u0163i cu arogan\u0163\u0103 [&hellip;]<\/p>\n","protected":false},"author":1,"featured_media":35579,"comment_status":"open","ping_status":"open","sticky":false,"template":"","format":"standard","meta":{"slim_seo":{"title":"Noi t\u0103ieri de salarii la DGASPC Giurgiu - GIURGIU NET","description":"Nu v\u0103 sup\u0103ra\u0163i, ave\u0163i ceva \u00eempotriva rom\u00e2nilor muncitori, a celor care fac eforturi ca s\u0103-\u015fi \u00eentre\u0163in\u0103 familia? Dac\u0103 n-au avut inspira\u0163ia sau norocul sau curaju"},"footnotes":""},"categories":[18,19,25,28],"tags":[606],"class_list":{"0":"post-76561","1":"post","2":"type-post","3":"status-publish","4":"format-standard","5":"has-post-thumbnail","7":"category-actual","8":"category-adm","9":"category-pol","10":"category-uo","11":"tag-cj-giurgiu"},"_links":{"self":[{"href":"https:\/\/giurgiu-net.ro\/index.php\/wp-json\/wp\/v2\/posts\/76561","targetHints":{"allow":["GET"]}}],"collection":[{"href":"https:\/\/giurgiu-net.ro\/index.php\/wp-json\/wp\/v2\/posts"}],"about":[{"href":"https:\/\/giurgiu-net.ro\/index.php\/wp-json\/wp\/v2\/types\/post"}],"author":[{"embeddable":true,"href":"https:\/\/giurgiu-net.ro\/index.php\/wp-json\/wp\/v2\/users\/1"}],"replies":[{"embeddable":true,"href":"https:\/\/giurgiu-net.ro\/index.php\/wp-json\/wp\/v2\/comments?post=76561"}],"version-history":[{"count":0,"href":"https:\/\/giurgiu-net.ro\/index.php\/wp-json\/wp\/v2\/posts\/76561\/revisions"}],"wp:featuredmedia":[{"embeddable":true,"href":"https:\/\/giurgiu-net.ro\/index.php\/wp-json\/wp\/v2\/media\/35579"}],"wp:attachment":[{"href":"https:\/\/giurgiu-net.ro\/index.php\/wp-json\/wp\/v2\/media?parent=76561"}],"wp:term":[{"taxonomy":"category","embeddable":true,"href":"https:\/\/giurgiu-net.ro\/index.php\/wp-json\/wp\/v2\/categories?post=76561"},{"taxonomy":"post_tag","embeddable":true,"href":"https:\/\/giurgiu-net.ro\/index.php\/wp-json\/wp\/v2\/tags?post=76561"}],"curies":[{"name":"wp","href":"https:\/\/api.w.org\/{rel}","templated":true}]}}