{"id":76527,"date":"2022-01-04T11:02:52","date_gmt":"2022-01-04T09:02:52","guid":{"rendered":"http:\/\/giurgiu-net.ro\/?p=76527"},"modified":"2022-01-04T11:02:52","modified_gmt":"2022-01-04T09:02:52","slug":"deputat-marian-mina-psd-a-intrat-la-guvernare-pentru-a-pune-capat-declinului-social-si-economic-dupa-2-ani-de-conducere-a-dreptei","status":"publish","type":"post","link":"https:\/\/giurgiu-net.ro\/index.php\/2022\/01\/04\/deputat-marian-mina-psd-a-intrat-la-guvernare-pentru-a-pune-capat-declinului-social-si-economic-dupa-2-ani-de-conducere-a-dreptei\/","title":{"rendered":"Deputat Marian Mina: &#8222;PSD a intrat la guvernare pentru a pune cap\u0103t declinului social \u015fi economic, dup\u0103 2 ani de conducere a dreptei&#8221;"},"content":{"rendered":"\n<p><img loading=\"lazy\" decoding=\"async\" height=\"16\" width=\"16\" alt=\"\u2611\ufe0f\" src=\"https:\/\/static.xx.fbcdn.net\/images\/emoji.php\/v9\/t8d\/1\/16\/2611.png\"\/> Am promis, ne-am \u0163inut de cuv\u00e2nt! \u00centr-o singur\u0103 lun\u0103 de guvernare, PSD a impus m\u0103suri prin care au crescut veniturile a 10 milioane de rom\u00e2ni, a fost alocat cel mai mare buget la <a href=\"https:\/\/www.facebook.com\/hashtag\/investi%C5%A3ii?__eep__=6&amp;__cft__[0]=AZUm-epplti_RuesGUl7x0g2x0KkrHlOv8zGrtf-IRUUGsGYeXQX4Uy-yTfcRRuZufff5Si411lMBBNqDHYYdP_7dTgUBVydHZcTUf8FtOFlcTOzRWZUet1qXTzLZxCRQgjQn52hM3rI_qhegt0p53Cn&amp;__tn__=*NK-R\">#Investi\u0163ii<\/a>, a fost schimbat\u0103 abordarea \u00een privin\u0163a pandemiei \u015fi a crescut bugetul la S\u0103n\u0103tate. <\/p>\n\n\n\n<p>De asemenea, \u00eentr-o singur\u0103 lun\u0103 de guvernare, au fost luate m\u0103suri pentru sprijinirea mediului de afaceri \u0219i pentru \u00eembun\u0103t\u0103\u021birea colect\u0103rii taxelor, dar \u015fi pentru sus\u021binerea natalit\u0103\u021bii \u0219i a familiei.<\/p>\n\n\n\n<p><a href=\"https:\/\/www.facebook.com\/hashtag\/psd?__eep__=6&amp;__cft__[0]=AZUm-epplti_RuesGUl7x0g2x0KkrHlOv8zGrtf-IRUUGsGYeXQX4Uy-yTfcRRuZufff5Si411lMBBNqDHYYdP_7dTgUBVydHZcTUf8FtOFlcTOzRWZUet1qXTzLZxCRQgjQn52hM3rI_qhegt0p53Cn&amp;__tn__=*NK-R\">#PSD<\/a> a intrat la guvernare pentru a pune cap\u0103t declinului social \u015fi economic, dup\u0103 2 ani de conducere a dreptei \u015fi, dac\u0103 nu am fi f\u0103cut acest pas, toate m\u0103surile NU ar mai fi existat ast\u0103zi!V\u0103 amintesc doar c\u00e2teva dintre principalele m\u0103suri, luate \u00eentr-o singur\u0103 lun\u0103 de c\u00e2nd PSD a intrat \u00een guvern:<\/p>\n\n\n\n<p><img loading=\"lazy\" decoding=\"async\" height=\"16\" width=\"16\" alt=\"?\" src=\"https:\/\/static.xx.fbcdn.net\/images\/emoji.php\/v9\/tac\/1\/16\/1f4cc.png\"\/> Cre\u015fterea aloca\u0163iilor pentru copii, cre\u015fterea pensiei minime cu 25%, cre\u015fterea punctului de pensie cu 10%<\/p>\n\n\n\n<p><img loading=\"lazy\" decoding=\"async\" height=\"16\" width=\"16\" alt=\"?\" src=\"https:\/\/static.xx.fbcdn.net\/images\/emoji.php\/v9\/tac\/1\/16\/1f4cc.png\"\/> Acordarea unei indemniza\u021bii suplimentare, a 13-a, in ianuarie, pentru persoanele cu dizabilit\u0103\u021bi, indiferent de veniturile acestora<\/p>\n\n\n\n<p> <img loading=\"lazy\" decoding=\"async\" height=\"16\" width=\"16\" alt=\"?\" src=\"https:\/\/static.xx.fbcdn.net\/images\/emoji.php\/v9\/tac\/1\/16\/1f4cc.png\"\/> Sprijin pentru pensionarii cu pensii mici pentru a face fa\u021b\u0103 cre\u0219terii pre\u021burilor \u0219i a facturilor<\/p>\n\n\n\n<p><img loading=\"lazy\" decoding=\"async\" height=\"16\" width=\"16\" alt=\"?\" src=\"https:\/\/static.xx.fbcdn.net\/images\/emoji.php\/v9\/tac\/1\/16\/1f4cc.png\"\/> Majorarea salariilor profesorilor, prima majorare a salariilor din acest sector dup\u0103 \u00eenghe\u021barea lor de c\u0103tre Guvernele C\u00ee\u021bu \u0219i Orban<\/p>\n\n\n\n<p> <img loading=\"lazy\" decoding=\"async\" height=\"16\" width=\"16\" alt=\"?\" src=\"https:\/\/static.xx.fbcdn.net\/images\/emoji.php\/v9\/tac\/1\/16\/1f4cc.png\"\/> Cre\u0219terea salariilor personalului medical cu \u00bc din diferen\u021ba r\u0103mas\u0103 din momentul intr\u0103rii \u00een vigoare a Legii salariz\u0103rii \u0219i nivelul stabilit \u00een grila de salarizare<\/p>\n\n\n\n<p><img loading=\"lazy\" decoding=\"async\" height=\"16\" width=\"16\" alt=\"\u2611\ufe0f\" src=\"https:\/\/static.xx.fbcdn.net\/images\/emoji.php\/v9\/t8d\/1\/16\/2611.png\"\/> De asemenea, au fost luate m\u0103suri importante \u015fi \u00een celelalte domenii: S\u0103n\u0103tate, Agricultur\u0103, Finan\u0163e, Transporturi, Familie, Tineret \u015fi Egalitate de \u015eanse, despre care vom vorbi \u00een perioada urm\u0103toare- declara\u0163ie pre\u015fedinte PSD Giurgiu, deputat Marian Mina.<\/p>\n","protected":false},"excerpt":{"rendered":"<p>Am promis, ne-am \u0163inut de cuv\u00e2nt! \u00centr-o singur\u0103 lun\u0103 de guvernare, PSD a impus m\u0103suri prin care au crescut veniturile a 10 milioane de rom\u00e2ni, a fost alocat cel mai mare buget la #Investi\u0163ii, a fost schimbat\u0103 abordarea \u00een privin\u0163a pandemiei \u015fi a crescut bugetul la S\u0103n\u0103tate. De asemenea, \u00eentr-o singur\u0103 lun\u0103 de guvernare, au [&hellip;]<\/p>\n","protected":false},"author":1,"featured_media":76528,"comment_status":"open","ping_status":"open","sticky":false,"template":"","format":"standard","meta":{"slim_seo":{"title":"Deputat Marian Mina: \"PSD a intrat la guvernare pentru a pune cap\u0103t declinului social \u015fi economic, dup\u0103 2 ani de conducere a dreptei\" - GIURGIU NET","description":"Am promis, ne-am \u0163inut de cuv\u00e2nt! \u00centr-o singur\u0103 lun\u0103 de guvernare, PSD a impus m\u0103suri prin care au crescut veniturile a 10 milioane de rom\u00e2ni, a fost alocat ce"},"footnotes":""},"categories":[18,19,25,26,28],"tags":[1626],"class_list":{"0":"post-76527","1":"post","2":"type-post","3":"status-publish","4":"format-standard","5":"has-post-thumbnail","7":"category-actual","8":"category-adm","9":"category-pol","10":"category-soc","11":"category-uo","12":"tag-marian-mina"},"_links":{"self":[{"href":"https:\/\/giurgiu-net.ro\/index.php\/wp-json\/wp\/v2\/posts\/76527","targetHints":{"allow":["GET"]}}],"collection":[{"href":"https:\/\/giurgiu-net.ro\/index.php\/wp-json\/wp\/v2\/posts"}],"about":[{"href":"https:\/\/giurgiu-net.ro\/index.php\/wp-json\/wp\/v2\/types\/post"}],"author":[{"embeddable":true,"href":"https:\/\/giurgiu-net.ro\/index.php\/wp-json\/wp\/v2\/users\/1"}],"replies":[{"embeddable":true,"href":"https:\/\/giurgiu-net.ro\/index.php\/wp-json\/wp\/v2\/comments?post=76527"}],"version-history":[{"count":0,"href":"https:\/\/giurgiu-net.ro\/index.php\/wp-json\/wp\/v2\/posts\/76527\/revisions"}],"wp:featuredmedia":[{"embeddable":true,"href":"https:\/\/giurgiu-net.ro\/index.php\/wp-json\/wp\/v2\/media\/76528"}],"wp:attachment":[{"href":"https:\/\/giurgiu-net.ro\/index.php\/wp-json\/wp\/v2\/media?parent=76527"}],"wp:term":[{"taxonomy":"category","embeddable":true,"href":"https:\/\/giurgiu-net.ro\/index.php\/wp-json\/wp\/v2\/categories?post=76527"},{"taxonomy":"post_tag","embeddable":true,"href":"https:\/\/giurgiu-net.ro\/index.php\/wp-json\/wp\/v2\/tags?post=76527"}],"curies":[{"name":"wp","href":"https:\/\/api.w.org\/{rel}","templated":true}]}}