{"id":76524,"date":"2022-01-04T11:00:01","date_gmt":"2022-01-04T09:00:01","guid":{"rendered":"http:\/\/giurgiu-net.ro\/?p=76524"},"modified":"2022-01-04T11:00:01","modified_gmt":"2022-01-04T09:00:01","slug":"deputat-elena-dinu-daca-psd-nu-ar-fi-intrat-la-guvernare-toate-aceste-masuri-nu-ar-fi-fost-luate-acesta-este-adevarul-pe-care-romanii-trebuie-sa-il-cunoasca","status":"publish","type":"post","link":"https:\/\/giurgiu-net.ro\/index.php\/2022\/01\/04\/deputat-elena-dinu-daca-psd-nu-ar-fi-intrat-la-guvernare-toate-aceste-masuri-nu-ar-fi-fost-luate-acesta-este-adevarul-pe-care-romanii-trebuie-sa-il-cunoasca\/","title":{"rendered":"Deputat Elena Dinu: &#8222;Dac\u0103 PSD nu ar fi intrat la guvernare, toate aceste m\u0103suri nu ar fi fost luate. ACESTA este adev\u0103rul pe care rom\u00e2nii trebuie s\u0103 \u00eel cunoasc\u0103!&#8221;"},"content":{"rendered":"\n<p>&#8222;<a href=\"https:\/\/www.facebook.com\/hashtag\/psd?__eep__=6&amp;__cft__[0]=AZVNe46nCP8-k1KWxY2cKwn_TFb7nG0uLt6iuDt97eoBggJmVyRy6QlfIqyixd4SMkCNesHPf0p4kcsZTRJOyEUPARmv6vyjV70TGmbia0m0vwMXkE_nwubRBgaeH7o2HbU&amp;__tn__=*NK-R\">#PSD<\/a> a f\u0103cut, \u00eentr-o singur\u0103 lun\u0103, <a href=\"https:\/\/www.facebook.com\/hashtag\/pentru_rom%C3%A2nia?__eep__=6&amp;__cft__[0]=AZVNe46nCP8-k1KWxY2cKwn_TFb7nG0uLt6iuDt97eoBggJmVyRy6QlfIqyixd4SMkCNesHPf0p4kcsZTRJOyEUPARmv6vyjV70TGmbia0m0vwMXkE_nwubRBgaeH7o2HbU&amp;__tn__=*NK-R\">#pentru_Rom\u00e2nia<\/a>, ce NU au f\u0103cut guvernele de dreapta \u00een 2 ani! Ca principal partid de st\u00e2nga, ne-am \u00eendreptat aten\u0163ia \u00een primul r\u00e2nd c\u0103tre rom\u00e2nii care nu mai puteau nici m\u0103car s\u0103 <a href=\"https:\/\/www.facebook.com\/hashtag\/supravie%C5%A3uiasc%C4%83?__eep__=6&amp;__cft__[0]=AZVNe46nCP8-k1KWxY2cKwn_TFb7nG0uLt6iuDt97eoBggJmVyRy6QlfIqyixd4SMkCNesHPf0p4kcsZTRJOyEUPARmv6vyjV70TGmbia0m0vwMXkE_nwubRBgaeH7o2HbU&amp;__tn__=*NK-R\">#supravie\u0163uiasc\u0103<\/a>, din cauza pre\u0163urilor record \u00eenregistrate la toate serviciile \u015fi produsele.<\/p>\n\n\n\n<p>Tocmai de aceea, am impus un <a href=\"https:\/\/www.facebook.com\/hashtag\/pachet_social?__eep__=6&amp;__cft__[0]=AZVNe46nCP8-k1KWxY2cKwn_TFb7nG0uLt6iuDt97eoBggJmVyRy6QlfIqyixd4SMkCNesHPf0p4kcsZTRJOyEUPARmv6vyjV70TGmbia0m0vwMXkE_nwubRBgaeH7o2HbU&amp;__tn__=*NK-R\">#pachet_social<\/a> care cuprinde <a href=\"https:\/\/www.facebook.com\/hashtag\/cre%C5%9Fteri?__eep__=6&amp;__cft__[0]=AZVNe46nCP8-k1KWxY2cKwn_TFb7nG0uLt6iuDt97eoBggJmVyRy6QlfIqyixd4SMkCNesHPf0p4kcsZTRJOyEUPARmv6vyjV70TGmbia0m0vwMXkE_nwubRBgaeH7o2HbU&amp;__tn__=*NK-R\">#cre\u015fteri<\/a> de pensii, de salarii \u015fi de aloca\u0163ii, dar \u015fi sprijin suplimentar pentru categoriile cele mai defavorizate. Dac\u0103 PSD nu ar fi intrat la guvernare, toate aceste <a href=\"https:\/\/www.facebook.com\/hashtag\/m%C4%83suri?__eep__=6&amp;__cft__[0]=AZVNe46nCP8-k1KWxY2cKwn_TFb7nG0uLt6iuDt97eoBggJmVyRy6QlfIqyixd4SMkCNesHPf0p4kcsZTRJOyEUPARmv6vyjV70TGmbia0m0vwMXkE_nwubRBgaeH7o2HbU&amp;__tn__=*NK-R\">#m\u0103suri<\/a> nu ar fi fost luate. ACESTA este <a href=\"https:\/\/www.facebook.com\/hashtag\/adev%C4%83rul?__eep__=6&amp;__cft__[0]=AZVNe46nCP8-k1KWxY2cKwn_TFb7nG0uLt6iuDt97eoBggJmVyRy6QlfIqyixd4SMkCNesHPf0p4kcsZTRJOyEUPARmv6vyjV70TGmbia0m0vwMXkE_nwubRBgaeH7o2HbU&amp;__tn__=*NK-R\">#adev\u0103rul<\/a> pe care rom\u00e2nii trebuie s\u0103 \u00eel cunoasc\u0103!<\/p>\n\n\n\n<p>\u00cens\u0103, <a href=\"https:\/\/www.facebook.com\/hashtag\/programul?__eep__=6&amp;__cft__[0]=AZVNe46nCP8-k1KWxY2cKwn_TFb7nG0uLt6iuDt97eoBggJmVyRy6QlfIqyixd4SMkCNesHPf0p4kcsZTRJOyEUPARmv6vyjV70TGmbia0m0vwMXkE_nwubRBgaeH7o2HbU&amp;__tn__=*NK-R\">#programul<\/a> nostru de guvernare nu cuprinde doar m\u0103suri sociale, ci \u015fi <a href=\"https:\/\/www.facebook.com\/hashtag\/solu%C5%A3ii?__eep__=6&amp;__cft__[0]=AZVNe46nCP8-k1KWxY2cKwn_TFb7nG0uLt6iuDt97eoBggJmVyRy6QlfIqyixd4SMkCNesHPf0p4kcsZTRJOyEUPARmv6vyjV70TGmbia0m0vwMXkE_nwubRBgaeH7o2HbU&amp;__tn__=*NK-R\">#solu\u0163ii<\/a> concrete pentru relansarea economiei, a mediului de <a href=\"https:\/\/www.facebook.com\/hashtag\/afaceri?__eep__=6&amp;__cft__[0]=AZVNe46nCP8-k1KWxY2cKwn_TFb7nG0uLt6iuDt97eoBggJmVyRy6QlfIqyixd4SMkCNesHPf0p4kcsZTRJOyEUPARmv6vyjV70TGmbia0m0vwMXkE_nwubRBgaeH7o2HbU&amp;__tn__=*NK-R\">#afaceri<\/a> autohton, respectiv a <a href=\"https:\/\/www.facebook.com\/hashtag\/agriculturii?__eep__=6&amp;__cft__[0]=AZVNe46nCP8-k1KWxY2cKwn_TFb7nG0uLt6iuDt97eoBggJmVyRy6QlfIqyixd4SMkCNesHPf0p4kcsZTRJOyEUPARmv6vyjV70TGmbia0m0vwMXkE_nwubRBgaeH7o2HbU&amp;__tn__=*NK-R\">#agriculturii<\/a> rom\u00e2ne\u015fti.La acest ultim capitol, banii care erau <a href=\"https:\/\/www.facebook.com\/hashtag\/bloca%C8%9Bi?__eep__=6&amp;__cft__[0]=AZVNe46nCP8-k1KWxY2cKwn_TFb7nG0uLt6iuDt97eoBggJmVyRy6QlfIqyixd4SMkCNesHPf0p4kcsZTRJOyEUPARmv6vyjV70TGmbia0m0vwMXkE_nwubRBgaeH7o2HbU&amp;__tn__=*NK-R\">#bloca\u021bi<\/a> p\u00e2n\u0103 acum din cauze birocratice, au fost debloca\u021bi de PSD \u0219i au \u00eenceput s\u0103 ajung\u0103 la <a href=\"https:\/\/www.facebook.com\/hashtag\/agricultori?__eep__=6&amp;__cft__[0]=AZVNe46nCP8-k1KWxY2cKwn_TFb7nG0uLt6iuDt97eoBggJmVyRy6QlfIqyixd4SMkCNesHPf0p4kcsZTRJOyEUPARmv6vyjV70TGmbia0m0vwMXkE_nwubRBgaeH7o2HbU&amp;__tn__=*NK-R\">#agricultori<\/a>.Astfel, dup\u0103 un blocaj de aproape 6 luni, au fost date <a href=\"https:\/\/www.facebook.com\/hashtag\/subven%C8%9Biile?__eep__=6&amp;__cft__[0]=AZVNe46nCP8-k1KWxY2cKwn_TFb7nG0uLt6iuDt97eoBggJmVyRy6QlfIqyixd4SMkCNesHPf0p4kcsZTRJOyEUPARmv6vyjV70TGmbia0m0vwMXkE_nwubRBgaeH7o2HbU&amp;__tn__=*NK-R\">#subven\u021biile<\/a> pentru cresc\u0103torii de vaci de lapte, de bivoli\u021be \u0219i de taurine pentru carne. <\/p>\n\n\n\n<p>A fost acordat sprijin pentru <a href=\"https:\/\/www.facebook.com\/hashtag\/compensarea?__eep__=6&amp;__cft__[0]=AZVNe46nCP8-k1KWxY2cKwn_TFb7nG0uLt6iuDt97eoBggJmVyRy6QlfIqyixd4SMkCNesHPf0p4kcsZTRJOyEUPARmv6vyjV70TGmbia0m0vwMXkE_nwubRBgaeH7o2HbU&amp;__tn__=*NK-R\">#compensarea<\/a> cu 50% din costurile cu energia electric\u0103 folosit\u0103 pentru <a href=\"https:\/\/www.facebook.com\/hashtag\/irigarea?__eep__=6&amp;__cft__[0]=AZVNe46nCP8-k1KWxY2cKwn_TFb7nG0uLt6iuDt97eoBggJmVyRy6QlfIqyixd4SMkCNesHPf0p4kcsZTRJOyEUPARmv6vyjV70TGmbia0m0vwMXkE_nwubRBgaeH7o2HbU&amp;__tn__=*NK-R\">#irigarea<\/a> terenurilor agricole.<\/p>\n\n\n\n<p>Totodat\u0103, au fost majorate de la 40 de milioane la 70 de milioane de lei sumele acordate ca sprijin, \u00een anul 2021, <a href=\"https:\/\/www.facebook.com\/hashtag\/fermierilor?__eep__=6&amp;__cft__[0]=AZVNe46nCP8-k1KWxY2cKwn_TFb7nG0uLt6iuDt97eoBggJmVyRy6QlfIqyixd4SMkCNesHPf0p4kcsZTRJOyEUPARmv6vyjV70TGmbia0m0vwMXkE_nwubRBgaeH7o2HbU&amp;__tn__=*NK-R\">#fermierilor<\/a> care se ocup\u0103 de \u00eembun\u0103t\u0103\u021birea <a href=\"https:\/\/www.facebook.com\/hashtag\/genetic%C4%83?__eep__=6&amp;__cft__[0]=AZVNe46nCP8-k1KWxY2cKwn_TFb7nG0uLt6iuDt97eoBggJmVyRy6QlfIqyixd4SMkCNesHPf0p4kcsZTRJOyEUPARmv6vyjV70TGmbia0m0vwMXkE_nwubRBgaeH7o2HbU&amp;__tn__=*NK-R\">#genetic\u0103<\/a> a efectivelor de vaci, de bivoli\u021be, de taurine, de cabaline, de ovine \u0219i de caprine. \u00cen afara subven\u021biei pentru animale, alte 40 de milioane de lei au ajuns ca <a href=\"https:\/\/www.facebook.com\/hashtag\/ajutor?__eep__=6&amp;__cft__[0]=AZVNe46nCP8-k1KWxY2cKwn_TFb7nG0uLt6iuDt97eoBggJmVyRy6QlfIqyixd4SMkCNesHPf0p4kcsZTRJOyEUPARmv6vyjV70TGmbia0m0vwMXkE_nwubRBgaeH7o2HbU&amp;__tn__=*NK-R\">#ajutor<\/a> de minimis la <a href=\"https:\/\/www.facebook.com\/hashtag\/apicultorii?__eep__=6&amp;__cft__[0]=AZVNe46nCP8-k1KWxY2cKwn_TFb7nG0uLt6iuDt97eoBggJmVyRy6QlfIqyixd4SMkCNesHPf0p4kcsZTRJOyEUPARmv6vyjV70TGmbia0m0vwMXkE_nwubRBgaeH7o2HbU&amp;__tn__=*NK-R\">#apicultorii<\/a> afecta\u021bi de calamit\u0103\u021bile naturale din 2021. De asemenea, s-au pus la dispozi\u0163ie fonduri nerambursabile de peste 1 miliard de euro, \u00een baza unor proiecte de <a href=\"https:\/\/www.facebook.com\/hashtag\/dezvoltare?__eep__=6&amp;__cft__[0]=AZVNe46nCP8-k1KWxY2cKwn_TFb7nG0uLt6iuDt97eoBggJmVyRy6QlfIqyixd4SMkCNesHPf0p4kcsZTRJOyEUPARmv6vyjV70TGmbia0m0vwMXkE_nwubRBgaeH7o2HbU&amp;__tn__=*NK-R\">#dezvoltare<\/a> a exploata\u021biilor agricole&#8221;- declara\u0163ie pre\u015fedinte OFSD Giurgiu, deputat Cristina Elena Dinu.<\/p>\n","protected":false},"excerpt":{"rendered":"<p>&#8222;#PSD a f\u0103cut, \u00eentr-o singur\u0103 lun\u0103, #pentru_Rom\u00e2nia, ce NU au f\u0103cut guvernele de dreapta \u00een 2 ani! Ca principal partid de st\u00e2nga, ne-am \u00eendreptat aten\u0163ia \u00een primul r\u00e2nd c\u0103tre rom\u00e2nii care nu mai puteau nici m\u0103car s\u0103 #supravie\u0163uiasc\u0103, din cauza pre\u0163urilor record \u00eenregistrate la toate serviciile \u015fi produsele. Tocmai de aceea, am impus un #pachet_social [&hellip;]<\/p>\n","protected":false},"author":1,"featured_media":76525,"comment_status":"open","ping_status":"open","sticky":false,"template":"","format":"standard","meta":{"slim_seo":{"title":"Deputat Elena Dinu: \"Dac\u0103 PSD nu ar fi intrat la guvernare, toate aceste m\u0103suri nu ar fi fost luate. ACESTA este adev\u0103rul pe care rom\u00e2nii trebuie s\u0103 \u00eel cunoasc\u0103!\" - GIURGIU NET","description":"\" #PSD a f\u0103cut, \u00eentr-o singur\u0103 lun\u0103, #pentru_Rom\u00e2nia , ce NU au f\u0103cut guvernele de dreapta \u00een 2 ani! Ca principal partid de st\u00e2nga, ne-am \u00eendreptat aten\u0163ia \u00een p"},"footnotes":""},"categories":[18,19,25,26,28],"tags":[1025],"class_list":{"0":"post-76524","1":"post","2":"type-post","3":"status-publish","4":"format-standard","5":"has-post-thumbnail","7":"category-actual","8":"category-adm","9":"category-pol","10":"category-soc","11":"category-uo","12":"tag-elena-dinu"},"_links":{"self":[{"href":"https:\/\/giurgiu-net.ro\/index.php\/wp-json\/wp\/v2\/posts\/76524","targetHints":{"allow":["GET"]}}],"collection":[{"href":"https:\/\/giurgiu-net.ro\/index.php\/wp-json\/wp\/v2\/posts"}],"about":[{"href":"https:\/\/giurgiu-net.ro\/index.php\/wp-json\/wp\/v2\/types\/post"}],"author":[{"embeddable":true,"href":"https:\/\/giurgiu-net.ro\/index.php\/wp-json\/wp\/v2\/users\/1"}],"replies":[{"embeddable":true,"href":"https:\/\/giurgiu-net.ro\/index.php\/wp-json\/wp\/v2\/comments?post=76524"}],"version-history":[{"count":0,"href":"https:\/\/giurgiu-net.ro\/index.php\/wp-json\/wp\/v2\/posts\/76524\/revisions"}],"wp:featuredmedia":[{"embeddable":true,"href":"https:\/\/giurgiu-net.ro\/index.php\/wp-json\/wp\/v2\/media\/76525"}],"wp:attachment":[{"href":"https:\/\/giurgiu-net.ro\/index.php\/wp-json\/wp\/v2\/media?parent=76524"}],"wp:term":[{"taxonomy":"category","embeddable":true,"href":"https:\/\/giurgiu-net.ro\/index.php\/wp-json\/wp\/v2\/categories?post=76524"},{"taxonomy":"post_tag","embeddable":true,"href":"https:\/\/giurgiu-net.ro\/index.php\/wp-json\/wp\/v2\/tags?post=76524"}],"curies":[{"name":"wp","href":"https:\/\/api.w.org\/{rel}","templated":true}]}}