{"id":76520,"date":"2022-01-04T11:04:00","date_gmt":"2022-01-04T09:04:00","guid":{"rendered":"http:\/\/giurgiu-net.ro\/?p=76520"},"modified":"2022-01-04T11:04:00","modified_gmt":"2022-01-04T09:04:00","slug":"la-multi-ani-marian-mina-3","status":"publish","type":"post","link":"https:\/\/giurgiu-net.ro\/index.php\/2022\/01\/04\/la-multi-ani-marian-mina-3\/","title":{"rendered":"La Mul\u0163i Ani, Marian Mina!"},"content":{"rendered":"\n<figure class=\"wp-block-image size-full\"><img loading=\"lazy\" decoding=\"async\" width=\"1024\" height=\"682\" src=\"https:\/\/giurgiu-net.ro\/wp-content\/uploads\/2022\/01\/profesional-37.jpg\" alt=\"\" class=\"wp-image-76522\" srcset=\"https:\/\/giurgiu-net.ro\/wp-content\/uploads\/2022\/01\/profesional-37.jpg 1024w, https:\/\/giurgiu-net.ro\/wp-content\/uploads\/2022\/01\/profesional-37-300x200.jpg 300w, https:\/\/giurgiu-net.ro\/wp-content\/uploads\/2022\/01\/profesional-37-768x512.jpg 768w, https:\/\/giurgiu-net.ro\/wp-content\/uploads\/2022\/01\/profesional-37-696x464.jpg 696w\" sizes=\"auto, (max-width: 1024px) 100vw, 1024px\" \/><\/figure>\n\n\n\n<p><strong>Redac\u0163ia Giurgiu Net<\/strong> \u00eei ureaz\u0103 pre\u015fedintelui <strong>PSD Giurgiu, deputat Marian Mina<\/strong>, <em>La Mul\u0163i Ani doar cu succese, s\u0103 \u00ee\u015fi duc\u0103 la bun sf\u00e2r\u015fit toate proiectele pentru semeni, s\u0103 \u00ee\u015fi realizeze toate visurile, s\u0103 fie s\u0103n\u0103tos \u015fi s\u0103 r\u0103m\u00e2n\u0103 acela\u015fi om bun \u015fi vesel, indiferent de obstacole, de greut\u0103\u0163i sau de&#8230; cei invidio\u015fi!<\/em> \ud83d\ude42 <\/p>\n\n\n\n<p><\/p>\n","protected":false},"excerpt":{"rendered":"<p>Redac\u0163ia Giurgiu Net \u00eei ureaz\u0103 pre\u015fedintelui PSD Giurgiu, deputat Marian Mina, La Mul\u0163i Ani doar cu succese, s\u0103 \u00ee\u015fi duc\u0103 la bun sf\u00e2r\u015fit toate proiectele pentru semeni, s\u0103 \u00ee\u015fi realizeze toate visurile, s\u0103 fie s\u0103n\u0103tos \u015fi s\u0103 r\u0103m\u00e2n\u0103 acela\u015fi om bun \u015fi vesel, indiferent de obstacole, de greut\u0103\u0163i sau de&#8230; cei invidio\u015fi! \ud83d\ude42<\/p>\n","protected":false},"author":1,"featured_media":76521,"comment_status":"open","ping_status":"open","sticky":false,"template":"","format":"standard","meta":{"slim_seo":{"title":"La Mul\u0163i Ani, Marian Mina! - GIURGIU NET","description":"Redac\u0163ia Giurgiu Net \u00eei ureaz\u0103 pre\u015fedintelui PSD Giurgiu, deputat Marian Mina , La Mul\u0163i Ani doar cu succese, s\u0103 \u00ee\u015fi duc\u0103 la bun sf\u00e2r\u015fit toate proiectele pentru"},"footnotes":""},"categories":[18,28],"tags":[1626],"class_list":{"0":"post-76520","1":"post","2":"type-post","3":"status-publish","4":"format-standard","5":"has-post-thumbnail","7":"category-actual","8":"category-uo","9":"tag-marian-mina"},"_links":{"self":[{"href":"https:\/\/giurgiu-net.ro\/index.php\/wp-json\/wp\/v2\/posts\/76520","targetHints":{"allow":["GET"]}}],"collection":[{"href":"https:\/\/giurgiu-net.ro\/index.php\/wp-json\/wp\/v2\/posts"}],"about":[{"href":"https:\/\/giurgiu-net.ro\/index.php\/wp-json\/wp\/v2\/types\/post"}],"author":[{"embeddable":true,"href":"https:\/\/giurgiu-net.ro\/index.php\/wp-json\/wp\/v2\/users\/1"}],"replies":[{"embeddable":true,"href":"https:\/\/giurgiu-net.ro\/index.php\/wp-json\/wp\/v2\/comments?post=76520"}],"version-history":[{"count":0,"href":"https:\/\/giurgiu-net.ro\/index.php\/wp-json\/wp\/v2\/posts\/76520\/revisions"}],"wp:featuredmedia":[{"embeddable":true,"href":"https:\/\/giurgiu-net.ro\/index.php\/wp-json\/wp\/v2\/media\/76521"}],"wp:attachment":[{"href":"https:\/\/giurgiu-net.ro\/index.php\/wp-json\/wp\/v2\/media?parent=76520"}],"wp:term":[{"taxonomy":"category","embeddable":true,"href":"https:\/\/giurgiu-net.ro\/index.php\/wp-json\/wp\/v2\/categories?post=76520"},{"taxonomy":"post_tag","embeddable":true,"href":"https:\/\/giurgiu-net.ro\/index.php\/wp-json\/wp\/v2\/tags?post=76520"}],"curies":[{"name":"wp","href":"https:\/\/api.w.org\/{rel}","templated":true}]}}