{"id":76509,"date":"2021-12-31T11:03:26","date_gmt":"2021-12-31T09:03:26","guid":{"rendered":"http:\/\/giurgiu-net.ro\/?p=76509"},"modified":"2021-12-31T11:03:26","modified_gmt":"2021-12-31T09:03:26","slug":"deputat-elena-dinu-la-cumpana-dintre-ani-va-doresc-sa-fiti-puternici-increzatori-cu-frumos-in-suflet-iar-toate-acestea-sa-va-conduca-pasii-spre-realizari-spre-bucurie-si-impliniri-pe-toate-pla","status":"publish","type":"post","link":"https:\/\/giurgiu-net.ro\/index.php\/2021\/12\/31\/deputat-elena-dinu-la-cumpana-dintre-ani-va-doresc-sa-fiti-puternici-increzatori-cu-frumos-in-suflet-iar-toate-acestea-sa-va-conduca-pasii-spre-realizari-spre-bucurie-si-impliniri-pe-toate-pla\/","title":{"rendered":"Deputat Elena Dinu: &#8222;La cump\u0103na dintre ani, v\u0103 doresc s\u0103 fi\u0163i puternici, \u00eencrez\u0103tori, cu frumos \u00een suflet, iar toate acestea s\u0103 v\u0103 conduc\u0103 pa\u015fii spre realiz\u0103ri, spre bucurie \u015fi \u00eempliniri pe toate planurile!&#8221;"},"content":{"rendered":"\n<p>&#8222;2021 a fost \u00eentr-adev\u0103r un an greu, pentru noi to\u0163i! \u00cens\u0103, am \u00een\u0163eles c\u0103 avem toate motivele s\u0103 mergem mai departe \u015fi am \u00eenv\u0103\u0163at c\u0103 putem dep\u0103\u015fi orice obstacol, dac\u0103 suntem <a href=\"https:\/\/www.facebook.com\/hashtag\/optimi%C5%9Fti?__eep__=6&amp;__cft__[0]=AZXVJ6IDdhlyWXAYEpjhZP5eanbANXK55CHVLcxyRkIj6qAnB9gbb8EUPcJfAhdNEtZJmU7XUavpxtxcR5Mlyow07VwAExGqDx-DPDEzSJrrTSU9IYlEHJYrDTWwbb1Viyw&amp;__tn__=*NK-R\">#optimi\u015fti<\/a>, dac\u0103 r\u0103m\u00e2nem mai <a href=\"https:\/\/www.facebook.com\/hashtag\/buni?__eep__=6&amp;__cft__[0]=AZXVJ6IDdhlyWXAYEpjhZP5eanbANXK55CHVLcxyRkIj6qAnB9gbb8EUPcJfAhdNEtZJmU7XUavpxtxcR5Mlyow07VwAExGqDx-DPDEzSJrrTSU9IYlEHJYrDTWwbb1Viyw&amp;__tn__=*NK-R\">#buni<\/a> oric\u00e2t de mult r\u0103u ar fi \u00een jurul nostru, dac\u0103 nu ne pierdem speran\u0163a \u015fi dac\u0103 suntem <a href=\"https:\/\/www.facebook.com\/hashtag\/%C3%AEmpreun%C4%83?__eep__=6&amp;__cft__[0]=AZXVJ6IDdhlyWXAYEpjhZP5eanbANXK55CHVLcxyRkIj6qAnB9gbb8EUPcJfAhdNEtZJmU7XUavpxtxcR5Mlyow07VwAExGqDx-DPDEzSJrrTSU9IYlEHJYrDTWwbb1Viyw&amp;__tn__=*NK-R\">#\u00eempreun\u0103<\/a>!<\/p>\n\n\n\n<p>La cump\u0103na dintre ani, v\u0103 doresc s\u0103 fi\u0163i <a href=\"https:\/\/www.facebook.com\/hashtag\/puternici?__eep__=6&amp;__cft__[0]=AZXVJ6IDdhlyWXAYEpjhZP5eanbANXK55CHVLcxyRkIj6qAnB9gbb8EUPcJfAhdNEtZJmU7XUavpxtxcR5Mlyow07VwAExGqDx-DPDEzSJrrTSU9IYlEHJYrDTWwbb1Viyw&amp;__tn__=*NK-R\">#puternici<\/a>, <a href=\"https:\/\/www.facebook.com\/hashtag\/%C3%AEncrez%C4%83tori?__eep__=6&amp;__cft__[0]=AZXVJ6IDdhlyWXAYEpjhZP5eanbANXK55CHVLcxyRkIj6qAnB9gbb8EUPcJfAhdNEtZJmU7XUavpxtxcR5Mlyow07VwAExGqDx-DPDEzSJrrTSU9IYlEHJYrDTWwbb1Viyw&amp;__tn__=*NK-R\">#\u00eencrez\u0103tori<\/a>, cu frumos \u00een suflet, iar toate acestea s\u0103 v\u0103 conduc\u0103 pa\u015fii spre realiz\u0103ri, spre bucurie \u015fi \u00eempliniri pe toate planurile! <\/p>\n\n\n\n<p><a href=\"https:\/\/www.facebook.com\/hashtag\/anul?__eep__=6&amp;__cft__[0]=AZXVJ6IDdhlyWXAYEpjhZP5eanbANXK55CHVLcxyRkIj6qAnB9gbb8EUPcJfAhdNEtZJmU7XUavpxtxcR5Mlyow07VwAExGqDx-DPDEzSJrrTSU9IYlEHJYrDTWwbb1Viyw&amp;__tn__=*NK-R\">#Anul<\/a> 2022 s\u0103 fie un an de excep\u0163ie, cu mult\u0103 s\u0103n\u0103tate, cu bun\u0103stare \u0219i cu toate dorin\u0163ele \u00eendeplinite! La Mul\u0163i Ani!&#8221;- pre\u015fedintele OFSD Giurgiu, deputat Cristina Elena Dinu.<\/p>\n","protected":false},"excerpt":{"rendered":"<p>&#8222;2021 a fost \u00eentr-adev\u0103r un an greu, pentru noi to\u0163i! \u00cens\u0103, am \u00een\u0163eles c\u0103 avem toate motivele s\u0103 mergem mai departe \u015fi am \u00eenv\u0103\u0163at c\u0103 putem dep\u0103\u015fi orice obstacol, dac\u0103 suntem #optimi\u015fti, dac\u0103 r\u0103m\u00e2nem mai #buni oric\u00e2t de mult r\u0103u ar fi \u00een jurul nostru, dac\u0103 nu ne pierdem speran\u0163a \u015fi dac\u0103 suntem #\u00eempreun\u0103! La [&hellip;]<\/p>\n","protected":false},"author":1,"featured_media":76510,"comment_status":"open","ping_status":"open","sticky":false,"template":"","format":"standard","meta":{"slim_seo":{"title":"Deputat Elena Dinu: \"La cump\u0103na dintre ani, v\u0103 doresc s\u0103 fi\u0163i puternici, \u00eencrez\u0103tori, cu frumos \u00een suflet, iar toate acestea s\u0103 v\u0103 conduc\u0103 pa\u015fii spre realiz\u0103ri, spre bucurie \u015fi \u00eempliniri pe toate planurile!\" - GIURGIU NET","description":"\"2021 a fost \u00eentr-adev\u0103r un an greu, pentru noi to\u0163i! \u00cens\u0103, am \u00een\u0163eles c\u0103 avem toate motivele s\u0103 mergem mai departe \u015fi am \u00eenv\u0103\u0163at c\u0103 putem dep\u0103\u015fi orice obstacol"},"footnotes":""},"categories":[18,26,28],"tags":[1025],"class_list":{"0":"post-76509","1":"post","2":"type-post","3":"status-publish","4":"format-standard","5":"has-post-thumbnail","7":"category-actual","8":"category-soc","9":"category-uo","10":"tag-elena-dinu"},"_links":{"self":[{"href":"https:\/\/giurgiu-net.ro\/index.php\/wp-json\/wp\/v2\/posts\/76509","targetHints":{"allow":["GET"]}}],"collection":[{"href":"https:\/\/giurgiu-net.ro\/index.php\/wp-json\/wp\/v2\/posts"}],"about":[{"href":"https:\/\/giurgiu-net.ro\/index.php\/wp-json\/wp\/v2\/types\/post"}],"author":[{"embeddable":true,"href":"https:\/\/giurgiu-net.ro\/index.php\/wp-json\/wp\/v2\/users\/1"}],"replies":[{"embeddable":true,"href":"https:\/\/giurgiu-net.ro\/index.php\/wp-json\/wp\/v2\/comments?post=76509"}],"version-history":[{"count":0,"href":"https:\/\/giurgiu-net.ro\/index.php\/wp-json\/wp\/v2\/posts\/76509\/revisions"}],"wp:featuredmedia":[{"embeddable":true,"href":"https:\/\/giurgiu-net.ro\/index.php\/wp-json\/"}],"wp:attachment":[{"href":"https:\/\/giurgiu-net.ro\/index.php\/wp-json\/wp\/v2\/media?parent=76509"}],"wp:term":[{"taxonomy":"category","embeddable":true,"href":"https:\/\/giurgiu-net.ro\/index.php\/wp-json\/wp\/v2\/categories?post=76509"},{"taxonomy":"post_tag","embeddable":true,"href":"https:\/\/giurgiu-net.ro\/index.php\/wp-json\/wp\/v2\/tags?post=76509"}],"curies":[{"name":"wp","href":"https:\/\/api.w.org\/{rel}","templated":true}]}}