{"id":76497,"date":"2021-12-29T14:22:52","date_gmt":"2021-12-29T12:22:52","guid":{"rendered":"http:\/\/giurgiu-net.ro\/?p=76497"},"modified":"2021-12-29T14:22:52","modified_gmt":"2021-12-29T12:22:52","slug":"cj-giurgiu-sub-conducerea-pnl-istului-dumitru-beianu-a-pierdut-17-miliarde-pentru-primarii-avocatul-emil-vuca-cere-explicatii","status":"publish","type":"post","link":"https:\/\/giurgiu-net.ro\/index.php\/2021\/12\/29\/cj-giurgiu-sub-conducerea-pnl-istului-dumitru-beianu-a-pierdut-17-miliarde-pentru-primarii-avocatul-emil-vuca-cere-explicatii\/","title":{"rendered":"CJ Giurgiu, sub conducerea PNL-istului Dumitru Beianu, a pierdut 17 miliarde pentru prim\u0103rii. Avocatul Emil Vuc\u0103 cere explica\u0163ii"},"content":{"rendered":"\n<p>Acest e\u015fec r\u0103sun\u0103tor al administra\u0163iei PNL-iste giurgiuvene nu poate s\u0103 r\u0103m\u00e2n\u0103 f\u0103r\u0103 ecou. Nu poate trece ca \u015fi cum nimic nu s-ar fi \u00eent\u00e2mplat, deoarece nu s-a mai pomenit, \u00een istoria jude\u0163ului, s\u0103 pierdem o sum\u0103 at\u00e2t de mare de bani de care TOATE prim\u0103riile aveau at\u00e2ta nevoie, mai ales \u00een aceste vremuri grele.<\/p>\n\n\n\n<p>Oric\u00e2te justific\u0103ri ar aduce pre\u015fedintele Beianu, r\u0103ul r\u0103m\u00e2ne f\u0103cut. Nu ne intereseaz\u0103 nici c\u0103 ar mai fi \u015fi alte consilii jude\u0163ene \u00een aceast\u0103 situa\u0163ie, dar nici c\u0103 cel care trebuia s\u0103 \u015ftie c\u0103 banii trebuiau da\u0163i p\u00e2n\u0103 pe 17 decembrie nu a citit legea p\u00e2n\u0103 la cap\u0103t. 17 miliarde de lei vechi, reprezent\u00e2nd cota de 6% din impozit- destinate primarilor-, se \u00eentorc la bugetul de stat. Punct.<\/p>\n\n\n\n<p>Consilierul jude\u0163ean PSD avocatul Emil Vuc\u0103 a transmis, recent, conducerii Consiliului Jude\u0163ean Giurgiu o interpelare prin intermediul c\u0103reia cere explica\u0163ii \u015fi detalii despre cum a fost posibil a\u015fa ceva, dar dore\u015fte s\u0103 \u015ftie \u015fi ce m\u0103suri au fost luate \u00eempotriva celor care se fac vinova\u0163i de pierderea banilor. <\/p>\n\n\n\n<p>S\u0103 nu uit\u0103m nici c\u0103 14 comune, conduse de primari PSD, au fost \u015fterse de pe lista cu pricina. <\/p>\n\n\n\n<p>V\u0103 ata\u015f\u0103m mai jos interpelarea f\u0103cut\u0103 de Emil Vuc\u0103:<\/p>\n\n\n\n<figure class=\"wp-block-image size-full\"><img decoding=\"async\" src=\"https:\/\/giurgiu-net.ro\/wp-content\/uploads\/2021\/12\/vuca.jpg\" alt=\"\" class=\"wp-image-76501\"\/><\/figure>\n\n\n\n<figure class=\"wp-block-image size-full\"><img decoding=\"async\" src=\"https:\/\/giurgiu-net.ro\/wp-content\/uploads\/2021\/12\/WhatsApp-Image-2021-12-29-at-11.39.07.jpeg\" alt=\"\" class=\"wp-image-76498\"\/><\/figure>\n\n\n\n<figure class=\"wp-block-image size-full\"><img decoding=\"async\" src=\"https:\/\/giurgiu-net.ro\/wp-content\/uploads\/2021\/12\/WhatsApp-Image-2021-12-29-at-11.39.17-1.jpeg\" alt=\"\" class=\"wp-image-76500\"\/><\/figure>\n","protected":false},"excerpt":{"rendered":"<p>Acest e\u015fec r\u0103sun\u0103tor al administra\u0163iei PNL-iste giurgiuvene nu poate s\u0103 r\u0103m\u00e2n\u0103 f\u0103r\u0103 ecou. Nu poate trece ca \u015fi cum nimic nu s-ar fi \u00eent\u00e2mplat, deoarece nu s-a mai pomenit, \u00een istoria jude\u0163ului, s\u0103 pierdem o sum\u0103 at\u00e2t de mare de bani de care TOATE prim\u0103riile aveau at\u00e2ta nevoie, mai ales \u00een aceste vremuri grele. Oric\u00e2te [&hellip;]<\/p>\n","protected":false},"author":1,"featured_media":49412,"comment_status":"open","ping_status":"open","sticky":false,"template":"","format":"standard","meta":{"slim_seo":{"title":"CJ Giurgiu, sub conducerea PNL-istului Dumitru Beianu, a pierdut 17 miliarde pentru prim\u0103rii. Avocatul Emil Vuc\u0103 cere explica\u0163ii - GIURGIU NET","description":"Acest e\u015fec r\u0103sun\u0103tor al administra\u0163iei PNL-iste giurgiuvene nu poate s\u0103 r\u0103m\u00e2n\u0103 f\u0103r\u0103 ecou. Nu poate trece ca \u015fi cum nimic nu s-ar fi \u00eent\u00e2mplat, deoarece nu s-a m"},"footnotes":""},"categories":[18,19,25,26,28],"tags":[606],"class_list":{"0":"post-76497","1":"post","2":"type-post","3":"status-publish","4":"format-standard","5":"has-post-thumbnail","7":"category-actual","8":"category-adm","9":"category-pol","10":"category-soc","11":"category-uo","12":"tag-cj-giurgiu"},"_links":{"self":[{"href":"https:\/\/giurgiu-net.ro\/index.php\/wp-json\/wp\/v2\/posts\/76497","targetHints":{"allow":["GET"]}}],"collection":[{"href":"https:\/\/giurgiu-net.ro\/index.php\/wp-json\/wp\/v2\/posts"}],"about":[{"href":"https:\/\/giurgiu-net.ro\/index.php\/wp-json\/wp\/v2\/types\/post"}],"author":[{"embeddable":true,"href":"https:\/\/giurgiu-net.ro\/index.php\/wp-json\/wp\/v2\/users\/1"}],"replies":[{"embeddable":true,"href":"https:\/\/giurgiu-net.ro\/index.php\/wp-json\/wp\/v2\/comments?post=76497"}],"version-history":[{"count":0,"href":"https:\/\/giurgiu-net.ro\/index.php\/wp-json\/wp\/v2\/posts\/76497\/revisions"}],"wp:featuredmedia":[{"embeddable":true,"href":"https:\/\/giurgiu-net.ro\/index.php\/wp-json\/wp\/v2\/media\/49412"}],"wp:attachment":[{"href":"https:\/\/giurgiu-net.ro\/index.php\/wp-json\/wp\/v2\/media?parent=76497"}],"wp:term":[{"taxonomy":"category","embeddable":true,"href":"https:\/\/giurgiu-net.ro\/index.php\/wp-json\/wp\/v2\/categories?post=76497"},{"taxonomy":"post_tag","embeddable":true,"href":"https:\/\/giurgiu-net.ro\/index.php\/wp-json\/wp\/v2\/tags?post=76497"}],"curies":[{"name":"wp","href":"https:\/\/api.w.org\/{rel}","templated":true}]}}