{"id":76494,"date":"2021-12-29T10:35:34","date_gmt":"2021-12-29T08:35:34","guid":{"rendered":"http:\/\/giurgiu-net.ro\/?p=76494"},"modified":"2021-12-29T10:35:34","modified_gmt":"2021-12-29T08:35:34","slug":"deputat-elena-dinu-alaturi-de-vaccinare-si-de-testare-psd-a-sustinut-si-asigurarea-medicamentelor-necesare-pentru-tratarea-pacientilor-iata-ca-se-poate","status":"publish","type":"post","link":"https:\/\/giurgiu-net.ro\/index.php\/2021\/12\/29\/deputat-elena-dinu-alaturi-de-vaccinare-si-de-testare-psd-a-sustinut-si-asigurarea-medicamentelor-necesare-pentru-tratarea-pacientilor-iata-ca-se-poate\/","title":{"rendered":"Deputat Elena Dinu: &#8222;Al\u0103turi de vaccinare \u015fi de testare, PSD a sus\u0163inut \u015fi asigurarea medicamentelor necesare pentru tratarea pacien\u0163ilor. Iat\u0103 c\u0103 se poate!&#8221;"},"content":{"rendered":"\n<p>&#8222;Am acceptat s\u0103 revenim la guvernare, doar dac\u0103 <a href=\"https:\/\/www.facebook.com\/hashtag\/pachetul?__eep__=6&amp;__cft__[0]=AZWNS7szL-TpL5lJxFLmFOtKTCSFs7pWbR1yUz68hi3pKZCt5G38A9wxiqfo-GfCj8FL6zyIWDb2ObpWIbwHH-tKltmHl3ANiWmKPxxx0V-zVUyQCHmsPaQZJbAPLND2P2Q&amp;__tn__=*NK-R\">#pachetul<\/a> social propus de <a href=\"https:\/\/www.facebook.com\/hashtag\/psd?__eep__=6&amp;__cft__[0]=AZWNS7szL-TpL5lJxFLmFOtKTCSFs7pWbR1yUz68hi3pKZCt5G38A9wxiqfo-GfCj8FL6zyIWDb2ObpWIbwHH-tKltmHl3ANiWmKPxxx0V-zVUyQCHmsPaQZJbAPLND2P2Q&amp;__tn__=*NK-R\">#PSD<\/a> va fi implementat <a href=\"https:\/\/www.facebook.com\/hashtag\/integral?__eep__=6&amp;__cft__[0]=AZWNS7szL-TpL5lJxFLmFOtKTCSFs7pWbR1yUz68hi3pKZCt5G38A9wxiqfo-GfCj8FL6zyIWDb2ObpWIbwHH-tKltmHl3ANiWmKPxxx0V-zVUyQCHmsPaQZJbAPLND2P2Q&amp;__tn__=*NK-R\">#integral<\/a> \u015fi c\u00e2t mai cur\u00e2nd. M\u0103surile pentru rom\u00e2ni nu au fost negociabile \u015fi ne-am respectat toate <a href=\"https:\/\/www.facebook.com\/hashtag\/promisiunile?__eep__=6&amp;__cft__[0]=AZWNS7szL-TpL5lJxFLmFOtKTCSFs7pWbR1yUz68hi3pKZCt5G38A9wxiqfo-GfCj8FL6zyIWDb2ObpWIbwHH-tKltmHl3ANiWmKPxxx0V-zVUyQCHmsPaQZJbAPLND2P2Q&amp;__tn__=*NK-R\">#promisiunile<\/a>!<\/p>\n\n\n\n<p>De asemenea, am spus, \u00eentotdeauna, c\u0103 trebuie s\u0103 folosim <a href=\"https:\/\/www.facebook.com\/hashtag\/toate?__eep__=6&amp;__cft__[0]=AZWNS7szL-TpL5lJxFLmFOtKTCSFs7pWbR1yUz68hi3pKZCt5G38A9wxiqfo-GfCj8FL6zyIWDb2ObpWIbwHH-tKltmHl3ANiWmKPxxx0V-zVUyQCHmsPaQZJbAPLND2P2Q&amp;__tn__=*NK-R\">#toate<\/a> mijloacele posibile pentru <a href=\"https:\/\/www.facebook.com\/hashtag\/combaterea?__eep__=6&amp;__cft__[0]=AZWNS7szL-TpL5lJxFLmFOtKTCSFs7pWbR1yUz68hi3pKZCt5G38A9wxiqfo-GfCj8FL6zyIWDb2ObpWIbwHH-tKltmHl3ANiWmKPxxx0V-zVUyQCHmsPaQZJbAPLND2P2Q&amp;__tn__=*NK-R\">#combaterea<\/a> efectelor pandemiei. Astfel, al\u0103turi de vaccinare \u015fi de testare, <a href=\"https:\/\/www.facebook.com\/hashtag\/psd?__eep__=6&amp;__cft__[0]=AZWNS7szL-TpL5lJxFLmFOtKTCSFs7pWbR1yUz68hi3pKZCt5G38A9wxiqfo-GfCj8FL6zyIWDb2ObpWIbwHH-tKltmHl3ANiWmKPxxx0V-zVUyQCHmsPaQZJbAPLND2P2Q&amp;__tn__=*NK-R\">#PSD<\/a> a sus\u0163inut \u015fi asigurarea <a href=\"https:\/\/www.facebook.com\/hashtag\/medicamentelor?__eep__=6&amp;__cft__[0]=AZWNS7szL-TpL5lJxFLmFOtKTCSFs7pWbR1yUz68hi3pKZCt5G38A9wxiqfo-GfCj8FL6zyIWDb2ObpWIbwHH-tKltmHl3ANiWmKPxxx0V-zVUyQCHmsPaQZJbAPLND2P2Q&amp;__tn__=*NK-R\">#medicamentelor<\/a> necesare pentru tratarea pacien\u0163ilor. Iat\u0103 c\u0103 se poate! Ministerul S\u0103n\u0103t\u0103\u0163ii, condus de profesorul Alexandru Rafila, a \u00eenceput deja achizi\u021bia de medicamente pentru <a href=\"https:\/\/www.facebook.com\/hashtag\/tratarea?__eep__=6&amp;__cft__[0]=AZWNS7szL-TpL5lJxFLmFOtKTCSFs7pWbR1yUz68hi3pKZCt5G38A9wxiqfo-GfCj8FL6zyIWDb2ObpWIbwHH-tKltmHl3ANiWmKPxxx0V-zVUyQCHmsPaQZJbAPLND2P2Q&amp;__tn__=*NK-R\">#tratarea<\/a> pacien\u021bilor COVID. <\/p>\n\n\n\n<p>Procedura este \u00een curs de derulare, Rom\u00e2nia put\u00e2nd achizi\u021biona 600 000 de capsule de Molnupiravir.<\/p>\n\n\n\n<p>Totodat\u0103, ministrul Rafila s-a \u00eent\u00e2lnit cu reprezentan\u021bii Pfizer pentru achizi\u021bia noului <a href=\"https:\/\/www.facebook.com\/hashtag\/medicament?__eep__=6&amp;__cft__[0]=AZWNS7szL-TpL5lJxFLmFOtKTCSFs7pWbR1yUz68hi3pKZCt5G38A9wxiqfo-GfCj8FL6zyIWDb2ObpWIbwHH-tKltmHl3ANiWmKPxxx0V-zVUyQCHmsPaQZJbAPLND2P2Q&amp;__tn__=*NK-R\">#medicament<\/a> anti-covid, dezvoltat de aceast\u0103 companie, la mai pu\u021bin de 24 de ore dup\u0103 autorizarea lui \u00een SUA. \u00cen plus, \u00een cadrul preg\u0103tirilor pentru valul 5, sunt \u00eenfiin\u0163ate mai multe <a href=\"https:\/\/www.facebook.com\/hashtag\/centre?__eep__=6&amp;__cft__[0]=AZWNS7szL-TpL5lJxFLmFOtKTCSFs7pWbR1yUz68hi3pKZCt5G38A9wxiqfo-GfCj8FL6zyIWDb2ObpWIbwHH-tKltmHl3ANiWmKPxxx0V-zVUyQCHmsPaQZJbAPLND2P2Q&amp;__tn__=*NK-R\">#centre<\/a> \u00een proximitatea spitalelor, pentru ca bolnavii COVID cu <a href=\"https:\/\/www.facebook.com\/hashtag\/simptome?__eep__=6&amp;__cft__[0]=AZWNS7szL-TpL5lJxFLmFOtKTCSFs7pWbR1yUz68hi3pKZCt5G38A9wxiqfo-GfCj8FL6zyIWDb2ObpWIbwHH-tKltmHl3ANiWmKPxxx0V-zVUyQCHmsPaQZJbAPLND2P2Q&amp;__tn__=*NK-R\">#simptome<\/a> medii sa poat\u0103 fi evalua\u021bi \u0219i trata\u021bi. <\/p>\n\n\n\n<p>De asemenea, \u00een cea mai recent\u0103 \u015fedin\u0163\u0103 de Guvern, s-a hot\u0103r\u00e2t c\u0103 <a href=\"https:\/\/www.facebook.com\/hashtag\/pensionarii?__eep__=6&amp;__cft__[0]=AZWNS7szL-TpL5lJxFLmFOtKTCSFs7pWbR1yUz68hi3pKZCt5G38A9wxiqfo-GfCj8FL6zyIWDb2ObpWIbwHH-tKltmHl3ANiWmKPxxx0V-zVUyQCHmsPaQZJbAPLND2P2Q&amp;__tn__=*NK-R\">#pensionarii<\/a> cu venituri din pensii \u015fi indemniza\u0163ie social\u0103 de p\u00e2n\u0103 la 1.429 lei pe lun\u0103, indiferent dac\u0103 realizeaz\u0103 sau nu alte venituri, vor beneficia de <a href=\"https:\/\/www.facebook.com\/hashtag\/compensarea?__eep__=6&amp;__cft__[0]=AZWNS7szL-TpL5lJxFLmFOtKTCSFs7pWbR1yUz68hi3pKZCt5G38A9wxiqfo-GfCj8FL6zyIWDb2ObpWIbwHH-tKltmHl3ANiWmKPxxx0V-zVUyQCHmsPaQZJbAPLND2P2Q&amp;__tn__=*NK-R\">#compensarea<\/a> cu 90% a pre\u0163ului de referin\u0163\u0103 al <a href=\"https:\/\/www.facebook.com\/hashtag\/medicamentelor?__eep__=6&amp;__cft__[0]=AZWNS7szL-TpL5lJxFLmFOtKTCSFs7pWbR1yUz68hi3pKZCt5G38A9wxiqfo-GfCj8FL6zyIWDb2ObpWIbwHH-tKltmHl3ANiWmKPxxx0V-zVUyQCHmsPaQZJbAPLND2P2Q&amp;__tn__=*NK-R\">#medicamentelor<\/a>.<a href=\"https:\/\/www.facebook.com\/hashtag\/ne_%C8%9Binem_de_cuv%C3%A2nt?__eep__=6&amp;__cft__[0]=AZWNS7szL-TpL5lJxFLmFOtKTCSFs7pWbR1yUz68hi3pKZCt5G38A9wxiqfo-GfCj8FL6zyIWDb2ObpWIbwHH-tKltmHl3ANiWmKPxxx0V-zVUyQCHmsPaQZJbAPLND2P2Q&amp;__tn__=*NK-R\">#Ne_\u021binem_de_cuv\u00e2nt<\/a><a href=\"https:\/\/www.facebook.com\/hashtag\/m%C4%83suri_pentru_oameni?__eep__=6&amp;__cft__[0]=AZWNS7szL-TpL5lJxFLmFOtKTCSFs7pWbR1yUz68hi3pKZCt5G38A9wxiqfo-GfCj8FL6zyIWDb2ObpWIbwHH-tKltmHl3ANiWmKPxxx0V-zVUyQCHmsPaQZJbAPLND2P2Q&amp;__tn__=*NK-R\">#M\u0103suri_Pentru_Oameni<\/a><a href=\"https:\/\/www.facebook.com\/hashtag\/psd?__eep__=6&amp;__cft__[0]=AZWNS7szL-TpL5lJxFLmFOtKTCSFs7pWbR1yUz68hi3pKZCt5G38A9wxiqfo-GfCj8FL6zyIWDb2ObpWIbwHH-tKltmHl3ANiWmKPxxx0V-zVUyQCHmsPaQZJbAPLND2P2Q&amp;__tn__=*NK-R\">#Psd<\/a>&#8222;- pre\u015fedintele OFSD Giurgiu, deputat Cristina Elena Dinu.<\/p>\n","protected":false},"excerpt":{"rendered":"<p>&#8222;Am acceptat s\u0103 revenim la guvernare, doar dac\u0103 #pachetul social propus de #PSD va fi implementat #integral \u015fi c\u00e2t mai cur\u00e2nd. M\u0103surile pentru rom\u00e2ni nu au fost negociabile \u015fi ne-am respectat toate #promisiunile! De asemenea, am spus, \u00eentotdeauna, c\u0103 trebuie s\u0103 folosim #toate mijloacele posibile pentru #combaterea efectelor pandemiei. Astfel, al\u0103turi de vaccinare \u015fi de [&hellip;]<\/p>\n","protected":false},"author":1,"featured_media":76495,"comment_status":"open","ping_status":"open","sticky":false,"template":"","format":"standard","meta":{"slim_seo":{"title":"Deputat Elena Dinu: \"Al\u0103turi de vaccinare \u015fi de testare, PSD a sus\u0163inut \u015fi asigurarea medicamentelor necesare pentru tratarea pacien\u0163ilor. Iat\u0103 c\u0103 se poate!\" - GIURGIU NET","description":"\"Am acceptat s\u0103 revenim la guvernare, doar dac\u0103 #pachetul social propus de #PSD va fi implementat #integral \u015fi c\u00e2t mai cur\u00e2nd. M\u0103surile pentru rom\u00e2ni nu au fost"},"footnotes":""},"categories":[18,19,25,26,28],"tags":[1025],"class_list":{"0":"post-76494","1":"post","2":"type-post","3":"status-publish","4":"format-standard","5":"has-post-thumbnail","7":"category-actual","8":"category-adm","9":"category-pol","10":"category-soc","11":"category-uo","12":"tag-elena-dinu"},"_links":{"self":[{"href":"https:\/\/giurgiu-net.ro\/index.php\/wp-json\/wp\/v2\/posts\/76494","targetHints":{"allow":["GET"]}}],"collection":[{"href":"https:\/\/giurgiu-net.ro\/index.php\/wp-json\/wp\/v2\/posts"}],"about":[{"href":"https:\/\/giurgiu-net.ro\/index.php\/wp-json\/wp\/v2\/types\/post"}],"author":[{"embeddable":true,"href":"https:\/\/giurgiu-net.ro\/index.php\/wp-json\/wp\/v2\/users\/1"}],"replies":[{"embeddable":true,"href":"https:\/\/giurgiu-net.ro\/index.php\/wp-json\/wp\/v2\/comments?post=76494"}],"version-history":[{"count":0,"href":"https:\/\/giurgiu-net.ro\/index.php\/wp-json\/wp\/v2\/posts\/76494\/revisions"}],"wp:featuredmedia":[{"embeddable":true,"href":"https:\/\/giurgiu-net.ro\/index.php\/wp-json\/"}],"wp:attachment":[{"href":"https:\/\/giurgiu-net.ro\/index.php\/wp-json\/wp\/v2\/media?parent=76494"}],"wp:term":[{"taxonomy":"category","embeddable":true,"href":"https:\/\/giurgiu-net.ro\/index.php\/wp-json\/wp\/v2\/categories?post=76494"},{"taxonomy":"post_tag","embeddable":true,"href":"https:\/\/giurgiu-net.ro\/index.php\/wp-json\/wp\/v2\/tags?post=76494"}],"curies":[{"name":"wp","href":"https:\/\/api.w.org\/{rel}","templated":true}]}}