{"id":76488,"date":"2021-12-24T11:47:25","date_gmt":"2021-12-24T09:47:25","guid":{"rendered":"http:\/\/giurgiu-net.ro\/?p=76488"},"modified":"2021-12-24T11:47:25","modified_gmt":"2021-12-24T09:47:25","slug":"presedintele-psd-giurgiu-marian-mina-dragi-prieteni-va-doresc-sa-petreceti-cu-bucurie-in-familie-in-sunetul-colindelor-cu-masa-imbelsugata-cu-toate-cadourile-mult-asteptate","status":"publish","type":"post","link":"https:\/\/giurgiu-net.ro\/index.php\/2021\/12\/24\/presedintele-psd-giurgiu-marian-mina-dragi-prieteni-va-doresc-sa-petreceti-cu-bucurie-in-familie-in-sunetul-colindelor-cu-masa-imbelsugata-cu-toate-cadourile-mult-asteptate\/","title":{"rendered":"Pre\u015fedintele PSD Giurgiu, Marian Mina: &#8222;Dragi prieteni, v\u0103 doresc s\u0103 petrece\u0163i cu bucurie \u00een familie, \u00een sunetul colindelor, cu masa \u00eembel\u015fugat\u0103, cu toate cadourile mult-a\u015fteptate!&#8221;"},"content":{"rendered":"\n<p>&#8222;De Cr\u0103ciun, cel mai bine este c\u00e2nd suntem \u00eempreun\u0103 cu oameni dragi, c\u00e2nd suntem s\u0103n\u0103to\u015fi, c\u00e2nd facem daruri din suflet \u015fi suntem, la r\u00e2ndul nostru, recunosc\u0103tori pentru tot ceea ce avem. Eu cred c\u0103 asta \u00eenseamn\u0103 S\u0103rb\u0103tori Fericite! <\/p>\n\n\n\n<p>Dragi prieteni, v\u0103 doresc s\u0103 petrece\u0163i cu bucurie \u00een familie, \u00een sunetul colindelor, cu masa \u00eembel\u015fugat\u0103, cu toate cadourile mult-a\u015fteptate! <\/p>\n\n\n\n<p>S\u0103 avem un Cr\u0103ciun de poveste, la fel ca \u00een copil\u0103rie, atunci c\u00e2nd toate lucrurile erau simple, curate \u015fi \u00eenc\u0103rcate de magie!&#8221;- pre\u015fedintele PSD Giurgiu, deputat Marian Mina<\/p>\n","protected":false},"excerpt":{"rendered":"<p>&#8222;De Cr\u0103ciun, cel mai bine este c\u00e2nd suntem \u00eempreun\u0103 cu oameni dragi, c\u00e2nd suntem s\u0103n\u0103to\u015fi, c\u00e2nd facem daruri din suflet \u015fi suntem, la r\u00e2ndul nostru, recunosc\u0103tori pentru tot ceea ce avem. Eu cred c\u0103 asta \u00eenseamn\u0103 S\u0103rb\u0103tori Fericite! Dragi prieteni, v\u0103 doresc s\u0103 petrece\u0163i cu bucurie \u00een familie, \u00een sunetul colindelor, cu masa \u00eembel\u015fugat\u0103, cu [&hellip;]<\/p>\n","protected":false},"author":1,"featured_media":76489,"comment_status":"open","ping_status":"open","sticky":false,"template":"","format":"standard","meta":{"slim_seo":{"title":"Pre\u015fedintele PSD Giurgiu, Marian Mina: \"Dragi prieteni, v\u0103 doresc s\u0103 petrece\u0163i cu bucurie \u00een familie, \u00een sunetul colindelor, cu masa \u00eembel\u015fugat\u0103, cu toate cadourile mult-a\u015fteptate!\" - GIURGIU NET","description":"\"De Cr\u0103ciun, cel mai bine este c\u00e2nd suntem \u00eempreun\u0103 cu oameni dragi, c\u00e2nd suntem s\u0103n\u0103to\u015fi, c\u00e2nd facem daruri din suflet \u015fi suntem, la r\u00e2ndul nostru, recunosc\u0103to"},"footnotes":""},"categories":[18,26,28],"tags":[1626],"class_list":{"0":"post-76488","1":"post","2":"type-post","3":"status-publish","4":"format-standard","5":"has-post-thumbnail","7":"category-actual","8":"category-soc","9":"category-uo","10":"tag-marian-mina"},"_links":{"self":[{"href":"https:\/\/giurgiu-net.ro\/index.php\/wp-json\/wp\/v2\/posts\/76488","targetHints":{"allow":["GET"]}}],"collection":[{"href":"https:\/\/giurgiu-net.ro\/index.php\/wp-json\/wp\/v2\/posts"}],"about":[{"href":"https:\/\/giurgiu-net.ro\/index.php\/wp-json\/wp\/v2\/types\/post"}],"author":[{"embeddable":true,"href":"https:\/\/giurgiu-net.ro\/index.php\/wp-json\/wp\/v2\/users\/1"}],"replies":[{"embeddable":true,"href":"https:\/\/giurgiu-net.ro\/index.php\/wp-json\/wp\/v2\/comments?post=76488"}],"version-history":[{"count":0,"href":"https:\/\/giurgiu-net.ro\/index.php\/wp-json\/wp\/v2\/posts\/76488\/revisions"}],"wp:featuredmedia":[{"embeddable":true,"href":"https:\/\/giurgiu-net.ro\/index.php\/wp-json\/"}],"wp:attachment":[{"href":"https:\/\/giurgiu-net.ro\/index.php\/wp-json\/wp\/v2\/media?parent=76488"}],"wp:term":[{"taxonomy":"category","embeddable":true,"href":"https:\/\/giurgiu-net.ro\/index.php\/wp-json\/wp\/v2\/categories?post=76488"},{"taxonomy":"post_tag","embeddable":true,"href":"https:\/\/giurgiu-net.ro\/index.php\/wp-json\/wp\/v2\/tags?post=76488"}],"curies":[{"name":"wp","href":"https:\/\/api.w.org\/{rel}","templated":true}]}}