{"id":76477,"date":"2021-12-22T10:38:39","date_gmt":"2021-12-22T08:38:39","guid":{"rendered":"http:\/\/giurgiu-net.ro\/?p=76477"},"modified":"2021-12-22T10:38:39","modified_gmt":"2021-12-22T08:38:39","slug":"deputat-elena-dinu-psd-isi-indeplineste-obiectivele-politice-majore-pentru-care-a-intrat-la-guvernare-prin-bugetul-anului-2022","status":"publish","type":"post","link":"https:\/\/giurgiu-net.ro\/index.php\/2021\/12\/22\/deputat-elena-dinu-psd-isi-indeplineste-obiectivele-politice-majore-pentru-care-a-intrat-la-guvernare-prin-bugetul-anului-2022\/","title":{"rendered":"Deputat Elena Dinu: &#8222;PSD \u00ee\u0219i \u00eendepline\u015fte obiectivele politice majore pentru care a intrat la guvernare, prin bugetul anului 2022&#8221;"},"content":{"rendered":"\n<p>&#8222;<a href=\"https:\/\/www.facebook.com\/hashtag\/psd?__eep__=6&amp;__cft__[0]=AZWbpDN8u0Q8IGmlgIk9r_MOoqK2Ut3qUTA-Il7oitqyUiMGNo2kxngFzyB31S_SSgf-pGWreLWpZvehC2JMYPWsJ1JSIWfO2twqMl1J6h7rLptChEVdLoQH6x4bDnbQd6M&amp;__tn__=*NK-R\">#PSD<\/a> \u00ee\u0219i \u00eendepline\u0219te obiectivele politice majore pentru care a intrat la guvernare, prin <a href=\"https:\/\/www.facebook.com\/hashtag\/bugetul?__eep__=6&amp;__cft__[0]=AZWbpDN8u0Q8IGmlgIk9r_MOoqK2Ut3qUTA-Il7oitqyUiMGNo2kxngFzyB31S_SSgf-pGWreLWpZvehC2JMYPWsJ1JSIWfO2twqMl1J6h7rLptChEVdLoQH6x4bDnbQd6M&amp;__tn__=*NK-R\">#bugetul<\/a> anului 2022. Astfel, toate m\u0103surile din pachetul social al PSD, precum cre\u0219terile de aloca\u021bii, pensii, sprijinul pentru energie au finan\u021barea asigurat\u0103. Este un buget de <a href=\"https:\/\/www.facebook.com\/hashtag\/echilibrare?__eep__=6&amp;__cft__[0]=AZWbpDN8u0Q8IGmlgIk9r_MOoqK2Ut3qUTA-Il7oitqyUiMGNo2kxngFzyB31S_SSgf-pGWreLWpZvehC2JMYPWsJ1JSIWfO2twqMl1J6h7rLptChEVdLoQH6x4bDnbQd6M&amp;__tn__=*NK-R\">#echilibrare<\/a> economic\u0103 \u0219i social\u0103, simultan cu <a href=\"https:\/\/www.facebook.com\/hashtag\/protejarea?__eep__=6&amp;__cft__[0]=AZWbpDN8u0Q8IGmlgIk9r_MOoqK2Ut3qUTA-Il7oitqyUiMGNo2kxngFzyB31S_SSgf-pGWreLWpZvehC2JMYPWsJ1JSIWfO2twqMl1J6h7rLptChEVdLoQH6x4bDnbQd6M&amp;__tn__=*NK-R\">#protejarea<\/a> puterii de cump\u0103rare \u015fi este menit s\u0103 reduc\u0103 infla\u021bia \u0219i s\u0103 stabilizeze <a href=\"https:\/\/www.facebook.com\/hashtag\/economia?__eep__=6&amp;__cft__[0]=AZWbpDN8u0Q8IGmlgIk9r_MOoqK2Ut3qUTA-Il7oitqyUiMGNo2kxngFzyB31S_SSgf-pGWreLWpZvehC2JMYPWsJ1JSIWfO2twqMl1J6h7rLptChEVdLoQH6x4bDnbQd6M&amp;__tn__=*NK-R\">#economia<\/a>.<\/p>\n\n\n\n<p>La capitolul S\u0102N\u0102TATE, Ministerul Finan\u021belor a alocat, pentru anul 2022, resurse consistente pentru <a href=\"https:\/\/www.facebook.com\/hashtag\/combaterea?__eep__=6&amp;__cft__[0]=AZWbpDN8u0Q8IGmlgIk9r_MOoqK2Ut3qUTA-Il7oitqyUiMGNo2kxngFzyB31S_SSgf-pGWreLWpZvehC2JMYPWsJ1JSIWfO2twqMl1J6h7rLptChEVdLoQH6x4bDnbQd6M&amp;__tn__=*NK-R\">#combaterea<\/a> pandemiei \u0219i pentru func\u021bionarea sistemului de s\u0103n\u0103tate din <a href=\"https:\/\/www.facebook.com\/hashtag\/rom%C3%A2nia?__eep__=6&amp;__cft__[0]=AZWbpDN8u0Q8IGmlgIk9r_MOoqK2Ut3qUTA-Il7oitqyUiMGNo2kxngFzyB31S_SSgf-pGWreLWpZvehC2JMYPWsJ1JSIWfO2twqMl1J6h7rLptChEVdLoQH6x4bDnbQd6M&amp;__tn__=*NK-R\">#Rom\u00e2nia<\/a>.A\u015fadar, bugetul alocat pentru domeniul <a href=\"https:\/\/www.facebook.com\/hashtag\/s%C4%83n%C4%83t%C4%83%C8%9Bii?__eep__=6&amp;__cft__[0]=AZWbpDN8u0Q8IGmlgIk9r_MOoqK2Ut3qUTA-Il7oitqyUiMGNo2kxngFzyB31S_SSgf-pGWreLWpZvehC2JMYPWsJ1JSIWfO2twqMl1J6h7rLptChEVdLoQH6x4bDnbQd6M&amp;__tn__=*NK-R\">#S\u0103n\u0103t\u0103\u021bii<\/a> este cu 7% mai mare, respectiv 68,17 mld. lei \u00een 2022, fa\u021b\u0103 de 63,56 mld lei c\u00e2t s-a cheltuit \u00een 2021. Vorbim despre o <a href=\"https:\/\/www.facebook.com\/hashtag\/suplimentare?__eep__=6&amp;__cft__[0]=AZWbpDN8u0Q8IGmlgIk9r_MOoqK2Ut3qUTA-Il7oitqyUiMGNo2kxngFzyB31S_SSgf-pGWreLWpZvehC2JMYPWsJ1JSIWfO2twqMl1J6h7rLptChEVdLoQH6x4bDnbQd6M&amp;__tn__=*NK-R\">#suplimentare<\/a> cu 4,5 miliarde lei, adic\u0103 aproape 1 miliard de euro!<\/p>\n\n\n\n<p>Sunt prev\u0103zute cre\u0219teri pentru finan\u021barea programelor na\u021bionale, tratamentul bolilor cronice \u0219i pentru recuperarea post Covid, iar asisten\u021ba medicala <a href=\"https:\/\/www.facebook.com\/hashtag\/primar%C4%83?__eep__=6&amp;__cft__[0]=AZWbpDN8u0Q8IGmlgIk9r_MOoqK2Ut3qUTA-Il7oitqyUiMGNo2kxngFzyB31S_SSgf-pGWreLWpZvehC2JMYPWsJ1JSIWfO2twqMl1J6h7rLptChEVdLoQH6x4bDnbQd6M&amp;__tn__=*NK-R\">#primar\u0103<\/a> are un buget cu 23% mai mare.<\/p>\n\n\n\n<p>Am votat ast\u0103zi(mar\u0163i, 21 decembrie, n.r.), \u00een Comisiile de s\u0103n\u0103tate reunite ale Senatului \u0219i Camerei Deputa\u021bilor, pentru adoptarea acestui buget&#8221;- pre\u015fedintele PFSD Giurgiu, deputat Cristina Elena Dinu<\/p>\n","protected":false},"excerpt":{"rendered":"<p>&#8222;#PSD \u00ee\u0219i \u00eendepline\u0219te obiectivele politice majore pentru care a intrat la guvernare, prin #bugetul anului 2022. Astfel, toate m\u0103surile din pachetul social al PSD, precum cre\u0219terile de aloca\u021bii, pensii, sprijinul pentru energie au finan\u021barea asigurat\u0103. Este un buget de #echilibrare economic\u0103 \u0219i social\u0103, simultan cu #protejarea puterii de cump\u0103rare \u015fi este menit s\u0103 reduc\u0103 infla\u021bia [&hellip;]<\/p>\n","protected":false},"author":1,"featured_media":76478,"comment_status":"open","ping_status":"open","sticky":false,"template":"","format":"standard","meta":{"slim_seo":{"title":"Deputat Elena Dinu: \"PSD \u00ee\u0219i \u00eendepline\u015fte obiectivele politice majore pentru care a intrat la guvernare, prin bugetul anului 2022\" - GIURGIU NET","description":"\" #PSD \u00ee\u0219i \u00eendepline\u0219te obiectivele politice majore pentru care a intrat la guvernare, prin #bugetul anului 2022. Astfel, toate m\u0103surile din pachetul social al"},"footnotes":""},"categories":[18,19,25,26,28],"tags":[1025],"class_list":{"0":"post-76477","1":"post","2":"type-post","3":"status-publish","4":"format-standard","5":"has-post-thumbnail","7":"category-actual","8":"category-adm","9":"category-pol","10":"category-soc","11":"category-uo","12":"tag-elena-dinu"},"_links":{"self":[{"href":"https:\/\/giurgiu-net.ro\/index.php\/wp-json\/wp\/v2\/posts\/76477","targetHints":{"allow":["GET"]}}],"collection":[{"href":"https:\/\/giurgiu-net.ro\/index.php\/wp-json\/wp\/v2\/posts"}],"about":[{"href":"https:\/\/giurgiu-net.ro\/index.php\/wp-json\/wp\/v2\/types\/post"}],"author":[{"embeddable":true,"href":"https:\/\/giurgiu-net.ro\/index.php\/wp-json\/wp\/v2\/users\/1"}],"replies":[{"embeddable":true,"href":"https:\/\/giurgiu-net.ro\/index.php\/wp-json\/wp\/v2\/comments?post=76477"}],"version-history":[{"count":0,"href":"https:\/\/giurgiu-net.ro\/index.php\/wp-json\/wp\/v2\/posts\/76477\/revisions"}],"wp:featuredmedia":[{"embeddable":true,"href":"https:\/\/giurgiu-net.ro\/index.php\/wp-json\/"}],"wp:attachment":[{"href":"https:\/\/giurgiu-net.ro\/index.php\/wp-json\/wp\/v2\/media?parent=76477"}],"wp:term":[{"taxonomy":"category","embeddable":true,"href":"https:\/\/giurgiu-net.ro\/index.php\/wp-json\/wp\/v2\/categories?post=76477"},{"taxonomy":"post_tag","embeddable":true,"href":"https:\/\/giurgiu-net.ro\/index.php\/wp-json\/wp\/v2\/tags?post=76477"}],"curies":[{"name":"wp","href":"https:\/\/api.w.org\/{rel}","templated":true}]}}