{"id":76474,"date":"2021-12-21T21:27:11","date_gmt":"2021-12-21T19:27:11","guid":{"rendered":"http:\/\/giurgiu-net.ro\/?p=76474"},"modified":"2021-12-21T21:27:11","modified_gmt":"2021-12-21T19:27:11","slug":"surse-intalnirea-de-la-albele-dintre-pnl-giurgiu-si-primarii-liberali-un-fiasco-total-justificat","status":"publish","type":"post","link":"https:\/\/giurgiu-net.ro\/index.php\/2021\/12\/21\/surse-intalnirea-de-la-albele-dintre-pnl-giurgiu-si-primarii-liberali-un-fiasco-total-justificat\/","title":{"rendered":"SURSE: \u00cent\u00e2lnirea de la Albele dintre PNL Giurgiu \u015fi primarii liberali, un fiasco total (justificat)"},"content":{"rendered":"\n<p class=\"has-text-align-center\"><strong><em>Permanent cu ochii \u00een curtea vecinului, PNL-i\u015ftii giurgiuveni nu mai v\u0103d ce se \u00eent\u00e2mpl\u0103 \u00een ograda lor. Unde e cam mare debandad\u0103, pu\u0163in spus. Sigur, printre cei care au mai r\u0103mas. Fiindc\u0103, am auzit c\u0103 nici m\u0103car la \u015fedin\u0163a de azi de la Albele nu s-ar fi dus cam jum\u0103tate dintre primarii lor. Nasol! R\u0103u.<\/em><\/strong><\/p>\n\n\n\n<p>C\u0103ci despre asta este vorba \u00een \u201epovestea\u201d noastr\u0103 de ast\u0103-sear\u0103: cum s\u0103 ajungi din prima organiza\u0163ie pe \u0163ar\u0103 a PNL(<em>fie \u015fi pe nemeritate<\/em>) \u00een cea mai <strong>p\u0103r\u0103sit\u0103 \u015fi scindat\u0103 filial\u0103<\/strong>, dup\u0103 doar un an de la ultimele alegeri.<\/p>\n\n\n\n<p>Sursele noastre ne-au transmis c\u0103 <strong>Dan Motreanu,<\/strong> marele \u015fef, (<em>\u00een esen\u0163\u0103<\/em>, <em>absent din tot ceea ce \u00eenseamn\u0103 PNL Giurgiu<\/em>) ar fi c\u0103utat sp\u0103\u015fit sus\u0163inere \u00een ochii fiec\u0103rui participant. Ghinon! Nu ne-ar mira dac\u0103 primarii s-ar fi \u00eentrebat, la vederea boss-ului cu pricina: <strong>b\u0103, dar \u0103sta cine e, m\u0103, c\u0103 nu l-am mai v\u0103zut&#8230;<\/strong><\/p>\n\n\n\n<p>\u0102l mai mare ghinion l-ar fi avut chiar <strong>Dumitru Beianu<\/strong> care a reu\u015fit, cu o \u201epricepere\u201d demn\u0103 de Cartea Recordurilor \u00een administa\u0163ie, s\u0103 <strong>piard\u0103 banii pentru prim\u0103riile aflate pe lista lui scurtat\u0103<\/strong>. N-a mai comis-o niciun alt pre\u015fedinte al CJ Giurgiu, a\u015fa c\u0103, orice ar zice, NU exist\u0103 ru\u015fine mai mare! Bine\u00een\u0163eles, cum \u00eei \u015fade lui bine, a dat repede vina pe \u0103ia mai mici pe care, culmea, <strong>tot el i-a promovat<\/strong>. \u015ei care au salarii frumu\u015fele&#8230; Secretara- na\u015fa, directorul economic etc. Dac\u0103 ar fi corect \u015fi dac\u0103 ar mai t\u0103ia din banii na\u015fei \u015fi ai \u0103luia care n-a citit Legea p\u00e2n\u0103 la cap\u0103t, <strong>ar mai salva de la \u015fomaj vreo 5 angaja\u0163i de la DGASPC<\/strong>, nu? Din p\u0103cate, nu \u015ftim dac\u0103 asta \u00eel intereseaz\u0103, de fapt.<\/p>\n\n\n\n<p>Acelea\u015fi surse ne-au transmis c\u0103, tot ast\u0103-sear\u0103, dl. Beianu ar fi \u0163inut-o pe a domniei sale \u015fi le-ar fi spus primarilor c\u0103&#8230; s\u0103 stea lini\u015fti\u0163i, pentru c\u0103 <strong>d\u0103 Guvernul nu \u015ftim ce OG <\/strong>\u015fi banii \u0103ia du\u015fi pe apa s\u00e2mbetei nu ar fi pierdu\u0163i. Ce s\u0103 mai zic\u0103 \u015fi el? Nu v\u0103 mai chinui\u0163i, l\u0103sa\u0163i c\u0103 zicem noi!<\/p>\n\n\n\n<p><strong>\u00cel contrazic grav b\u0103ie\u0163ii de la Finan\u0163e, Legea \u015fi \u00eensu\u015fi Dumnezeu, dac\u0103 vre\u0163i, care, probabil, la un moment dat(c\u0103 a\u015fa ne \u00eenva\u0163\u0103 Sf\u00e2nta Scriptur\u0103), o s\u0103 reac\u0163ioneze pe m\u0103sura minciunilor. Pariu?<\/strong><\/p>\n\n\n\n<p>N-o fi u\u015for c\u00e2nd afl\u0103 lumea cum e\u015fti de fapt, n-o fi u\u015for s\u0103 te bubuie public oamenii care te numesc \u201eincompetent\u201d, dar ce s\u0103 v\u0103 facem, domnilor, fiecare papagal&#8230;, pardon, pas\u0103re pe limba ei piere!<\/p>\n","protected":false},"excerpt":{"rendered":"<p>Permanent cu ochii \u00een curtea vecinului, PNL-i\u015ftii giurgiuveni nu mai v\u0103d ce se \u00eent\u00e2mpl\u0103 \u00een ograda lor. Unde e cam mare debandad\u0103, pu\u0163in spus. Sigur, printre cei care au mai r\u0103mas. Fiindc\u0103, am auzit c\u0103 nici m\u0103car la \u015fedin\u0163a de azi de la Albele nu s-ar fi dus cam jum\u0103tate dintre primarii lor. Nasol! R\u0103u. [&hellip;]<\/p>\n","protected":false},"author":1,"featured_media":76475,"comment_status":"open","ping_status":"open","sticky":false,"template":"","format":"standard","meta":{"slim_seo":{"title":"SURSE: \u00cent\u00e2lnirea de la Albele dintre PNL Giurgiu \u015fi primarii liberali, un fiasco total (justificat) - GIURGIU NET","description":"Permanent cu ochii \u00een curtea vecinului, PNL-i\u015ftii giurgiuveni nu mai v\u0103d ce se \u00eent\u00e2mpl\u0103 \u00een ograda lor. Unde e cam mare debandad\u0103, pu\u0163in spus. Sigur, printre cei"},"footnotes":""},"categories":[18,19,23,25,28],"tags":[2027],"class_list":{"0":"post-76474","1":"post","2":"type-post","3":"status-publish","4":"format-standard","5":"has-post-thumbnail","7":"category-actual","8":"category-adm","9":"category-pam","10":"category-pol","11":"category-uo","12":"tag-pnl-giurgiu"},"_links":{"self":[{"href":"https:\/\/giurgiu-net.ro\/index.php\/wp-json\/wp\/v2\/posts\/76474","targetHints":{"allow":["GET"]}}],"collection":[{"href":"https:\/\/giurgiu-net.ro\/index.php\/wp-json\/wp\/v2\/posts"}],"about":[{"href":"https:\/\/giurgiu-net.ro\/index.php\/wp-json\/wp\/v2\/types\/post"}],"author":[{"embeddable":true,"href":"https:\/\/giurgiu-net.ro\/index.php\/wp-json\/wp\/v2\/users\/1"}],"replies":[{"embeddable":true,"href":"https:\/\/giurgiu-net.ro\/index.php\/wp-json\/wp\/v2\/comments?post=76474"}],"version-history":[{"count":0,"href":"https:\/\/giurgiu-net.ro\/index.php\/wp-json\/wp\/v2\/posts\/76474\/revisions"}],"wp:featuredmedia":[{"embeddable":true,"href":"https:\/\/giurgiu-net.ro\/index.php\/wp-json\/"}],"wp:attachment":[{"href":"https:\/\/giurgiu-net.ro\/index.php\/wp-json\/wp\/v2\/media?parent=76474"}],"wp:term":[{"taxonomy":"category","embeddable":true,"href":"https:\/\/giurgiu-net.ro\/index.php\/wp-json\/wp\/v2\/categories?post=76474"},{"taxonomy":"post_tag","embeddable":true,"href":"https:\/\/giurgiu-net.ro\/index.php\/wp-json\/wp\/v2\/tags?post=76474"}],"curies":[{"name":"wp","href":"https:\/\/api.w.org\/{rel}","templated":true}]}}