{"id":76469,"date":"2021-12-21T11:35:11","date_gmt":"2021-12-21T09:35:11","guid":{"rendered":"http:\/\/giurgiu-net.ro\/?p=76469"},"modified":"2021-12-21T11:35:11","modified_gmt":"2021-12-21T09:35:11","slug":"deputat-elena-dinu-replica-pentru-cei-care-imprastie-minciuni-in-spatiul-public","status":"publish","type":"post","link":"https:\/\/giurgiu-net.ro\/index.php\/2021\/12\/21\/deputat-elena-dinu-replica-pentru-cei-care-imprastie-minciuni-in-spatiul-public\/","title":{"rendered":"Deputatul Elena Dinu, replic\u0103 pentru cei care \u00eempr\u0103\u015ftie minciuni \u00een spa\u0163iul public!"},"content":{"rendered":"\n<p>Pre\u015fedintele OFSD Giurgiu, deputatul Cristina Elena Dinu a postat pe pagina sa de Facebook un mesaj, dup\u0103 ce pe re\u0163elele de socializare au ap\u0103rut tot felul de post\u0103ri \u00een care  ni\u015fte frustra\u0163i, evident, de la alte partide sus\u0163in c\u0103 ea ar vrea s\u0103-i ia locul lui Marian Mina, la pre\u015fedin\u0163ia PSD Giurgiu.<\/p>\n\n\n\n<p>&#8222;De\u015fi este o perioad\u0103 a anului foarte \u00eenc\u0103rcat\u0103 \u015fi care ar trebui s\u0103 fie plin\u0103 de bucurie \u015fi de fapte bune, unii au timp doar de FAKE NEWS-usuri \u015fi de b\u0103gat b\u0103\u0163ul prin gard. \u015ei, desi afirma\u0163iile lor nu au nicio leg\u0103tur\u0103 cu realitatea, pentru corecta informare a publicului \u015fi \u00een spiritul adev\u0103rului, vreau s\u0103 fac c\u00e2teva <a href=\"https:\/\/www.facebook.com\/hashtag\/preciz%C4%83ri?__eep__=6&amp;__cft__[0]=AZVXhag2r0jLLUUXgi0oY3UI93XULslMr8m5XFr9kxS4VwiDandTXhGF1FyQFrf1gNfDWsnZTsoIJVc6BethTjW5c40fnLm5BCUx-2IqOPmZGjNGdFwL-yT1SYaDGzZBSgY&amp;__tn__=*NK-R\">#preciz\u0103ri<\/a>!<\/p>\n\n\n\n<p>La Organiza\u0163ia PSD <a href=\"https:\/\/www.facebook.com\/hashtag\/giurgiu?__eep__=6&amp;__cft__[0]=AZVXhag2r0jLLUUXgi0oY3UI93XULslMr8m5XFr9kxS4VwiDandTXhGF1FyQFrf1gNfDWsnZTsoIJVc6BethTjW5c40fnLm5BCUx-2IqOPmZGjNGdFwL-yT1SYaDGzZBSgY&amp;__tn__=*NK-R\">#Giurgiu<\/a> exist\u0103 o echip\u0103 sudat\u0103 care, prin tot ceea ce face, \u00eencearc\u0103 s\u0103 ajute comunit\u0103\u0163ile locale \u015fi giurgiuvenii.<\/p>\n\n\n\n<p>Aceast\u0103 <a href=\"https:\/\/www.facebook.com\/hashtag\/echip%C4%83?__eep__=6&amp;__cft__[0]=AZVXhag2r0jLLUUXgi0oY3UI93XULslMr8m5XFr9kxS4VwiDandTXhGF1FyQFrf1gNfDWsnZTsoIJVc6BethTjW5c40fnLm5BCUx-2IqOPmZGjNGdFwL-yT1SYaDGzZBSgY&amp;__tn__=*NK-R\">#echip\u0103<\/a> a supravie\u0163uit cu succes unor perioade politice mai pu\u0163in fericite pe care le-a dep\u0103\u015fit tocmai datorit\u0103 <a href=\"https:\/\/www.facebook.com\/hashtag\/unit%C4%83%C5%A3ii?__eep__=6&amp;__cft__[0]=AZVXhag2r0jLLUUXgi0oY3UI93XULslMr8m5XFr9kxS4VwiDandTXhGF1FyQFrf1gNfDWsnZTsoIJVc6BethTjW5c40fnLm5BCUx-2IqOPmZGjNGdFwL-yT1SYaDGzZBSgY&amp;__tn__=*NK-R\">#unit\u0103\u0163ii<\/a>, <a href=\"https:\/\/www.facebook.com\/hashtag\/seriozit%C4%83%C5%A3ii?__eep__=6&amp;__cft__[0]=AZVXhag2r0jLLUUXgi0oY3UI93XULslMr8m5XFr9kxS4VwiDandTXhGF1FyQFrf1gNfDWsnZTsoIJVc6BethTjW5c40fnLm5BCUx-2IqOPmZGjNGdFwL-yT1SYaDGzZBSgY&amp;__tn__=*NK-R\">#seriozit\u0103\u0163ii<\/a> \u015fi bunei colabor\u0103ri. \u015ei, ca s\u0103 \u00een\u0163eleag\u0103 \u015fi cei pentru care asemenea no\u0163iuni sunt str\u0103ine, NU doresc, n-am dorit \u015fi nu am f\u0103cut niciodat\u0103 vreun demers pentru a-i lua locul colegului meu Marian Mina la pre\u015fedin\u0163ia Organiza\u0163iei PSD Giurgiu. <\/p>\n\n\n\n<p>Pot s\u0103 \u00een\u0163eleg <a href=\"https:\/\/www.facebook.com\/hashtag\/disperarea?__eep__=6&amp;__cft__[0]=AZVXhag2r0jLLUUXgi0oY3UI93XULslMr8m5XFr9kxS4VwiDandTXhGF1FyQFrf1gNfDWsnZTsoIJVc6BethTjW5c40fnLm5BCUx-2IqOPmZGjNGdFwL-yT1SYaDGzZBSgY&amp;__tn__=*NK-R\">#disperarea<\/a> celorlalte partide din Giurgiu care, m\u0103cinate de luptele interne, nu mai au timp s\u0103 fac\u0103 \u015fi ceva constructiv. Este evident c\u0103 \u00ee\u015fi doresc ca cei cu care vor fi, la un moment dat, \u00een competi\u0163ie electoral\u0103 s\u0103 nu fie o echip\u0103 puternic\u0103. Din p\u0103cate pentru ei, acest lucru NU se va \u00eent\u00e2mpla! Vom continua s\u0103 realiz\u0103m ceea ce ne-am propus \u015fi avem foarte multe lucruri de f\u0103cut pentru giurgiuveni!&#8221;, a scris Cristina Elena Dinu, pe Facebook.<\/p>\n","protected":false},"excerpt":{"rendered":"<p>Pre\u015fedintele OFSD Giurgiu, deputatul Cristina Elena Dinu a postat pe pagina sa de Facebook un mesaj, dup\u0103 ce pe re\u0163elele de socializare au ap\u0103rut tot felul de post\u0103ri \u00een care ni\u015fte frustra\u0163i, evident, de la alte partide sus\u0163in c\u0103 ea ar vrea s\u0103-i ia locul lui Marian Mina, la pre\u015fedin\u0163ia PSD Giurgiu. &#8222;De\u015fi este o [&hellip;]<\/p>\n","protected":false},"author":1,"featured_media":76470,"comment_status":"open","ping_status":"open","sticky":false,"template":"","format":"standard","meta":{"slim_seo":{"title":"Deputatul Elena Dinu, replic\u0103 pentru cei care \u00eempr\u0103\u015ftie minciuni \u00een spa\u0163iul public! - GIURGIU NET","description":"Pre\u015fedintele OFSD Giurgiu, deputatul Cristina Elena Dinu a postat pe pagina sa de Facebook un mesaj, dup\u0103 ce pe re\u0163elele de socializare au ap\u0103rut tot felul de p"},"footnotes":""},"categories":[18,25,28],"tags":[1025],"class_list":{"0":"post-76469","1":"post","2":"type-post","3":"status-publish","4":"format-standard","5":"has-post-thumbnail","7":"category-actual","8":"category-pol","9":"category-uo","10":"tag-elena-dinu"},"_links":{"self":[{"href":"https:\/\/giurgiu-net.ro\/index.php\/wp-json\/wp\/v2\/posts\/76469","targetHints":{"allow":["GET"]}}],"collection":[{"href":"https:\/\/giurgiu-net.ro\/index.php\/wp-json\/wp\/v2\/posts"}],"about":[{"href":"https:\/\/giurgiu-net.ro\/index.php\/wp-json\/wp\/v2\/types\/post"}],"author":[{"embeddable":true,"href":"https:\/\/giurgiu-net.ro\/index.php\/wp-json\/wp\/v2\/users\/1"}],"replies":[{"embeddable":true,"href":"https:\/\/giurgiu-net.ro\/index.php\/wp-json\/wp\/v2\/comments?post=76469"}],"version-history":[{"count":0,"href":"https:\/\/giurgiu-net.ro\/index.php\/wp-json\/wp\/v2\/posts\/76469\/revisions"}],"wp:featuredmedia":[{"embeddable":true,"href":"https:\/\/giurgiu-net.ro\/index.php\/wp-json\/"}],"wp:attachment":[{"href":"https:\/\/giurgiu-net.ro\/index.php\/wp-json\/wp\/v2\/media?parent=76469"}],"wp:term":[{"taxonomy":"category","embeddable":true,"href":"https:\/\/giurgiu-net.ro\/index.php\/wp-json\/wp\/v2\/categories?post=76469"},{"taxonomy":"post_tag","embeddable":true,"href":"https:\/\/giurgiu-net.ro\/index.php\/wp-json\/wp\/v2\/tags?post=76469"}],"curies":[{"name":"wp","href":"https:\/\/api.w.org\/{rel}","templated":true}]}}