{"id":76383,"date":"2021-12-15T10:27:33","date_gmt":"2021-12-15T08:27:33","guid":{"rendered":"http:\/\/giurgiu-net.ro\/?p=76383"},"modified":"2021-12-15T10:27:33","modified_gmt":"2021-12-15T08:27:33","slug":"deputatul-elena-dinu-initiativa-privind-includerea-romaniei-in-reteaua-europeana-de-colectare-si-fractionare-de-plasma","status":"publish","type":"post","link":"https:\/\/giurgiu-net.ro\/index.php\/2021\/12\/15\/deputatul-elena-dinu-initiativa-privind-includerea-romaniei-in-reteaua-europeana-de-colectare-si-fractionare-de-plasma\/","title":{"rendered":"Deputatul Elena Dinu, ini\u0163iativ\u0103 privind includerea Rom\u00e2niei \u00een re\u021beaua European\u0103 de colectare \u0219i frac\u021bionare de plasm\u0103"},"content":{"rendered":"\n<p>&#8222;Ca membru al <a href=\"https:\/\/www.facebook.com\/hashtag\/parlamentului?__eep__=6&amp;__cft__[0]=AZWRmKsXUvnvlZ7VxO6ZfMljPjem-gFV70eQ5dVvzphhNB6pVdHRT6lM9_fFMSH9P7bVorvwIFdi8xf2HQIU7mPgjkKPQCeioBwHI_w0rC-3p8cJt1NMHKeY1o_VvoJJ5iXcTxOmDTVDe1kcY_dFLWOB&amp;__tn__=*NK-R\">#Parlamentului<\/a> m-am angajat s\u0103 contribui la orice politic\u0103 public\u0103 de natur\u0103 s\u0103 \u00eembun\u0103t\u0103\u021beasc\u0103 situa\u021bia pacien\u021bilor rom\u00e2ni. Ca <a href=\"https:\/\/www.facebook.com\/hashtag\/medic?__eep__=6&amp;__cft__[0]=AZWRmKsXUvnvlZ7VxO6ZfMljPjem-gFV70eQ5dVvzphhNB6pVdHRT6lM9_fFMSH9P7bVorvwIFdi8xf2HQIU7mPgjkKPQCeioBwHI_w0rC-3p8cJt1NMHKeY1o_VvoJJ5iXcTxOmDTVDe1kcY_dFLWOB&amp;__tn__=*NK-R\">#medic<\/a>, \u00eemi doresc s\u0103 v\u0103d c\u0103 pacien\u021bii mei beneficiaz\u0103 de cele mai bune tratamente \u0219i c\u0103 le este respectat\u0103 demnitatea. \u00cen virtutea accestor dou\u0103 aspecte, ast\u0103zi(mar\u0163i, 14 decembrie, n.r.) am lansat o invita\u021bie public\u0103 de a colabora la un cadru legislativ prin care <a href=\"https:\/\/www.facebook.com\/hashtag\/pacien%C8%9Bilor?__eep__=6&amp;__cft__[0]=AZWRmKsXUvnvlZ7VxO6ZfMljPjem-gFV70eQ5dVvzphhNB6pVdHRT6lM9_fFMSH9P7bVorvwIFdi8xf2HQIU7mPgjkKPQCeioBwHI_w0rC-3p8cJt1NMHKeY1o_VvoJJ5iXcTxOmDTVDe1kcY_dFLWOB&amp;__tn__=*NK-R\">#pacien\u021bilor<\/a> rom\u00e2ni s\u0103 le fie asigurate \u00een mod permanent tratamentele cu produse derivate din plasm\u0103 \u0219i s\u00e2nge. <\/p>\n\n\n\n<p>\u00cen concret, la momentul actual, accesul la <a href=\"https:\/\/www.facebook.com\/hashtag\/tratament?__eep__=6&amp;__cft__[0]=AZWRmKsXUvnvlZ7VxO6ZfMljPjem-gFV70eQ5dVvzphhNB6pVdHRT6lM9_fFMSH9P7bVorvwIFdi8xf2HQIU7mPgjkKPQCeioBwHI_w0rC-3p8cJt1NMHKeY1o_VvoJJ5iXcTxOmDTVDe1kcY_dFLWOB&amp;__tn__=*NK-R\">#tratament<\/a> al acestor pacien\u021bi este incert dat fiind faptul c\u0103 Rom\u00e2nia nu colecteaz\u0103 \u0219i nu exploateaz\u0103 corespunz\u0103tor plasma. <\/p>\n\n\n\n<p>Drept urmare, pacien\u021bii cu <a href=\"https:\/\/www.facebook.com\/hashtag\/boli?__eep__=6&amp;__cft__[0]=AZWRmKsXUvnvlZ7VxO6ZfMljPjem-gFV70eQ5dVvzphhNB6pVdHRT6lM9_fFMSH9P7bVorvwIFdi8xf2HQIU7mPgjkKPQCeioBwHI_w0rC-3p8cJt1NMHKeY1o_VvoJJ5iXcTxOmDTVDe1kcY_dFLWOB&amp;__tn__=*NK-R\">#boli<\/a> rare, pacien\u021bii care au trecut prin cure de citostatice, cei cu hepatite sau cei transplanta\u021bi sunt supu\u0219i unui risc adi\u021bional.Un nou cadru legislativ ar oferi posibilitatea de colectare a plasmei \u0219i de frac\u021bionare a acesteia, pentru ca \u00een final, pacien\u021bii no\u0219tri s\u0103 aib\u0103 acces ne\u00eentrerupt la tratamente.Este un prim pas pe care \u00eel fac ast\u0103zi \u00een aceast\u0103 c\u0103l\u0103torie!<\/p>\n\n\n\n<p> <a href=\"https:\/\/www.facebook.com\/hashtag\/al%C4%83turi?__eep__=6&amp;__cft__[0]=AZWRmKsXUvnvlZ7VxO6ZfMljPjem-gFV70eQ5dVvzphhNB6pVdHRT6lM9_fFMSH9P7bVorvwIFdi8xf2HQIU7mPgjkKPQCeioBwHI_w0rC-3p8cJt1NMHKeY1o_VvoJJ5iXcTxOmDTVDe1kcY_dFLWOB&amp;__tn__=*NK-R\">#Al\u0103turi<\/a> de mine vor fi medici, reprezentan\u021bi ai pacien\u021bilor \u0219i colegi parlamentari. Astfel, niciun aspect nu va fi neglijat!<a href=\"https:\/\/www.facebook.com\/hashtag\/%C3%AEmpreun%C4%83?__eep__=6&amp;__cft__[0]=AZWRmKsXUvnvlZ7VxO6ZfMljPjem-gFV70eQ5dVvzphhNB6pVdHRT6lM9_fFMSH9P7bVorvwIFdi8xf2HQIU7mPgjkKPQCeioBwHI_w0rC-3p8cJt1NMHKeY1o_VvoJJ5iXcTxOmDTVDe1kcY_dFLWOB&amp;__tn__=*NK-R\">#\u00cempreun\u0103<\/a> vom aduce un strop de bine \u00een vie\u021bile pacien\u021bilor rom\u00e2ni!Mul\u021bumesc <a href=\"https:\/\/www.facebook.com\/PointPublicAffairs\/?__cft__[0]=AZWRmKsXUvnvlZ7VxO6ZfMljPjem-gFV70eQ5dVvzphhNB6pVdHRT6lM9_fFMSH9P7bVorvwIFdi8xf2HQIU7mPgjkKPQCeioBwHI_w0rC-3p8cJt1NMHKeY1o_VvoJJ5iXcTxOmDTVDe1kcY_dFLWOB&amp;__tn__=kK-R\">Point Public Affairs<\/a> \u0219i APAA pentru deschidere \u0219i colaborare!&#8221;- deputat Cristina Elena Dinu.<\/p>\n","protected":false},"excerpt":{"rendered":"<p>&#8222;Ca membru al #Parlamentului m-am angajat s\u0103 contribui la orice politic\u0103 public\u0103 de natur\u0103 s\u0103 \u00eembun\u0103t\u0103\u021beasc\u0103 situa\u021bia pacien\u021bilor rom\u00e2ni. Ca #medic, \u00eemi doresc s\u0103 v\u0103d c\u0103 pacien\u021bii mei beneficiaz\u0103 de cele mai bune tratamente \u0219i c\u0103 le este respectat\u0103 demnitatea. \u00cen virtutea accestor dou\u0103 aspecte, ast\u0103zi(mar\u0163i, 14 decembrie, n.r.) am lansat o invita\u021bie public\u0103 de [&hellip;]<\/p>\n","protected":false},"author":1,"featured_media":76384,"comment_status":"open","ping_status":"open","sticky":false,"template":"","format":"standard","meta":{"slim_seo":{"title":"Deputatul Elena Dinu, ini\u0163iativ\u0103 privind includerea Rom\u00e2niei \u00een re\u021beaua European\u0103 de colectare \u0219i frac\u021bionare de plasm\u0103 - GIURGIU NET","description":"\"Ca membru al #Parlamentului m-am angajat s\u0103 contribui la orice politic\u0103 public\u0103 de natur\u0103 s\u0103 \u00eembun\u0103t\u0103\u021beasc\u0103 situa\u021bia pacien\u021bilor rom\u00e2ni. Ca #medic , \u00eemi doresc"},"footnotes":""},"categories":[18,26,28],"tags":[],"class_list":{"0":"post-76383","1":"post","2":"type-post","3":"status-publish","4":"format-standard","5":"has-post-thumbnail","7":"category-actual","8":"category-soc","9":"category-uo"},"_links":{"self":[{"href":"https:\/\/giurgiu-net.ro\/index.php\/wp-json\/wp\/v2\/posts\/76383","targetHints":{"allow":["GET"]}}],"collection":[{"href":"https:\/\/giurgiu-net.ro\/index.php\/wp-json\/wp\/v2\/posts"}],"about":[{"href":"https:\/\/giurgiu-net.ro\/index.php\/wp-json\/wp\/v2\/types\/post"}],"author":[{"embeddable":true,"href":"https:\/\/giurgiu-net.ro\/index.php\/wp-json\/wp\/v2\/users\/1"}],"replies":[{"embeddable":true,"href":"https:\/\/giurgiu-net.ro\/index.php\/wp-json\/wp\/v2\/comments?post=76383"}],"version-history":[{"count":0,"href":"https:\/\/giurgiu-net.ro\/index.php\/wp-json\/wp\/v2\/posts\/76383\/revisions"}],"wp:featuredmedia":[{"embeddable":true,"href":"https:\/\/giurgiu-net.ro\/index.php\/wp-json\/"}],"wp:attachment":[{"href":"https:\/\/giurgiu-net.ro\/index.php\/wp-json\/wp\/v2\/media?parent=76383"}],"wp:term":[{"taxonomy":"category","embeddable":true,"href":"https:\/\/giurgiu-net.ro\/index.php\/wp-json\/wp\/v2\/categories?post=76383"},{"taxonomy":"post_tag","embeddable":true,"href":"https:\/\/giurgiu-net.ro\/index.php\/wp-json\/wp\/v2\/tags?post=76383"}],"curies":[{"name":"wp","href":"https:\/\/api.w.org\/{rel}","templated":true}]}}