{"id":76380,"date":"2021-12-14T16:22:43","date_gmt":"2021-12-14T14:22:43","guid":{"rendered":"http:\/\/giurgiu-net.ro\/?p=76380"},"modified":"2021-12-14T16:22:43","modified_gmt":"2021-12-14T14:22:43","slug":"deputat-marian-mina-am-promis-ne-tinem-de-cuvant","status":"publish","type":"post","link":"https:\/\/giurgiu-net.ro\/index.php\/2021\/12\/14\/deputat-marian-mina-am-promis-ne-tinem-de-cuvant\/","title":{"rendered":"Deputat Marian Mina: &#8222;Am promis, ne \u0163inem de cuv\u00e2nt!&#8221;"},"content":{"rendered":"\n<p>&#8222;Am promis, ne \u0163inem de cuv\u00e2nt!<\/p>\n\n\n\n<p> <a href=\"https:\/\/www.facebook.com\/hashtag\/psd?__eep__=6&amp;__cft__[0]=AZW8K3ztuV6lGv_FOgA92g8Afd88M6Kp3uwGRnYJRptFVOlgF0H7Krl5rxOztelixdA2rJBMsedTS1QjBoVdE8hK2hD7zHfBXUIBPE1hHBC-OUFc1pAC1PwL_bUB2K2JDr9BCREinr6wu_rJB6msMAvC&amp;__tn__=*NK-R\">#PSD<\/a> a intrat la guvernare cu o CONDI\u0162IE: pachetul social propus de noi s\u0103 intre \u00een vigoare de la 1 ianuarie 2022.A\u015fa se va \u015fi \u00eent\u00e2mpla, astfel c\u0103, de luna viitoare, ALOCA\u0162IILE pentru copii vor fi majorate, astfel \u00eenc\u00e2t cei cu v\u00e2rsta \u00eentre 0-2 ani \u0219i cei cu dizabilit\u0103\u021bi vor primi 600 lei, iar copiii cu v\u00e2rsta \u00eentre 2-18 ani vor primi 243 lei.<\/p>\n\n\n\n<p>Vor primi a 13-a INDEMNIZA\u0162IE persoanele cu dizabilit\u0103\u0163i, iar pensia minim\u0103 va cre\u015fte de la 800 la 1.000 lei, \u00een timp ce pentru restul pensiilor cre\u0219terea va fi de 10%.<\/p>\n\n\n\n<p>Mai mult, to\u021bi b\u0103tr\u00e2nii cu PENSII p\u00e2n\u0103 \u00een 1.600 de lei(dup\u0103 majorare) vor primi, \u00een luna ianuarie, un ajutor pentru iarn\u0103, astfel \u00eenc\u00e2t s\u0103 ajung\u0103 la suma de 2.200 lei.<\/p>\n\n\n\n<p>Ne-am \u00eendreptat aten\u0163ia \u00een primul r\u00e2nd c\u0103tre categoriile vulnerabile, av\u00e2nd \u00een vedere c\u0103 pre\u0163urile au explodat, \u00een ultima perioad\u0103, la alimente, la utilit\u0103\u0163i sau medicamente. \u00cens\u0103, a\u015fa cum am demonstrat de fiecare dat\u0103, PSD va g\u0103si solu\u0163ii pentru cre\u015fterea veniturilor TUTUROR rom\u00e2nilor!&#8221;- pre\u015fedintele PSD Giurgiu, deputat Marian Mina.<\/p>\n","protected":false},"excerpt":{"rendered":"<p>&#8222;Am promis, ne \u0163inem de cuv\u00e2nt! #PSD a intrat la guvernare cu o CONDI\u0162IE: pachetul social propus de noi s\u0103 intre \u00een vigoare de la 1 ianuarie 2022.A\u015fa se va \u015fi \u00eent\u00e2mpla, astfel c\u0103, de luna viitoare, ALOCA\u0162IILE pentru copii vor fi majorate, astfel \u00eenc\u00e2t cei cu v\u00e2rsta \u00eentre 0-2 ani \u0219i cei cu dizabilit\u0103\u021bi [&hellip;]<\/p>\n","protected":false},"author":1,"featured_media":76381,"comment_status":"open","ping_status":"open","sticky":false,"template":"","format":"standard","meta":{"slim_seo":{"title":"Deputat Marian Mina: \"Am promis, ne \u0163inem de cuv\u00e2nt!\" - GIURGIU NET","description":"\"Am promis, ne \u0163inem de cuv\u00e2nt! #PSD a intrat la guvernare cu o CONDI\u0162IE: pachetul social propus de noi s\u0103 intre \u00een vigoare de la 1 ianuarie 2022.A\u015fa se va \u015fi \u00ee"},"footnotes":""},"categories":[18,19,25,26,28],"tags":[1626],"class_list":{"0":"post-76380","1":"post","2":"type-post","3":"status-publish","4":"format-standard","5":"has-post-thumbnail","7":"category-actual","8":"category-adm","9":"category-pol","10":"category-soc","11":"category-uo","12":"tag-marian-mina"},"_links":{"self":[{"href":"https:\/\/giurgiu-net.ro\/index.php\/wp-json\/wp\/v2\/posts\/76380","targetHints":{"allow":["GET"]}}],"collection":[{"href":"https:\/\/giurgiu-net.ro\/index.php\/wp-json\/wp\/v2\/posts"}],"about":[{"href":"https:\/\/giurgiu-net.ro\/index.php\/wp-json\/wp\/v2\/types\/post"}],"author":[{"embeddable":true,"href":"https:\/\/giurgiu-net.ro\/index.php\/wp-json\/wp\/v2\/users\/1"}],"replies":[{"embeddable":true,"href":"https:\/\/giurgiu-net.ro\/index.php\/wp-json\/wp\/v2\/comments?post=76380"}],"version-history":[{"count":0,"href":"https:\/\/giurgiu-net.ro\/index.php\/wp-json\/wp\/v2\/posts\/76380\/revisions"}],"wp:featuredmedia":[{"embeddable":true,"href":"https:\/\/giurgiu-net.ro\/index.php\/wp-json\/wp\/v2\/media\/76381"}],"wp:attachment":[{"href":"https:\/\/giurgiu-net.ro\/index.php\/wp-json\/wp\/v2\/media?parent=76380"}],"wp:term":[{"taxonomy":"category","embeddable":true,"href":"https:\/\/giurgiu-net.ro\/index.php\/wp-json\/wp\/v2\/categories?post=76380"},{"taxonomy":"post_tag","embeddable":true,"href":"https:\/\/giurgiu-net.ro\/index.php\/wp-json\/wp\/v2\/tags?post=76380"}],"curies":[{"name":"wp","href":"https:\/\/api.w.org\/{rel}","templated":true}]}}