{"id":76374,"date":"2021-12-13T12:18:49","date_gmt":"2021-12-13T10:18:49","guid":{"rendered":"http:\/\/giurgiu-net.ro\/?p=76374"},"modified":"2021-12-13T12:18:49","modified_gmt":"2021-12-13T10:18:49","slug":"doi-cetateni-straini-ascunsi-in-remorca-unui-tir-descoperiti-in-vama-giurgiu","status":"publish","type":"post","link":"https:\/\/giurgiu-net.ro\/index.php\/2021\/12\/13\/doi-cetateni-straini-ascunsi-in-remorca-unui-tir-descoperiti-in-vama-giurgiu\/","title":{"rendered":"Doi cet\u0103\u021beni str\u0103ini ascun\u0219i \u00een remorca unui TIR, descoperi\u0163i \u00een Vama Giurgiu"},"content":{"rendered":"\n<p><\/p>\n\n\n\n<p><em>Poli\u021bi\u0219tii de frontier\u0103 din cadrul P.T.F. Giurgiu au depistat doi cet<\/em><em>\u0103\u021beni&nbsp; afgani<\/em><em> care au \u00eencercat s\u0103 intre ilegal \u00een Rom\u00e2nia, ascun\u0219i \u00een compartimentul pentru marf\u0103 al unui ansamblu rutier.<\/em><\/p>\n\n\n\n<p><em>Tinerii, \u00een v\u00e2rst\u0103 de 19, respectiv 21 de ani, inten\u021bionau s\u0103 ajung\u0103 \u00een Germania \u0219i nu de\u021bineau documente de identitate asupra lor. Ace\u0219tia au fost prelua\u021bi de c\u0103tre autorit\u0103\u021bile de frontier\u0103 bulgare, \u00een vederea continu\u0103rii cercet\u0103rilor.<\/em><\/p>\n\n\n\n<p>\u00cen cursul acestei dimine\u021bi, \u00een jurul orei 05.00, \u00een Punctul de Trecere a Frontierei Giurgiu, pe sensul de intrare \u00een \u021bar\u0103, s-a prezentat pentru efectuarea formalit\u0103\u0163ilor de frontier\u0103, un cet\u0103\u021bean turc, \u00een v\u00e2rst\u0103 de 46 de ani, care conducea un ansamblu rutier. Conform documentelor prezentate, \u015foferul transporta materiale din plastic, pe ruta Turcia \u2013 Rom\u00e2nia.<\/p>\n\n\n\n<p>\u00cen urma controlului preliminar efectuat asupra mijlocului de transport, colegii no\u0219tri au constatat faptul c\u0103 prelata semiremorcii era t\u0103iat\u0103 \u0219i cusut\u0103, motiv pentru care au procedat la efectuarea unor verific\u0103ri suplimentare.<\/p>\n\n\n\n<p>Astfel, \u00een compartimentul&nbsp; pentru marf\u0103, printre bunurile transportate, au fost descoperi\u0163i doi b\u0103rba\u0163i, cet\u0103\u0163eni afgani \u00een v\u00e2rst\u0103 de 19, respectiv 21 de ani.<\/p>\n\n\n\n<p>Ace\u0219tia au declarat autorit\u0103\u021bilor faptul c\u0103 s-au urcat \u00een autocamion \u00een timp ce se aflau \u00een Turcia, f\u0103r\u0103 ca \u0219oferul s\u0103 aib\u0103 cuno\u0219tin\u021b\u0103 despre acest aspect. Tinerii nu de\u021bineau documente de identitate asupra lor \u0219i inten\u021bionau s\u0103 ajung\u0103 \u00een Germania.<\/p>\n\n\n\n<p>Poli\u021bi\u0219tii de frontier\u0103 au procedat la \u00eentreruperea c\u0103l\u0103toriei persoanelor \u00een cauz\u0103, iar conform protocolului rom\u00e2no-bulgar, cet\u0103\u021benii afgani, \u0219oferul \u0219i mijlocul de transport au fost prelua\u021bi de c\u0103tre reprezentan\u021bii Poli\u0163iei de Frontier\u0103 Bulgare, \u00een vederea continu\u0103rii cercet\u0103rilor \u015fi dispunerii m\u0103surilor legale ce se impun.<\/p>\n\n\n\n<p>Purt\u0103tor de cuv\u00e2nt I.T.P.F. Giurgiu<\/p>\n\n\n\n<p><em>Inspector principal de poli\u021bie<\/em><\/p>\n\n\n\n<p><strong>Roxana Popazu<\/strong><strong><\/strong><\/p>\n","protected":false},"excerpt":{"rendered":"<p>Poli\u021bi\u0219tii de frontier\u0103 din cadrul P.T.F. Giurgiu au depistat doi cet\u0103\u021beni&nbsp; afgani care au \u00eencercat s\u0103 intre ilegal \u00een Rom\u00e2nia, ascun\u0219i \u00een compartimentul pentru marf\u0103 al unui ansamblu rutier. Tinerii, \u00een v\u00e2rst\u0103 de 19, respectiv 21 de ani, inten\u021bionau s\u0103 ajung\u0103 \u00een Germania \u0219i nu de\u021bineau documente de identitate asupra lor. Ace\u0219tia au fost prelua\u021bi [&hellip;]<\/p>\n","protected":false},"author":1,"featured_media":76375,"comment_status":"open","ping_status":"open","sticky":false,"template":"","format":"standard","meta":{"slim_seo":{"title":"Doi cet\u0103\u021beni str\u0103ini ascun\u0219i \u00een remorca unui TIR, descoperi\u0163i \u00een Vama Giurgiu - GIURGIU NET","description":"Poli\u021bi\u0219tii de frontier\u0103 din cadrul P.T.F. Giurgiu au depistat doi cet \u0103\u021beni&nbsp; afgani care au \u00eencercat s\u0103 intre ilegal \u00een Rom\u00e2nia, ascun\u0219i \u00een compartimentul"},"footnotes":""},"categories":[18,26,28],"tags":[],"class_list":{"0":"post-76374","1":"post","2":"type-post","3":"status-publish","4":"format-standard","5":"has-post-thumbnail","7":"category-actual","8":"category-soc","9":"category-uo"},"_links":{"self":[{"href":"https:\/\/giurgiu-net.ro\/index.php\/wp-json\/wp\/v2\/posts\/76374","targetHints":{"allow":["GET"]}}],"collection":[{"href":"https:\/\/giurgiu-net.ro\/index.php\/wp-json\/wp\/v2\/posts"}],"about":[{"href":"https:\/\/giurgiu-net.ro\/index.php\/wp-json\/wp\/v2\/types\/post"}],"author":[{"embeddable":true,"href":"https:\/\/giurgiu-net.ro\/index.php\/wp-json\/wp\/v2\/users\/1"}],"replies":[{"embeddable":true,"href":"https:\/\/giurgiu-net.ro\/index.php\/wp-json\/wp\/v2\/comments?post=76374"}],"version-history":[{"count":0,"href":"https:\/\/giurgiu-net.ro\/index.php\/wp-json\/wp\/v2\/posts\/76374\/revisions"}],"wp:featuredmedia":[{"embeddable":true,"href":"https:\/\/giurgiu-net.ro\/index.php\/wp-json\/"}],"wp:attachment":[{"href":"https:\/\/giurgiu-net.ro\/index.php\/wp-json\/wp\/v2\/media?parent=76374"}],"wp:term":[{"taxonomy":"category","embeddable":true,"href":"https:\/\/giurgiu-net.ro\/index.php\/wp-json\/wp\/v2\/categories?post=76374"},{"taxonomy":"post_tag","embeddable":true,"href":"https:\/\/giurgiu-net.ro\/index.php\/wp-json\/wp\/v2\/tags?post=76374"}],"curies":[{"name":"wp","href":"https:\/\/api.w.org\/{rel}","templated":true}]}}