{"id":76359,"date":"2021-12-09T13:02:55","date_gmt":"2021-12-09T11:02:55","guid":{"rendered":"http:\/\/giurgiu-net.ro\/?p=76359"},"modified":"2021-12-09T13:02:55","modified_gmt":"2021-12-09T11:02:55","slug":"situatia-de-la-dgaspc-giurgiu-din-nou-in-atentia-intregii-tari-tensiuni-in-urma-anuntatelor-disponibilizari-si-intarzierea-salariilor","status":"publish","type":"post","link":"https:\/\/giurgiu-net.ro\/index.php\/2021\/12\/09\/situatia-de-la-dgaspc-giurgiu-din-nou-in-atentia-intregii-tari-tensiuni-in-urma-anuntatelor-disponibilizari-si-intarzierea-salariilor\/","title":{"rendered":"Situa\u0163ia de la DGASPC Giurgiu, din nou \u00een aten\u0163ia \u00eentregii \u0163\u0103ri. Tensiuni, \u00een urma anun\u0163ului privind reduceri de personal \u015fi \u00eent\u00e2rzierea salariilor"},"content":{"rendered":"\n<p>Rom\u00e2nia TV a prezentat azi cazul celor din Direc\u0163ia General\u0103 de Asisten\u0163\u0103 Social\u0103 \u015fi Protec\u0163ia Copilului(DGASPC) Giurgiu. G\u0103si\u0163i VIDEO pe pagina noastr\u0103 de Facebook, AICI: <a href=\"https:\/\/www.facebook.com\/Giurgiu-Net-Oficial-1869080486709220\" target=\"_blank\" rel=\"noreferrer noopener\">https:\/\/www.facebook.com\/Giurgiu-Net-Oficial-1869080486709220<\/a><\/p>\n\n\n\n<p>Angaja\u0163ii s-au declarat nemul\u0163umi\u0163i dup\u0103 ce conducerea Consiliului Jude\u0163ean Giurgiu a anun\u0163at oficial c\u0103 vor fi da\u0163i oameni afar\u0103. Noi am scris c\u0103 este vorba despre 150 de persoane, dar, \u00eentr-un comunicat de pres\u0103, CJ Giurgiu sus\u0163ine c\u0103 ar fi vorba despre desfiin\u0163area a 90 de posturi. Totu\u015fi, conform organigramei \u015fi a unui simplu calcul matematic, noi am avea dreptate.<\/p>\n\n\n\n<p>Totodat\u0103, CJ Giurgiu a anun\u0163at c\u0103 plata drepturilor ale angaja\u0163ilor DGASPC Giurgiu va &#8222;suferi o \u00eent\u00e2rziere fa\u0163\u0103 de data de 12 decembrie\u201d.<\/p>\n\n\n\n<p>\u00cen acest context, angaja\u0163ii amenin\u0163\u0103 cu proteste, ne spun sursele noastre.<\/p>\n\n\n\n<p>Pe de alt\u0103 parte, \u00een timp ce unii salaria\u0163i vor r\u0103m\u00e2ne f\u0103r\u0103 un loc de munc\u0103, sunt \u00eenfiin\u0163ate posturi noi. De exemplu, la Centrul pentru Adul\u0163i Izvoarele se desfiin\u0163eaz\u0103 postul de lucr\u0103tor social(esen\u0163ial pentru un centru) pentru a fi \u00eenfiin\u0163at un post de, ATEN\u0162IE!, animator socioeducativ.<\/p>\n\n\n\n<p>Ce \u00eenseamn\u0103 asta, conform clasific\u0103rii ocupa\u0163iilor \u00een Rom\u00e2nia?<\/p>\n\n\n\n<figure class=\"wp-block-image size-large\"><img decoding=\"async\" src=\"https:\/\/giurgiu-net.ro\/wp-content\/uploads\/2021\/12\/WhatsApp-Image-2021-12-08-at-14.04.58-264x300.jpeg\" alt=\"\" class=\"wp-image-76360\"\/><\/figure>\n\n\n\n<p>Animatoarele ne lipseau la DGASPC Giurgiu&#8230;<\/p>\n\n\n\n<p>Vom reveni cu am\u0103nunte!<\/p>\n","protected":false},"excerpt":{"rendered":"<p>Rom\u00e2nia TV a prezentat azi cazul celor din Direc\u0163ia General\u0103 de Asisten\u0163\u0103 Social\u0103 \u015fi Protec\u0163ia Copilului(DGASPC) Giurgiu. G\u0103si\u0163i VIDEO pe pagina noastr\u0103 de Facebook, AICI: https:\/\/www.facebook.com\/Giurgiu-Net-Oficial-1869080486709220 Angaja\u0163ii s-au declarat nemul\u0163umi\u0163i dup\u0103 ce conducerea Consiliului Jude\u0163ean Giurgiu a anun\u0163at oficial c\u0103 vor fi da\u0163i oameni afar\u0103. Noi am scris c\u0103 este vorba despre 150 de persoane, [&hellip;]<\/p>\n","protected":false},"author":1,"featured_media":38195,"comment_status":"open","ping_status":"open","sticky":false,"template":"","format":"standard","meta":{"slim_seo":{"title":"Situa\u0163ia de la DGASPC Giurgiu, din nou \u00een aten\u0163ia \u00eentregii \u0163\u0103ri. Tensiuni, \u00een urma anun\u0163ului privind reduceri de personal \u015fi \u00eent\u00e2rzierea salariilor - GIURGIU NET","description":"Rom\u00e2nia TV a prezentat azi cazul celor din Direc\u0163ia General\u0103 de Asisten\u0163\u0103 Social\u0103 \u015fi Protec\u0163ia Copilului(DGASPC) Giurgiu. G\u0103si\u0163i VIDEO pe pagina noastr\u0103 de Face"},"footnotes":""},"categories":[18,26,28],"tags":[892],"class_list":{"0":"post-76359","1":"post","2":"type-post","3":"status-publish","4":"format-standard","5":"has-post-thumbnail","7":"category-actual","8":"category-soc","9":"category-uo","10":"tag-dgaspc-giurgiu"},"_links":{"self":[{"href":"https:\/\/giurgiu-net.ro\/index.php\/wp-json\/wp\/v2\/posts\/76359","targetHints":{"allow":["GET"]}}],"collection":[{"href":"https:\/\/giurgiu-net.ro\/index.php\/wp-json\/wp\/v2\/posts"}],"about":[{"href":"https:\/\/giurgiu-net.ro\/index.php\/wp-json\/wp\/v2\/types\/post"}],"author":[{"embeddable":true,"href":"https:\/\/giurgiu-net.ro\/index.php\/wp-json\/wp\/v2\/users\/1"}],"replies":[{"embeddable":true,"href":"https:\/\/giurgiu-net.ro\/index.php\/wp-json\/wp\/v2\/comments?post=76359"}],"version-history":[{"count":0,"href":"https:\/\/giurgiu-net.ro\/index.php\/wp-json\/wp\/v2\/posts\/76359\/revisions"}],"wp:featuredmedia":[{"embeddable":true,"href":"https:\/\/giurgiu-net.ro\/index.php\/wp-json\/wp\/v2\/media\/38195"}],"wp:attachment":[{"href":"https:\/\/giurgiu-net.ro\/index.php\/wp-json\/wp\/v2\/media?parent=76359"}],"wp:term":[{"taxonomy":"category","embeddable":true,"href":"https:\/\/giurgiu-net.ro\/index.php\/wp-json\/wp\/v2\/categories?post=76359"},{"taxonomy":"post_tag","embeddable":true,"href":"https:\/\/giurgiu-net.ro\/index.php\/wp-json\/wp\/v2\/tags?post=76359"}],"curies":[{"name":"wp","href":"https:\/\/api.w.org\/{rel}","templated":true}]}}