{"id":76345,"date":"2021-12-08T10:37:39","date_gmt":"2021-12-08T08:37:39","guid":{"rendered":"http:\/\/giurgiu-net.ro\/?p=76345"},"modified":"2021-12-08T10:37:39","modified_gmt":"2021-12-08T08:37:39","slug":"surse-in-plina-iarna-in-plina-criza-a-preturilor-150-de-angajati-ai-dgaspc-giurgiu-vor-ramane-fara-serviciu","status":"publish","type":"post","link":"https:\/\/giurgiu-net.ro\/index.php\/2021\/12\/08\/surse-in-plina-iarna-in-plina-criza-a-preturilor-150-de-angajati-ai-dgaspc-giurgiu-vor-ramane-fara-serviciu\/","title":{"rendered":"SURSE: \u00cen plin\u0103 iarn\u0103, c\u00e2nd pre\u0163urile au explodat, 150 de angaja\u0163i ai DGASPC Giurgiu vor r\u0103m\u00e2ne f\u0103r\u0103 serviciu?"},"content":{"rendered":"\n<p>\u00cen campanie, vorbesc doar despre cum o s\u0103 curg\u0103 lapte \u015fi miere pentru to\u0163i cet\u0103\u0163enii, iar c\u00e2nd ajung la Putere se scuz\u0103 \u015fi ne anun\u0163\u0103 c\u0103, de fapt, e criz\u0103 \u015fi c\u0103 trebuie s\u0103 dea oameni afar\u0103, s\u0103 reduc\u0103 salarii \u015fi a\u015fa mai departe. (<em>S-a \u00eent\u00e2mplat de prea multe ori \u015fi tot nu ne-am \u00eenv\u0103\u0163at minte&#8230;<\/em>). Vin \u00een fa\u0163a noastr\u0103 \u015fi ne spun c\u0103 EI trebuie s\u0103 ajung\u0103 s\u0103 ne conduc\u0103 pentru c\u0103 doar EI au solu\u0163ii. \u00cens\u0103, dup\u0103 ce se v\u0103d cu sacii \u00een c\u0103ru\u0163\u0103, cel pu\u0163in un an nu fac altceva dec\u00e2t s\u0103 invoce greaua mo\u015ftenire ca s\u0103 justifice toate m\u0103surile care contravin promisiunilor f\u0103cute.<\/p>\n\n\n\n<p>Este vorba despre PNL-i\u015fti, evident, care ne-au demonstrat, cu v\u00e2rf \u015fi \u00eendesat, ceea ce am scris mai sus, inclusiv \u00een ultimii 2 ani. Nu scap\u0103 nici Giurgiu de acest&#8230; trist \u201edestin\u201d \u015fi, iat\u0103, la doar un an \u015fi jum\u0103tate de c\u00e2nd PNL-i\u015ftii au pus m\u00e2na pe jude\u0163, numai de la Direc\u0163ia General\u0103 de Asisten\u0163\u0103 Social\u0103 \u015fi Protec\u0163ia Copilului(DGASPC) Giurgiu vor r\u0103m\u00e2ne f\u0103r\u0103 serviciu circa 150 de oameni.<\/p>\n\n\n\n<p>Surse administrative ne-au anun\u0163at c\u0103 este gata organigrama \u00een acest sens, document avizat pe 25 noiembrie de fostul ministru al Muncii, Raluca Turcan. Noua organigram\u0103 a DGASPC Giurgiu ar fi fost, de altfel, ultimul document semnat de PNL-ista Turcan, \u00een ultima sa zi ca ministru. Ce \u201ebaft\u0103\u201d avem \u015fi noi&#8230;<\/p>\n\n\n\n<p>Conform acelora\u015fi surse, de\u015fi organigrama avea nevoie de avizul Colegiului Director al institu\u0163iei \u00ceNAINTE s\u0103 fie timis\u0103 la Ministerul Muncii, comitetul cu pricina s-ar reuni abia azi pe aceast\u0103 spe\u0163\u0103.<\/p>\n\n\n\n<p>De c\u00e2nd a preluat conducerea Consiliului Jude\u0163ean Giurgiu, PNL-istul Dumitru Beianu a avut grij\u0103 s\u0103 transmit\u0103 public, cu fiecare ocazie, c\u0103 la DGASPC Giurgiu ar exista o \u201esuprastructur\u0103\u201d, acuz\u00e2nd angaj\u0103ri nejustificate, \u00een mandatul trecut. Chestie care ar fi \u00eengreunat bugetul institu\u0163iei \u015fi c\u0103, din acest motiv, ar fi ap\u0103rut \u015fi \u00een mandatul s\u0103u probleme cu plata salariilor. Sigur, nu l-am auzit \u00een campanie c\u0103 vrea s\u0103 treac\u0103 la \u201ecur\u0103\u0163enie\u201d general\u0103 \u00een institu\u0163ie, dar asta nu ne mir\u0103 \u015fi nici nu mai conteaz\u0103. <\/p>\n\n\n\n<p>\u00cens\u0103, a\u015fa cum am mai spus \u015fi cu alte ocazii, nu l-am auzit pe dl. Beianu s\u0103 se pl\u00e2ng\u0103 nici de calitatea activit\u0103\u0163ii celor \u00een spe\u0163\u0103, de aceea ne \u00eentreb\u0103m <strong>pe ce criterii <\/strong>vor fi da\u0163i afar\u0103 cei 150 de oameni, de fapt?<\/p>\n\n\n\n<p>\u015ei mai este un aspect foarte important, \u00een acel reportaj privind posibilia biciuire a unor copii din sistemul de protec\u0163ie social\u0103, directorul DGASPC Giurgiu a spus cu subiect \u015fi predicat:<\/p>\n\n\n\n<p><strong><em>Daniela Ruse:<\/em><\/strong><em>&nbsp;Nu, nu, eu am nevoie de oameni, aici nu am personal.<\/em><em><\/em><\/p>\n\n\n\n<p>Deci, sunt sau nu sunt prea mul\u0163i angaja\u0163i la DGASPC Giurgiu?<\/p>\n\n\n\n<p>Prin noua organigram\u0103, se mai respect\u0103 peste tot, \u00een toate structurile, standardele privind raportul angaja\u0163i &#8211; beneficiari? \u015ei dac\u0103 se constat\u0103 c\u0103 nu se mai respect\u0103 standardele, ce face\u0163i&#8230; angaj\u0103ri?<\/p>\n\n\n\n<p>Din sursele noastre, noua organigram\u0103 ar putea intra la vot, \u00een CJ Giurgiu, la jum\u0103tatea acestei luni, iar asta poate \u00eensemna c\u0103 oamenii vor pleca acas\u0103 chiar \u00een ianuarie. V\u0103 da\u0163i seama? \u00cen plin\u0103 iarn\u0103, \u00een plin\u0103 criz\u0103 a pre\u0163urilor, ce vor face 150 de giurgiuveni \u015fi familiile lor, cum se vor descurca p\u00e2n\u0103 \u00ee\u015fi vor g\u0103si un nou loc de munc\u0103?<\/p>\n\n\n\n<p>Poate, totu\u015fi, consilierii jude\u0163eni, indiferent de partidul de unde provin, se vor g\u00e2ndi la adev\u0103ratul sens al vorbei- la mod\u0103 \u00een perioada S\u0103rb\u0103torilor de Iarn\u0103: S\u0103 fim mai buni!<br \/>Pentru c\u0103 nu este de ajuns s\u0103 duci pungi cu alimente unora, \u00een timp ce, prin decizia ta, al\u0163ii r\u0103m\u00e2n f\u0103r\u0103 posibilitatea de a-\u015fi procura singuri hrana, cel pu\u0163in o perioad\u0103.<\/p>\n\n\n\n<p>Vom reveni cu am\u0103nunte pe acest subiect!<\/p>\n\n\n\n<p>P.S: Sindicatul din care fac parte angaja\u0163ii DGASPC Giurgiu, nimic, nimic? Doamna pre\u015fedinte Constan\u0163a Paraschivescu, o ac\u0163iune de sus\u0163inere, un semn c\u0103 sunte\u0163i solidari, ceva, orice? <\/p>\n","protected":false},"excerpt":{"rendered":"<p>\u00cen campanie, vorbesc doar despre cum o s\u0103 curg\u0103 lapte \u015fi miere pentru to\u0163i cet\u0103\u0163enii, iar c\u00e2nd ajung la Putere se scuz\u0103 \u015fi ne anun\u0163\u0103 c\u0103, de fapt, e criz\u0103 \u015fi c\u0103 trebuie s\u0103 dea oameni afar\u0103, s\u0103 reduc\u0103 salarii \u015fi a\u015fa mai departe. (S-a \u00eent\u00e2mplat de prea multe ori \u015fi tot nu ne-am \u00eenv\u0103\u0163at [&hellip;]<\/p>\n","protected":false},"author":1,"featured_media":76346,"comment_status":"open","ping_status":"open","sticky":false,"template":"","format":"standard","meta":{"slim_seo":{"title":"SURSE: \u00cen plin\u0103 iarn\u0103, c\u00e2nd pre\u0163urile au explodat, 150 de angaja\u0163i ai DGASPC Giurgiu vor r\u0103m\u00e2ne f\u0103r\u0103 serviciu? - GIURGIU NET","description":"\u00cen campanie, vorbesc doar despre cum o s\u0103 curg\u0103 lapte \u015fi miere pentru to\u0163i cet\u0103\u0163enii, iar c\u00e2nd ajung la Putere se scuz\u0103 \u015fi ne anun\u0163\u0103 c\u0103, de fapt, e criz\u0103 \u015fi c\u0103"},"footnotes":""},"categories":[18,19,25,26,28],"tags":[892,1004],"class_list":{"0":"post-76345","1":"post","2":"type-post","3":"status-publish","4":"format-standard","5":"has-post-thumbnail","7":"category-actual","8":"category-adm","9":"category-pol","10":"category-soc","11":"category-uo","12":"tag-dgaspc-giurgiu","13":"tag-dumitru-beianu"},"_links":{"self":[{"href":"https:\/\/giurgiu-net.ro\/index.php\/wp-json\/wp\/v2\/posts\/76345","targetHints":{"allow":["GET"]}}],"collection":[{"href":"https:\/\/giurgiu-net.ro\/index.php\/wp-json\/wp\/v2\/posts"}],"about":[{"href":"https:\/\/giurgiu-net.ro\/index.php\/wp-json\/wp\/v2\/types\/post"}],"author":[{"embeddable":true,"href":"https:\/\/giurgiu-net.ro\/index.php\/wp-json\/wp\/v2\/users\/1"}],"replies":[{"embeddable":true,"href":"https:\/\/giurgiu-net.ro\/index.php\/wp-json\/wp\/v2\/comments?post=76345"}],"version-history":[{"count":0,"href":"https:\/\/giurgiu-net.ro\/index.php\/wp-json\/wp\/v2\/posts\/76345\/revisions"}],"wp:featuredmedia":[{"embeddable":true,"href":"https:\/\/giurgiu-net.ro\/index.php\/wp-json\/"}],"wp:attachment":[{"href":"https:\/\/giurgiu-net.ro\/index.php\/wp-json\/wp\/v2\/media?parent=76345"}],"wp:term":[{"taxonomy":"category","embeddable":true,"href":"https:\/\/giurgiu-net.ro\/index.php\/wp-json\/wp\/v2\/categories?post=76345"},{"taxonomy":"post_tag","embeddable":true,"href":"https:\/\/giurgiu-net.ro\/index.php\/wp-json\/wp\/v2\/tags?post=76345"}],"curies":[{"name":"wp","href":"https:\/\/api.w.org\/{rel}","templated":true}]}}