{"id":76339,"date":"2021-12-06T13:15:22","date_gmt":"2021-12-06T11:15:22","guid":{"rendered":"http:\/\/giurgiu-net.ro\/?p=76339"},"modified":"2021-12-06T13:15:22","modified_gmt":"2021-12-06T11:15:22","slug":"76339","status":"publish","type":"post","link":"https:\/\/giurgiu-net.ro\/index.php\/2021\/12\/06\/76339\/","title":{"rendered":""},"content":{"rendered":"\n<p>&#8222;Ziua Sf\u00e2ntului Nicolae d\u0103, practic, startul S\u0103rb\u0103torilor de Iarn\u0103 \u015fi v\u0103 doresc, dragi prieteni, s\u0103 le petrece\u0163i cu bucurie, cu dorin\u0163e \u00eendeplinite, s\u0103 fi\u0163i s\u0103n\u0103to\u015fi \u015fi cei dragi s\u0103 v\u0103 fie al\u0103turi! <\/p>\n\n\n\n<p>La Mul\u0163i Ani, tuturor s\u0103rb\u0103tori\u0163ilor \u015fi o zi plin\u0103 de daruri pentru to\u0163i copiii \u015fi nu numai!&#8221;- pre\u015fedintele PSD Giurgiu, deputat Marian Mina<\/p>\n\n\n\n<figure class=\"wp-block-image size-full\"><img decoding=\"async\" src=\"https:\/\/giurgiu-net.ro\/wp-content\/uploads\/2021\/12\/mina-sf-nicolae.jpg\" alt=\"\" class=\"wp-image-76340\"\/><\/figure>\n","protected":false},"excerpt":{"rendered":"<p>&#8222;Ziua Sf\u00e2ntului Nicolae d\u0103, practic, startul S\u0103rb\u0103torilor de Iarn\u0103 \u015fi v\u0103 doresc, dragi prieteni, s\u0103 le petrece\u0163i cu bucurie, cu dorin\u0163e \u00eendeplinite, s\u0103 fi\u0163i s\u0103n\u0103to\u015fi \u015fi cei dragi s\u0103 v\u0103 fie al\u0103turi! La Mul\u0163i Ani, tuturor s\u0103rb\u0103tori\u0163ilor \u015fi o zi plin\u0103 de daruri pentru to\u0163i copiii \u015fi nu numai!&#8221;- pre\u015fedintele PSD Giurgiu, deputat Marian Mina<\/p>\n","protected":false},"author":1,"featured_media":76340,"comment_status":"open","ping_status":"open","sticky":false,"template":"","format":"standard","meta":{"slim_seo":{"title":"GIURGIU NET","description":"\"Ziua Sf\u00e2ntului Nicolae d\u0103, practic, startul S\u0103rb\u0103torilor de Iarn\u0103 \u015fi v\u0103 doresc, dragi prieteni, s\u0103 le petrece\u0163i cu bucurie, cu dorin\u0163e \u00eendeplinite, s\u0103 fi\u0163i s\u0103n"},"footnotes":""},"categories":[18,26,28],"tags":[1626],"class_list":{"0":"post-76339","1":"post","2":"type-post","3":"status-publish","4":"format-standard","5":"has-post-thumbnail","7":"category-actual","8":"category-soc","9":"category-uo","10":"tag-marian-mina"},"_links":{"self":[{"href":"https:\/\/giurgiu-net.ro\/index.php\/wp-json\/wp\/v2\/posts\/76339","targetHints":{"allow":["GET"]}}],"collection":[{"href":"https:\/\/giurgiu-net.ro\/index.php\/wp-json\/wp\/v2\/posts"}],"about":[{"href":"https:\/\/giurgiu-net.ro\/index.php\/wp-json\/wp\/v2\/types\/post"}],"author":[{"embeddable":true,"href":"https:\/\/giurgiu-net.ro\/index.php\/wp-json\/wp\/v2\/users\/1"}],"replies":[{"embeddable":true,"href":"https:\/\/giurgiu-net.ro\/index.php\/wp-json\/wp\/v2\/comments?post=76339"}],"version-history":[{"count":0,"href":"https:\/\/giurgiu-net.ro\/index.php\/wp-json\/wp\/v2\/posts\/76339\/revisions"}],"wp:featuredmedia":[{"embeddable":true,"href":"https:\/\/giurgiu-net.ro\/index.php\/wp-json\/"}],"wp:attachment":[{"href":"https:\/\/giurgiu-net.ro\/index.php\/wp-json\/wp\/v2\/media?parent=76339"}],"wp:term":[{"taxonomy":"category","embeddable":true,"href":"https:\/\/giurgiu-net.ro\/index.php\/wp-json\/wp\/v2\/categories?post=76339"},{"taxonomy":"post_tag","embeddable":true,"href":"https:\/\/giurgiu-net.ro\/index.php\/wp-json\/wp\/v2\/tags?post=76339"}],"curies":[{"name":"wp","href":"https:\/\/api.w.org\/{rel}","templated":true}]}}