{"id":76282,"date":"2021-12-01T13:09:37","date_gmt":"2021-12-01T11:09:37","guid":{"rendered":"http:\/\/giurgiu-net.ro\/?p=76282"},"modified":"2021-12-01T13:09:37","modified_gmt":"2021-12-01T11:09:37","slug":"inca-un-primar-alaturi-de-echipa-lui-marian-mina","status":"publish","type":"post","link":"https:\/\/giurgiu-net.ro\/index.php\/2021\/12\/01\/inca-un-primar-alaturi-de-echipa-lui-marian-mina\/","title":{"rendered":"\u00cenc\u0103 un primar, al\u0103turi de echipa lui Marian Mina"},"content":{"rendered":"\n<figure class=\"wp-block-image size-full\"><img decoding=\"async\" src=\"https:\/\/giurgiu-net.ro\/wp-content\/uploads\/2021\/12\/WhatsApp-Image-2021-12-01-at-12.58.14.jpeg\" alt=\"\" class=\"wp-image-76283\"\/><\/figure>\n\n\n\n<p>A\u015fa cum anun\u0163a pre\u015fedintele PSD Giurgiu, Marian Mina, \u00eentr-o recent\u0103 conferin\u0163\u0103 de pres\u0103, primarii giurgiuveni se \u00eentorc acas\u0103, revenind \u00een echipa PSD Giurgiu. <\/p>\n\n\n\n<p>Dup\u0103 Aurel Enache, primarul din Comana, azi, a fost r\u00e2ndul edilului din Clejani, Florin Nidelea, s\u0103 \u00ee\u015fi declare oficial sus\u0163inerea pentru echipa PSD Giurgiu \u015fi Marian Mina.<br \/>&#8222;Ii mul\u021bumesc prietenului meu, primarul comunei Clejani, pentru re\u00eentoarcerea in echipa PSD Giurgiu! Bine ai revenit, Florinel!&#8221;, a scris Marian Mina, pe Facebook.<\/p>\n\n\n\n<p>A\u015fa cum scriam \u015fi la finalul s\u0103pt\u0103m\u00e2nii trecute, este poate pentru prima dat\u0103 \u00een istoria politic\u0103 a jude\u0163ului c\u00e2nd primarii pleac\u0103 dintr-un partid(\u00eenc\u0103 la putere), la doar un an de la alegerile locale. Ei sunt nemul\u0163umi\u0163i de faptul c\u0103 ceea ce le-au promis PNL-i\u015ftii giurgiuveni nu s-a realizat, dar mai ales con\u015ftien\u0163i c\u0103, \u00een timpul administra\u0163iei social-democrate, cu Marian Mina la Consiliul Jude\u0163ean, a fost cea mai bun\u0103 perioad\u0103 de dezvoltare a jude\u0163ului nostru.<\/p>\n","protected":false},"excerpt":{"rendered":"<p>A\u015fa cum anun\u0163a pre\u015fedintele PSD Giurgiu, Marian Mina, \u00eentr-o recent\u0103 conferin\u0163\u0103 de pres\u0103, primarii giurgiuveni se \u00eentorc acas\u0103, revenind \u00een echipa PSD Giurgiu. Dup\u0103 Aurel Enache, primarul din Comana, azi, a fost r\u00e2ndul edilului din Clejani, Florin Nidelea, s\u0103 \u00ee\u015fi declare oficial sus\u0163inerea pentru echipa PSD Giurgiu \u015fi Marian Mina.&#8222;Ii mul\u021bumesc prietenului meu, primarul comunei [&hellip;]<\/p>\n","protected":false},"author":1,"featured_media":76285,"comment_status":"open","ping_status":"open","sticky":false,"template":"","format":"standard","meta":{"slim_seo":{"title":"\u00cenc\u0103 un primar, al\u0103turi de echipa lui Marian Mina - GIURGIU NET","description":"A\u015fa cum anun\u0163a pre\u015fedintele PSD Giurgiu, Marian Mina, \u00eentr-o recent\u0103 conferin\u0163\u0103 de pres\u0103, primarii giurgiuveni se \u00eentorc acas\u0103, revenind \u00een echipa PSD Giurgiu."},"footnotes":""},"categories":[18,19,25,28],"tags":[1626],"class_list":{"0":"post-76282","1":"post","2":"type-post","3":"status-publish","4":"format-standard","5":"has-post-thumbnail","7":"category-actual","8":"category-adm","9":"category-pol","10":"category-uo","11":"tag-marian-mina"},"_links":{"self":[{"href":"https:\/\/giurgiu-net.ro\/index.php\/wp-json\/wp\/v2\/posts\/76282","targetHints":{"allow":["GET"]}}],"collection":[{"href":"https:\/\/giurgiu-net.ro\/index.php\/wp-json\/wp\/v2\/posts"}],"about":[{"href":"https:\/\/giurgiu-net.ro\/index.php\/wp-json\/wp\/v2\/types\/post"}],"author":[{"embeddable":true,"href":"https:\/\/giurgiu-net.ro\/index.php\/wp-json\/wp\/v2\/users\/1"}],"replies":[{"embeddable":true,"href":"https:\/\/giurgiu-net.ro\/index.php\/wp-json\/wp\/v2\/comments?post=76282"}],"version-history":[{"count":0,"href":"https:\/\/giurgiu-net.ro\/index.php\/wp-json\/wp\/v2\/posts\/76282\/revisions"}],"wp:featuredmedia":[{"embeddable":true,"href":"https:\/\/giurgiu-net.ro\/index.php\/wp-json\/"}],"wp:attachment":[{"href":"https:\/\/giurgiu-net.ro\/index.php\/wp-json\/wp\/v2\/media?parent=76282"}],"wp:term":[{"taxonomy":"category","embeddable":true,"href":"https:\/\/giurgiu-net.ro\/index.php\/wp-json\/wp\/v2\/categories?post=76282"},{"taxonomy":"post_tag","embeddable":true,"href":"https:\/\/giurgiu-net.ro\/index.php\/wp-json\/wp\/v2\/tags?post=76282"}],"curies":[{"name":"wp","href":"https:\/\/api.w.org\/{rel}","templated":true}]}}