{"id":76280,"date":"2021-12-01T12:53:53","date_gmt":"2021-12-01T10:53:53","guid":{"rendered":"http:\/\/giurgiu-net.ro\/?p=76280"},"modified":"2021-12-01T12:53:53","modified_gmt":"2021-12-01T10:53:53","slug":"presedintele-psd-giurgiu-marian-mina-mesaj-cu-ocazia-zilei-nationale-a-romaniei","status":"publish","type":"post","link":"https:\/\/giurgiu-net.ro\/index.php\/2021\/12\/01\/presedintele-psd-giurgiu-marian-mina-mesaj-cu-ocazia-zilei-nationale-a-romaniei\/","title":{"rendered":"Pre\u015fedintele PSD Giurgiu, Marian Mina, mesaj cu ocazia Zilei Na\u0163ionale a Rom\u00e2niei"},"content":{"rendered":"\n<p>&#8222;Ast\u0103zi, am participat, cu onoare \u015fi emo\u0163ie, al\u0103turi de colegii mei din PSD Giurgiu, la manifest\u0103rile dedicate Zilei Na\u0163ionale a Rom\u00e2niei, desf\u0103\u015furate \u00een municipiul Giurgiu. Doresc s\u0103 transmit, \u015fi cu acest prilej, faptul c\u0103, \u00een opinia mea, iubirea \u015fi respectul fa\u0163\u0103 de \u0163ar\u0103 se v\u0103d, \u00een fiecare zi, \u00een faptele noastre! Fiecare dintre noi \u00eenseamn\u0103 Rom\u00e2nia. De aceea, cu m\u00e2ndrie, cu responsabilitate \u015fi credin\u0163\u0103, s\u0103 le ar\u0103t\u0103m, mereu, tuturor c\u0103 suntem un popor demn care poate dep\u0103\u015fi orice obstacol \u015fi care nu se las\u0103 dobor\u00e2t de vremuri grele! <\/p>\n\n\n\n<p>Am \u00eenv\u0103\u0163at, de-a lungul timpului c\u0103, atunci c\u00e2nd este cea mai mare nevoie, doar \u00eempreun\u0103 suntem puternici. Rom\u00e2nilor de pretutindeni le urez, ast\u0103zi, de Ziua Na\u0163ional\u0103, s\u0103 fie s\u0103n\u0103to\u015fi, s\u0103 aib\u0103 grij\u0103 de ei \u015fi de cei dragi, s\u0103 r\u0103m\u00e2n\u0103 \u00eencrez\u0103tori \u015fi uni\u0163i!La Mul\u0163i Ani, rom\u00e2ni, La Mul\u0163i Ani, dragi giurgiuveni!<\/p>\n\n\n\n<p>La Mul\u0163i Ani, Rom\u00e2nia, Dumnezeu s\u0103 te binecuv\u00e2nteze!&#8221;<\/p>\n","protected":false},"excerpt":{"rendered":"<p>&#8222;Ast\u0103zi, am participat, cu onoare \u015fi emo\u0163ie, al\u0103turi de colegii mei din PSD Giurgiu, la manifest\u0103rile dedicate Zilei Na\u0163ionale a Rom\u00e2niei, desf\u0103\u015furate \u00een municipiul Giurgiu. Doresc s\u0103 transmit, \u015fi cu acest prilej, faptul c\u0103, \u00een opinia mea, iubirea \u015fi respectul fa\u0163\u0103 de \u0163ar\u0103 se v\u0103d, \u00een fiecare zi, \u00een faptele noastre! Fiecare dintre noi \u00eenseamn\u0103 [&hellip;]<\/p>\n","protected":false},"author":1,"featured_media":76141,"comment_status":"open","ping_status":"open","sticky":false,"template":"","format":"standard","meta":{"slim_seo":{"title":"Pre\u015fedintele PSD Giurgiu, Marian Mina, mesaj cu ocazia Zilei Na\u0163ionale a Rom\u00e2niei - GIURGIU NET","description":"\"Ast\u0103zi, am participat, cu onoare \u015fi emo\u0163ie, al\u0103turi de colegii mei din PSD Giurgiu, la manifest\u0103rile dedicate Zilei Na\u0163ionale a Rom\u00e2niei, desf\u0103\u015furate \u00een munici"},"footnotes":""},"categories":[18,26,28],"tags":[1626],"class_list":{"0":"post-76280","1":"post","2":"type-post","3":"status-publish","4":"format-standard","5":"has-post-thumbnail","7":"category-actual","8":"category-soc","9":"category-uo","10":"tag-marian-mina"},"_links":{"self":[{"href":"https:\/\/giurgiu-net.ro\/index.php\/wp-json\/wp\/v2\/posts\/76280","targetHints":{"allow":["GET"]}}],"collection":[{"href":"https:\/\/giurgiu-net.ro\/index.php\/wp-json\/wp\/v2\/posts"}],"about":[{"href":"https:\/\/giurgiu-net.ro\/index.php\/wp-json\/wp\/v2\/types\/post"}],"author":[{"embeddable":true,"href":"https:\/\/giurgiu-net.ro\/index.php\/wp-json\/wp\/v2\/users\/1"}],"replies":[{"embeddable":true,"href":"https:\/\/giurgiu-net.ro\/index.php\/wp-json\/wp\/v2\/comments?post=76280"}],"version-history":[{"count":0,"href":"https:\/\/giurgiu-net.ro\/index.php\/wp-json\/wp\/v2\/posts\/76280\/revisions"}],"wp:featuredmedia":[{"embeddable":true,"href":"https:\/\/giurgiu-net.ro\/index.php\/wp-json\/"}],"wp:attachment":[{"href":"https:\/\/giurgiu-net.ro\/index.php\/wp-json\/wp\/v2\/media?parent=76280"}],"wp:term":[{"taxonomy":"category","embeddable":true,"href":"https:\/\/giurgiu-net.ro\/index.php\/wp-json\/wp\/v2\/categories?post=76280"},{"taxonomy":"post_tag","embeddable":true,"href":"https:\/\/giurgiu-net.ro\/index.php\/wp-json\/wp\/v2\/tags?post=76280"}],"curies":[{"name":"wp","href":"https:\/\/api.w.org\/{rel}","templated":true}]}}