{"id":76277,"date":"2021-12-01T12:51:40","date_gmt":"2021-12-01T10:51:40","guid":{"rendered":"http:\/\/giurgiu-net.ro\/?p=76277"},"modified":"2021-12-01T12:51:40","modified_gmt":"2021-12-01T10:51:40","slug":"deputat-cristina-elena-dinu-mesaj-de-ziua-nationala-a-romaniei","status":"publish","type":"post","link":"https:\/\/giurgiu-net.ro\/index.php\/2021\/12\/01\/deputat-cristina-elena-dinu-mesaj-de-ziua-nationala-a-romaniei\/","title":{"rendered":"Deputat Cristina Elena Dinu, mesaj de Ziua Na\u0163ional\u0103 a Rom\u00e2niei"},"content":{"rendered":"\n<p>&#8222;\u0162ara noastr\u0103 mereu a fost greu- \u00eencercat\u0103, dar nu ne-am l\u0103sat \u00eenvin\u015fi niciodat\u0103, pentru c\u0103 suntem curajo\u015fi \u015fi demni! Avem multe lucruri pentru care trebuie s\u0103 fim recunosc\u0103tori \u0219i, oric\u00e2t de greu ne-ar fi, am demonstrat, de fiecare dat\u0103, c\u0103 putem trece cu bine peste orice, at\u00e2t timp c\u00e2t r\u0103m\u00e2nem <a href=\"https:\/\/www.facebook.com\/hashtag\/uni%C5%A3i?__eep__=6&amp;__cft__[0]=AZW6P-hRDb5NV2qhXhomxNrQuPBuLjbmIOnS-c_ZgnNwWpg9VoP07EIMWuqL5XK0XkpeO2_g2JWH8wlI67xyLHOCkY2kQyj6w_dzbj-JZsTfnutLZamW1RY9XV6mZLS4pLM&amp;__tn__=*NK-R\">#uni\u0163i<\/a> \u015fi nu ne pierdem speran\u0163a! <\/p>\n\n\n\n<p>De Ziua Na\u0163ional\u0103 a <a href=\"https:\/\/www.facebook.com\/hashtag\/rom%C3%A2niei?__eep__=6&amp;__cft__[0]=AZW6P-hRDb5NV2qhXhomxNrQuPBuLjbmIOnS-c_ZgnNwWpg9VoP07EIMWuqL5XK0XkpeO2_g2JWH8wlI67xyLHOCkY2kQyj6w_dzbj-JZsTfnutLZamW1RY9XV6mZLS4pLM&amp;__tn__=*NK-R\">#Rom\u00e2niei<\/a>, v\u0103 urez tuturor mult\u0103 s\u0103n\u0103tate, prosperitate \u015fi bucurie, \u00een fiecare clip\u0103!<\/p>\n\n\n\n<p>La Mul\u0163i Ani, Rom\u00e2nia, La Mul\u0163i Ani, rom\u00e2ni de pretutindeni!<\/p>\n\n\n\n<p><img loading=\"lazy\" decoding=\"async\" height=\"16\" width=\"16\" alt=\"??\" src=\"https:\/\/static.xx.fbcdn.net\/images\/emoji.php\/v9\/te5\/1\/16\/1f1f7_1f1f4.png\"\/>La Mul\u0163i Ani giurgiuveni!&#8221;<\/p>\n","protected":false},"excerpt":{"rendered":"<p>&#8222;\u0162ara noastr\u0103 mereu a fost greu- \u00eencercat\u0103, dar nu ne-am l\u0103sat \u00eenvin\u015fi niciodat\u0103, pentru c\u0103 suntem curajo\u015fi \u015fi demni! Avem multe lucruri pentru care trebuie s\u0103 fim recunosc\u0103tori \u0219i, oric\u00e2t de greu ne-ar fi, am demonstrat, de fiecare dat\u0103, c\u0103 putem trece cu bine peste orice, at\u00e2t timp c\u00e2t r\u0103m\u00e2nem #uni\u0163i \u015fi nu ne pierdem [&hellip;]<\/p>\n","protected":false},"author":1,"featured_media":76278,"comment_status":"open","ping_status":"open","sticky":false,"template":"","format":"standard","meta":{"slim_seo":{"title":"Deputat Cristina Elena Dinu, mesaj de Ziua Na\u0163ional\u0103 a Rom\u00e2niei - GIURGIU NET","description":"\"\u0162ara noastr\u0103 mereu a fost greu- \u00eencercat\u0103, dar nu ne-am l\u0103sat \u00eenvin\u015fi niciodat\u0103, pentru c\u0103 suntem curajo\u015fi \u015fi demni! Avem multe lucruri pentru care trebuie s\u0103"},"footnotes":""},"categories":[18,26,28],"tags":[1025],"class_list":{"0":"post-76277","1":"post","2":"type-post","3":"status-publish","4":"format-standard","5":"has-post-thumbnail","7":"category-actual","8":"category-soc","9":"category-uo","10":"tag-elena-dinu"},"_links":{"self":[{"href":"https:\/\/giurgiu-net.ro\/index.php\/wp-json\/wp\/v2\/posts\/76277","targetHints":{"allow":["GET"]}}],"collection":[{"href":"https:\/\/giurgiu-net.ro\/index.php\/wp-json\/wp\/v2\/posts"}],"about":[{"href":"https:\/\/giurgiu-net.ro\/index.php\/wp-json\/wp\/v2\/types\/post"}],"author":[{"embeddable":true,"href":"https:\/\/giurgiu-net.ro\/index.php\/wp-json\/wp\/v2\/users\/1"}],"replies":[{"embeddable":true,"href":"https:\/\/giurgiu-net.ro\/index.php\/wp-json\/wp\/v2\/comments?post=76277"}],"version-history":[{"count":0,"href":"https:\/\/giurgiu-net.ro\/index.php\/wp-json\/wp\/v2\/posts\/76277\/revisions"}],"wp:featuredmedia":[{"embeddable":true,"href":"https:\/\/giurgiu-net.ro\/index.php\/wp-json\/"}],"wp:attachment":[{"href":"https:\/\/giurgiu-net.ro\/index.php\/wp-json\/wp\/v2\/media?parent=76277"}],"wp:term":[{"taxonomy":"category","embeddable":true,"href":"https:\/\/giurgiu-net.ro\/index.php\/wp-json\/wp\/v2\/categories?post=76277"},{"taxonomy":"post_tag","embeddable":true,"href":"https:\/\/giurgiu-net.ro\/index.php\/wp-json\/wp\/v2\/tags?post=76277"}],"curies":[{"name":"wp","href":"https:\/\/api.w.org\/{rel}","templated":true}]}}