{"id":76217,"date":"2021-11-29T14:04:04","date_gmt":"2021-11-29T12:04:04","guid":{"rendered":"http:\/\/giurgiu-net.ro\/?p=76217"},"modified":"2021-11-29T14:04:04","modified_gmt":"2021-11-29T12:04:04","slug":"umilinta-totala-pentru-pnl-giurgiu-presedintele-psd-giurgiu-marian-mina-le-ia-primarii-inapoi","status":"publish","type":"post","link":"https:\/\/giurgiu-net.ro\/index.php\/2021\/11\/29\/umilinta-totala-pentru-pnl-giurgiu-presedintele-psd-giurgiu-marian-mina-le-ia-primarii-inapoi\/","title":{"rendered":"Umilin\u0163\u0103 total\u0103 pentru PNL Giurgiu! Pre\u015fedintele PSD Giurgiu, Marian Mina, le ia primarii \u00eenapoi"},"content":{"rendered":"\n<p>A trecut doar un an de la alegerile locale \u015fi primarii giurgiuveni revin \u00een PSD Giurgiu! Nu \u015ftim s\u0103 se mai fi \u00eent\u00e2mplat vreodat\u0103 asta at\u00e2t de cur\u00e2nd, \u015fi este, dac\u0103 vre\u0163i, o premier\u0103. O premier\u0103 ce spune multe despre cei din PNL \u015fi promisiunile f\u0103cute edililor atunci c\u00e2nd i-au racolat, dar mai ales despre liderul PSD Giurgiu, Marian Mina, fost pre\u015fedinte al Consiliului Jude\u0163ean Giurgiu.<\/p>\n\n\n\n<p>Primarii se \u00eentorc, iat\u0103, r\u00e2nd pe r\u00e2nd, la PSD Giurgiu, al\u0103turi de Marian Mina \u015fi echipa sa care au demonstrat c\u0103 pot dezvolta jude\u0163ul nostru.<\/p>\n\n\n\n<p>\u00cen timpul administra\u0163iei PSD, nu exista localitate f\u0103r\u0103 proiecte importante \u00een derulare, iar Mina, ca pre\u015fedinte al CJ Giurgiu, a ar\u0103tat c\u0103, dac\u0103 vrei s\u0103 dezvol\u0163i un jude\u0163, po\u0163i, dar numai cu o echip\u0103 format\u0103 din oameni valoro\u015fi \u015fi care s\u0103 duc\u0103 la \u00eendeplinire toate promisiunile f\u0103cute oamenilor.<\/p>\n\n\n\n<p>\u015etim, unii primari au plecat la PNL Giurgiu de bun\u0103-voie, crez\u00e2nd c\u0103 vor primi sprijin pentru comunit\u0103\u0163ile lor, al\u0163ii sus\u0163in c\u0103 ar fi fost supu\u015fi la ni\u015fte presiuni cum nici pe vremea PDL-ului nu s-au \u00eenregistrat. Oricum ar fi fost, au regretat alegerea f\u0103cut\u0103 \u00een 2020 \u015fi vor s\u0103 se \u00eentoarc\u0103 \u201eacas\u0103\u201d, \u00een PSD Giurgiu. <strong>Primul care \u00ee\u015fi anun\u0163\u0103 oficial revenirea este primarul comunei Comana, Aurel Enache. El a participat, ast\u0103zi, la conferin\u0163a de pres\u0103 a PSD Giurgiu.<\/strong><\/p>\n\n\n\n<figure class=\"wp-block-image size-full\"><img decoding=\"async\" src=\"https:\/\/giurgiu-net.ro\/wp-content\/uploads\/2021\/11\/DSC_0472.jpg\" alt=\"\" class=\"wp-image-76218\"\/><\/figure>\n\n\n\n<p>Aurel Enache este un primar gospodar \u015fi pe care chiar n-are cine s\u0103 \u00eel bat\u0103 \u00een alegeri, \u00een <strong>comuna sa. La fel \u015fi la <\/strong>Prundu, Coliba\u015fi sau Clejani. Acolo, avem al\u0163i trei edili cu rezultate remarcabile \u00een administra\u0163ie \u015fi care \u00eei urmeaz\u0103 exemplul: se al\u0103tur\u0103 \u015fi ei echipei PSD Giurgiu.<\/p>\n\n\n\n<p>Este o lovitur\u0103 uria\u015f\u0103 pe care o \u00eencaseaz\u0103 PNL Giurgiu \u015fi o victorie meritat\u0103 a lui Marian Mina, cel care a declarat, pe pagina sa de Facebook:<\/p>\n\n\n\n<figure class=\"wp-block-image size-full\"><img loading=\"lazy\" decoding=\"async\" width=\"800\" height=\"530\" src=\"https:\/\/giurgiu-net.ro\/wp-content\/uploads\/2021\/11\/DSC_0462.jpg\" alt=\"\" class=\"wp-image-76219\" srcset=\"https:\/\/giurgiu-net.ro\/wp-content\/uploads\/2021\/11\/DSC_0462.jpg 800w, https:\/\/giurgiu-net.ro\/wp-content\/uploads\/2021\/11\/DSC_0462-300x199.jpg 300w, https:\/\/giurgiu-net.ro\/wp-content\/uploads\/2021\/11\/DSC_0462-768x509.jpg 768w, https:\/\/giurgiu-net.ro\/wp-content\/uploads\/2021\/11\/DSC_0462-696x461.jpg 696w\" sizes=\"auto, (max-width: 800px) 100vw, 800px\" \/><\/figure>\n\n\n\n<p>\u201e<a href=\"https:\/\/www.facebook.com\/hashtag\/psd_giurgiu?__eep__=6&amp;__cft__%5b0%5d=AZWITGdflNiy5mxrRxv45sbq6x16Jv_F_oEfCrXjWJ-PW-ouuTSg2l0LJ8tPGOMevR0FbMpnH6L779NBpwhxD1X2eQSI6A_40bu8QsDyqcuGkKw3TlTUnJRAAsig1AbOt4W1XQMPXQrTBy_eAw5AeV-jpho3FwB_958J3Vy-n4DWr1TpQli4r5lOQxFZ6gxW9hqUAAS2s5K34epS5DhwolNP&amp;__tn__=*NK-y-R\">#PSD_Giurgiu<\/a>, tot mai puternic! Atunci c\u00e2nd au trecut la PNL, primarilor giurgiuveni li s-au promis proiecte pentru comunit\u0103\u0163ile lor, bani pentru dezvoltare, li s-a promis marea cu sarea, dar, de fapt, au fost min\u0163i\u0163i cu neru\u015finare.<\/p>\n\n\n\n<p>Nicio promisiune nu s-a materializat \u015fi, astfel, edilii aleg s\u0103 vin\u0103 al\u0103turi de mine, s\u0103 se \u00eentoarc\u0103 \u00een echipa celor care au f\u0103cut cu adev\u0103rat multe lucruri bune pentru dezvoltarea \u00eentregului jude\u0163. Ast\u0103zi, \u00een conferin\u0163\u0103 de pres\u0103, l-am avut al\u0103turi pe primarul comunei Comana, Aurel Enache. \u00cei mul\u0163umesc pentru \u00eencredere, pentru sus\u0163inere \u015fi curaj!<\/p>\n\n\n\n<p>Vreau s\u0103 precizez faptul c\u0103 al\u0103turi de PSD Giurgiu sunt \u015fi primarii din Coliba\u015fi, Prundu \u015fi Clejani. Pentru c\u0103 to\u0163i sunt s\u0103tui de umilin\u0163e, de p\u0103c\u0103leli \u015fi de b\u0103taia de joc a liberalilor! Le cer public celor din PNL Giurgiu s\u0103 \u00eei lase pe primari s\u0103 aleag\u0103 echipa din care vor s\u0103 fac\u0103 parte \u015fi, de asemenea, s\u0103 \u00eenceteze cu h\u0103r\u0163uirea, cu presiunile \u015fi cu \u201epedepsirea\u201d celor care nu mai vor s\u0103 lucreze cu ei!&#8221;.<\/p>\n\n\n\n<p>La r\u00e2ndul s\u0103u, primarul Aurel Enache a declarat c\u0103 a vrut s\u0103 revin\u0103 la PSD Giurgiu dup\u0103 numai dou\u0103 luni de la alegerile locale:<\/p>\n\n\n\n<p>\u201e\u00centr-adev\u0103r, dup\u0103 doar dou\u0103 luni, am vrut s\u0103 \u00eemi dau demisia \u015fi, pe cale de consecin\u0163\u0103, s\u0103 se reia alegerile la Comana iar eu s\u0103 candidez din partea PSD. Chiar Marian Mina m-a sf\u0103tuit s\u0103 am r\u0103bdare, pentru c\u0103 riscam s\u0103 nu avem alegeri mult\u0103 vreme&#8230; \u015eti\u0163i, l-am retras \u015fi pe Ionu\u0163(fiul s\u0103u, n.r.) din Consiliul Jude\u0163ean, dup\u0103 jignirile aduse lui de c\u0103tre Beianu. M-au \u015fi curentat la aloc\u0103rile bugetare, mi-au redus fondurile \u015fi c\u00e2nd i-am \u00eentrebat de ce, au zis: ca s\u0103 vezi cine-i \u015feful. Adic\u0103 Beianu \u015fi Alexandru Andrei. Dar, despre mor\u0163i numai de bine&#8230;\u201d, a declarat Enache, preciz\u00e2nd c\u0103 le-a cerut \u00eenc\u0103 de anul trecut celor de la PNL Giurgiu s\u0103 \u00eei retrag\u0103 sprijinul politic, dar ace\u015ftia au refuzat.<\/p>\n\n\n\n<figure class=\"wp-block-image size-full\"><img decoding=\"async\" src=\"https:\/\/giurgiu-net.ro\/wp-content\/uploads\/2021\/11\/DSC_0452.jpg\" alt=\"\" class=\"wp-image-76220\"\/><\/figure>\n\n\n\n<p>\u201eNoi, c\u00e2nd am fost la guvernare, ne-am respectat toate promisiunile. De c\u00e2nd a preluat PNL puterea, \u00een jude\u0163ul Giurgiu nu exist\u0103 niciun proiect, la nicio prim\u0103rie, pe nicio ax\u0103, cu bani europeni sau guvernamentali. Dar, vedem patinoare&#8230; Asta \u00eenseamn\u0103 dezvoltare? S\u0103 faci un patinoar de zici c\u0103 e sufragerie, care n-are nici autoriza\u0163ie \u015fi unde vinde Chiran(Adrian Chiran, consilierul lui Beianu, n.r.) vin fiert? Noi ne punem la mas\u0103, colabor\u0103m, comunic\u0103m, muncim la proiecte \u015fi continu\u0103m \u00eempreun\u0103 dezvoltarea jude\u0163ului Giurgiu!\u201d, a mai declarat Marian Mina, \u00een conferin\u0163a de pres\u0103 de azi a PSD Giurgiu.<\/p>\n","protected":false},"excerpt":{"rendered":"<p>A trecut doar un an de la alegerile locale \u015fi primarii giurgiuveni revin \u00een PSD Giurgiu! Nu \u015ftim s\u0103 se mai fi \u00eent\u00e2mplat vreodat\u0103 asta at\u00e2t de cur\u00e2nd, \u015fi este, dac\u0103 vre\u0163i, o premier\u0103. O premier\u0103 ce spune multe despre cei din PNL \u015fi promisiunile f\u0103cute edililor atunci c\u00e2nd i-au racolat, dar mai ales despre [&hellip;]<\/p>\n","protected":false},"author":1,"featured_media":76221,"comment_status":"open","ping_status":"open","sticky":false,"template":"","format":"standard","meta":{"slim_seo":{"title":"Umilin\u0163\u0103 total\u0103 pentru PNL Giurgiu! Pre\u015fedintele PSD Giurgiu, Marian Mina, le ia primarii \u00eenapoi - GIURGIU NET","description":"A trecut doar un an de la alegerile locale \u015fi primarii giurgiuveni revin \u00een PSD Giurgiu! Nu \u015ftim s\u0103 se mai fi \u00eent\u00e2mplat vreodat\u0103 asta at\u00e2t de cur\u00e2nd, \u015fi este, d"},"footnotes":""},"categories":[18,19,25,28],"tags":[293,1626],"class_list":{"0":"post-76217","1":"post","2":"type-post","3":"status-publish","4":"format-standard","5":"has-post-thumbnail","7":"category-actual","8":"category-adm","9":"category-pol","10":"category-uo","11":"tag-aurel-enache","12":"tag-marian-mina"},"_links":{"self":[{"href":"https:\/\/giurgiu-net.ro\/index.php\/wp-json\/wp\/v2\/posts\/76217","targetHints":{"allow":["GET"]}}],"collection":[{"href":"https:\/\/giurgiu-net.ro\/index.php\/wp-json\/wp\/v2\/posts"}],"about":[{"href":"https:\/\/giurgiu-net.ro\/index.php\/wp-json\/wp\/v2\/types\/post"}],"author":[{"embeddable":true,"href":"https:\/\/giurgiu-net.ro\/index.php\/wp-json\/wp\/v2\/users\/1"}],"replies":[{"embeddable":true,"href":"https:\/\/giurgiu-net.ro\/index.php\/wp-json\/wp\/v2\/comments?post=76217"}],"version-history":[{"count":0,"href":"https:\/\/giurgiu-net.ro\/index.php\/wp-json\/wp\/v2\/posts\/76217\/revisions"}],"wp:featuredmedia":[{"embeddable":true,"href":"https:\/\/giurgiu-net.ro\/index.php\/wp-json\/"}],"wp:attachment":[{"href":"https:\/\/giurgiu-net.ro\/index.php\/wp-json\/wp\/v2\/media?parent=76217"}],"wp:term":[{"taxonomy":"category","embeddable":true,"href":"https:\/\/giurgiu-net.ro\/index.php\/wp-json\/wp\/v2\/categories?post=76217"},{"taxonomy":"post_tag","embeddable":true,"href":"https:\/\/giurgiu-net.ro\/index.php\/wp-json\/wp\/v2\/tags?post=76217"}],"curies":[{"name":"wp","href":"https:\/\/api.w.org\/{rel}","templated":true}]}}