{"id":76203,"date":"2021-11-25T10:37:33","date_gmt":"2021-11-25T08:37:33","guid":{"rendered":"http:\/\/giurgiu-net.ro\/?p=76203"},"modified":"2021-11-25T10:37:33","modified_gmt":"2021-11-25T08:37:33","slug":"deputat-elena-dinu-mesaj-cu-ocazia-zilei-internationale-de-combatere-a-violentei-domestice","status":"publish","type":"post","link":"https:\/\/giurgiu-net.ro\/index.php\/2021\/11\/25\/deputat-elena-dinu-mesaj-cu-ocazia-zilei-internationale-de-combatere-a-violentei-domestice\/","title":{"rendered":"Deputat Elena Dinu, mesaj cu ocazia Zilei Interna\u0163ionale de Combatere a Violen\u0163ei Domestice"},"content":{"rendered":"\n<figure class=\"wp-block-image size-full\"><img decoding=\"async\" src=\"https:\/\/giurgiu-net.ro\/wp-content\/uploads\/2021\/11\/WhatsApp-Image-2021-11-16-at-11.36.59-1.jpeg\" alt=\"\" class=\"wp-image-76205\"\/><\/figure>\n\n\n\n<p>&#8222;Nu degeaba exist\u0103 vorba \u201eO femeie nu trebuie lovit\u0103 nici m\u0103car cu o floare!\u201d. Adev\u0103rata <a href=\"https:\/\/www.facebook.com\/hashtag\/putere?__eep__=6&amp;__cft__[0]=AZUVNNyhHpCb2ryPp-yERk-NQ7KSe7pgScregtUN3mQYhiyrNlJaoZ-5eX8e9lEuiOIlHHi_cfnmfD_ExOwSWGIQQx9-61N9e3_oDO24lGLRBwKbJDB5s65D_Np2JXwGPOFdyOmLj-soPTwmCQjjr-WihAID_ppZQNb0p9rDEh7wBfLvMclNGKn_wU9Bg9wnjqsYsdmf6mZ9ozpqXzUYbi6v&amp;__tn__=*NK-y-R\">#putere<\/a> a unui b\u0103rbat nu st\u0103 \u00een pumnii s\u0103i, ci \u00een grija, \u00een dragostea \u015fi \u00een sprijinul pe care trebuie s\u0103 le acorde unei femei. <\/p>\n\n\n\n<p>Nimic nu justific\u0103 <a href=\"https:\/\/www.facebook.com\/hashtag\/violen%C5%A3a?__eep__=6&amp;__cft__[0]=AZUVNNyhHpCb2ryPp-yERk-NQ7KSe7pgScregtUN3mQYhiyrNlJaoZ-5eX8e9lEuiOIlHHi_cfnmfD_ExOwSWGIQQx9-61N9e3_oDO24lGLRBwKbJDB5s65D_Np2JXwGPOFdyOmLj-soPTwmCQjjr-WihAID_ppZQNb0p9rDEh7wBfLvMclNGKn_wU9Bg9wnjqsYsdmf6mZ9ozpqXzUYbi6v&amp;__tn__=*NK-y-R\">#violen\u0163a<\/a> \u015fi nu exist\u0103 niciun motiv pentru care o femeie s\u0103 accepte s\u0103 fie lovit\u0103 de partenerul s\u0103u ori s\u0103 permit\u0103 astfel de acte de agresiune aplicate copiilor s\u0103i!<\/p>\n\n\n\n<p>Din nefericire, fenomenul <a href=\"https:\/\/www.facebook.com\/hashtag\/violen%C5%A3ei_domestice?__eep__=6&amp;__cft__[0]=AZUVNNyhHpCb2ryPp-yERk-NQ7KSe7pgScregtUN3mQYhiyrNlJaoZ-5eX8e9lEuiOIlHHi_cfnmfD_ExOwSWGIQQx9-61N9e3_oDO24lGLRBwKbJDB5s65D_Np2JXwGPOFdyOmLj-soPTwmCQjjr-WihAID_ppZQNb0p9rDEh7wBfLvMclNGKn_wU9Bg9wnjqsYsdmf6mZ9ozpqXzUYbi6v&amp;__tn__=*NK-y-R\">#violen\u0163ei_domestice<\/a> a luat amploare, \u00een ultimii ani, \u00een Europa, iar Rom\u00e2nia st\u0103 foarte prost la acest capitol. Numai anul trecut, Poli\u021bia a \u00eenregistrat peste 26.000 cazuri de loviri \u0219i alte violen\u021be \u00een familie, iar 72 de femei din \u0163ara noastr\u0103 au fost <a href=\"https:\/\/www.facebook.com\/hashtag\/ucise?__eep__=6&amp;__cft__[0]=AZUVNNyhHpCb2ryPp-yERk-NQ7KSe7pgScregtUN3mQYhiyrNlJaoZ-5eX8e9lEuiOIlHHi_cfnmfD_ExOwSWGIQQx9-61N9e3_oDO24lGLRBwKbJDB5s65D_Np2JXwGPOFdyOmLj-soPTwmCQjjr-WihAID_ppZQNb0p9rDEh7wBfLvMclNGKn_wU9Bg9wnjqsYsdmf6mZ9ozpqXzUYbi6v&amp;__tn__=*NK-y-R\">#ucise<\/a>!<\/p>\n\n\n\n<p>Este cutremur\u0103tor, nepermis \u015fi trebuie s\u0103 lu\u0103m m\u0103suri urgente \u015fi s\u0103 folosim toate <a href=\"https:\/\/www.facebook.com\/hashtag\/instrumentele?__eep__=6&amp;__cft__[0]=AZUVNNyhHpCb2ryPp-yERk-NQ7KSe7pgScregtUN3mQYhiyrNlJaoZ-5eX8e9lEuiOIlHHi_cfnmfD_ExOwSWGIQQx9-61N9e3_oDO24lGLRBwKbJDB5s65D_Np2JXwGPOFdyOmLj-soPTwmCQjjr-WihAID_ppZQNb0p9rDEh7wBfLvMclNGKn_wU9Bg9wnjqsYsdmf6mZ9ozpqXzUYbi6v&amp;__tn__=*NK-y-R\">#instrumentele<\/a> pentru ocrotirea victimelor violen\u0163ei domestice! <\/p>\n\n\n\n<p>Sus\u0163in implementarea unui sistem performant de <a href=\"https:\/\/www.facebook.com\/hashtag\/monitorizare?__eep__=6&amp;__cft__[0]=AZUVNNyhHpCb2ryPp-yERk-NQ7KSe7pgScregtUN3mQYhiyrNlJaoZ-5eX8e9lEuiOIlHHi_cfnmfD_ExOwSWGIQQx9-61N9e3_oDO24lGLRBwKbJDB5s65D_Np2JXwGPOFdyOmLj-soPTwmCQjjr-WihAID_ppZQNb0p9rDEh7wBfLvMclNGKn_wU9Bg9wnjqsYsdmf6mZ9ozpqXzUYbi6v&amp;__tn__=*NK-y-R\">#monitorizare<\/a> a tuturor cazurilor \u015fi consider c\u0103 oricine cunoa\u015fte o familie aflat\u0103 \u00eentr-o asemenea situa\u0163ie trebuie s\u0103 ia leg\u0103tura cu autorit\u0103\u0163ile, p\u00e2n\u0103 nu este prea t\u00e2rziu! <a href=\"https:\/\/www.facebook.com\/hashtag\/rom%C3%A2nia?__eep__=6&amp;__cft__[0]=AZUVNNyhHpCb2ryPp-yERk-NQ7KSe7pgScregtUN3mQYhiyrNlJaoZ-5eX8e9lEuiOIlHHi_cfnmfD_ExOwSWGIQQx9-61N9e3_oDO24lGLRBwKbJDB5s65D_Np2JXwGPOFdyOmLj-soPTwmCQjjr-WihAID_ppZQNb0p9rDEh7wBfLvMclNGKn_wU9Bg9wnjqsYsdmf6mZ9ozpqXzUYbi6v&amp;__tn__=*NK-y-R\">#Rom\u00e2nia<\/a> are nevoie, totodat\u0103, de c\u00e2t mai multe ad\u0103posturi, de programe de consiliere \u015fi de mult curaj \u015fi solidaritate! <\/p>\n\n\n\n<p><a href=\"https:\/\/www.facebook.com\/hashtag\/familia?__eep__=6&amp;__cft__[0]=AZUVNNyhHpCb2ryPp-yERk-NQ7KSe7pgScregtUN3mQYhiyrNlJaoZ-5eX8e9lEuiOIlHHi_cfnmfD_ExOwSWGIQQx9-61N9e3_oDO24lGLRBwKbJDB5s65D_Np2JXwGPOFdyOmLj-soPTwmCQjjr-WihAID_ppZQNb0p9rDEh7wBfLvMclNGKn_wU9Bg9wnjqsYsdmf6mZ9ozpqXzUYbi6v&amp;__tn__=*NK-y-R\">#Familia<\/a> \u00eenseamn\u0103 respect, armonie, ajutor reciproc \u015fi \u00een\u0163elegere, nu pedepse corporale, nu tortur\u0103 fizic\u0103 sau psihic\u0103!M\u0103 al\u0103tur \u015fi sus\u0163in campania demarat\u0103 de <a href=\"https:\/\/www.facebook.com\/hashtag\/pes_women?__eep__=6&amp;__cft__[0]=AZUVNNyhHpCb2ryPp-yERk-NQ7KSe7pgScregtUN3mQYhiyrNlJaoZ-5eX8e9lEuiOIlHHi_cfnmfD_ExOwSWGIQQx9-61N9e3_oDO24lGLRBwKbJDB5s65D_Np2JXwGPOFdyOmLj-soPTwmCQjjr-WihAID_ppZQNb0p9rDEh7wBfLvMclNGKn_wU9Bg9wnjqsYsdmf6mZ9ozpqXzUYbi6v&amp;__tn__=*NK-y-R\">#PES_Women<\/a>, ast\u0103zi, cu ocazia Zilei Interna\u0163ionale de Combatere a Violen\u0163ei Domestice!&#8221;- pre\u015fedintele OFSD Giurgiu, deputat Cristina Elena Dinu.<\/p>\n","protected":false},"excerpt":{"rendered":"<p>&#8222;Nu degeaba exist\u0103 vorba \u201eO femeie nu trebuie lovit\u0103 nici m\u0103car cu o floare!\u201d. Adev\u0103rata #putere a unui b\u0103rbat nu st\u0103 \u00een pumnii s\u0103i, ci \u00een grija, \u00een dragostea \u015fi \u00een sprijinul pe care trebuie s\u0103 le acorde unei femei. Nimic nu justific\u0103 #violen\u0163a \u015fi nu exist\u0103 niciun motiv pentru care o femeie s\u0103 accepte [&hellip;]<\/p>\n","protected":false},"author":1,"featured_media":76204,"comment_status":"open","ping_status":"open","sticky":false,"template":"","format":"standard","meta":{"slim_seo":{"title":"Deputat Elena Dinu, mesaj cu ocazia Zilei Interna\u0163ionale de Combatere a Violen\u0163ei Domestice - GIURGIU NET","description":"\"Nu degeaba exist\u0103 vorba \u201eO femeie nu trebuie lovit\u0103 nici m\u0103car cu o floare!\u201d. Adev\u0103rata #putere a unui b\u0103rbat nu st\u0103 \u00een pumnii s\u0103i, ci \u00een grija, \u00een dragostea \u015f"},"footnotes":""},"categories":[18,26,28],"tags":[1025],"class_list":{"0":"post-76203","1":"post","2":"type-post","3":"status-publish","4":"format-standard","5":"has-post-thumbnail","7":"category-actual","8":"category-soc","9":"category-uo","10":"tag-elena-dinu"},"_links":{"self":[{"href":"https:\/\/giurgiu-net.ro\/index.php\/wp-json\/wp\/v2\/posts\/76203","targetHints":{"allow":["GET"]}}],"collection":[{"href":"https:\/\/giurgiu-net.ro\/index.php\/wp-json\/wp\/v2\/posts"}],"about":[{"href":"https:\/\/giurgiu-net.ro\/index.php\/wp-json\/wp\/v2\/types\/post"}],"author":[{"embeddable":true,"href":"https:\/\/giurgiu-net.ro\/index.php\/wp-json\/wp\/v2\/users\/1"}],"replies":[{"embeddable":true,"href":"https:\/\/giurgiu-net.ro\/index.php\/wp-json\/wp\/v2\/comments?post=76203"}],"version-history":[{"count":0,"href":"https:\/\/giurgiu-net.ro\/index.php\/wp-json\/wp\/v2\/posts\/76203\/revisions"}],"wp:featuredmedia":[{"embeddable":true,"href":"https:\/\/giurgiu-net.ro\/index.php\/wp-json\/"}],"wp:attachment":[{"href":"https:\/\/giurgiu-net.ro\/index.php\/wp-json\/wp\/v2\/media?parent=76203"}],"wp:term":[{"taxonomy":"category","embeddable":true,"href":"https:\/\/giurgiu-net.ro\/index.php\/wp-json\/wp\/v2\/categories?post=76203"},{"taxonomy":"post_tag","embeddable":true,"href":"https:\/\/giurgiu-net.ro\/index.php\/wp-json\/wp\/v2\/tags?post=76203"}],"curies":[{"name":"wp","href":"https:\/\/api.w.org\/{rel}","templated":true}]}}