{"id":76196,"date":"2021-11-23T18:10:55","date_gmt":"2021-11-23T16:10:55","guid":{"rendered":"http:\/\/giurgiu-net.ro\/?p=76196"},"modified":"2021-11-23T18:10:55","modified_gmt":"2021-11-23T16:10:55","slug":"presedintele-psd-giurgiu-consilierii-judeteni-ai-psd-nu-au-menirea-sa-sprijine-afacerile-si-interesele-personale-ale-presedintelui-cj-giurgiu-dumitru-beianu","status":"publish","type":"post","link":"https:\/\/giurgiu-net.ro\/index.php\/2021\/11\/23\/presedintele-psd-giurgiu-consilierii-judeteni-ai-psd-nu-au-menirea-sa-sprijine-afacerile-si-interesele-personale-ale-presedintelui-cj-giurgiu-dumitru-beianu\/","title":{"rendered":"Pre\u015fedintele PSD Giurgiu: &#8222;Consilierii jude\u0163eni ai PSD nu au menirea s\u0103 sprijine afacerile \u015fi interesele personale ale pre\u015fedintelui CJ Giurgiu, Dumitru Beianu!&#8221;"},"content":{"rendered":"\n<p>\u201eMai spun o dat\u0103 \u015fi r\u0103spicat: consilierii jude\u0163eni ai PSD nu au menirea s\u0103 sprijine afacerile \u015fi interesele personale ale pre\u015fedintelui CJ Giurgiu, Dumitru Beianu!<\/p>\n\n\n\n<p>Nu pentru asta au fost trimi\u015fi acolo de c\u0103tre giurgiuveni.<\/p>\n\n\n\n<p>Am v\u0103zut c\u0103 domnul Beianu, de\u015fi nu are nicio c\u0103dere s\u0103 intervin\u0103, s-a ar\u0103tat ofuscat, dup\u0103 ce Biroul Politic Jude\u0163ean al PSD Giurgiu a decis, cu UNANIMITATE de voturi, s\u0103 retrag\u0103 sprijinul politic \u00een cazul a doi consilieri PSD.<\/p>\n\n\n\n<p>Ace\u015ftia au votat \u201epentru\u201d un proiect de hot\u0103r\u00e2re legat de o afacere cu o societate aflat\u0103 \u00een insolven\u0163\u0103 \u015fi cu care Consiliul Jude\u0163ean Giurgiu a avut un conflict juridic. Asta, deoarece firma cu pricina &#8211; Sun Garden- nu a respectat contractul semnat chiar \u00een timpul lui Dumitru Beianu.<\/p>\n\n\n\n<p>Pe scurt, pe terenul unde s-au angajat c\u0103 vor face panouri fotovoltaice au crescut, \u00een schimb, vaci \u015fi lucern\u0103, timp de 6 ani. Au \u00eenchiriat terenul respectiv( pe care au \u00eencasat subven\u0163ie de la APIA!), f\u0103r\u0103 acordul CJ Giurgiu, \u015fi chiar Curtea de Conturi, \u00een 2017, ne-a recomandat s\u0103 lu\u0103m m\u0103suri \u015fi asta am \u015fi f\u0103cut. Am reziliat contractul cu Sun Garden \u015fi le-am cerut, \u00een instan\u0163\u0103, plata restan\u0163elor. La momentul respectiv, inclusiv consilierii jude\u0163eni ai PNL au votat pentru rezilierea contractului men\u0163ionat.<\/p>\n\n\n\n<p>A\u015fadar, cum s\u0103 vii acum s\u0103 reiei un \u201eparteneriat\u201d ce s-a dovedit a fi p\u0103gubos pentru jude\u0163ul Giurgiu \u015fi s\u0103-l prezin\u0163i ca pe un mare succes, iar consilierii s\u0103 voteze dup\u0103 cum le spui tu? Ai mai spus o dat\u0103 c\u0103 va fi bine \u015fi nu a fost. Cel pu\u0163in, nu pentru giurgiuveni.<\/p>\n\n\n\n<p>Care este motivul real pentru care Dumitru Beianu insist\u0103 cu aceast\u0103 firm\u0103 \u015fi cu afacerea aferent\u0103?<\/p>\n\n\n\n<p>Consider c\u0103 pre\u015fedintele PNL-ist al CJ Giurgiu trebuie s\u0103 \u00een\u0163eleag\u0103 faptul c\u0103 nicio alian\u0163\u0103 politic\u0103 nu \u00eei d\u0103 dreptul s\u0103 se amestece \u00een vreun fel \u00een deciziile interne ale PSD, dar mai ales s\u0103 \u00een\u0163eleag\u0103 faptul c\u0103 nicio alian\u0163\u0103 politic\u0103 nu \u00eenseamn\u0103 c\u0103 vom \u00eenchide ochii la matrapazl\u00e2ncuri sau la proiecte ce nu au leg\u0103tur\u0103 cu interesul cet\u0103\u0163eanului!<\/p>\n\n\n\n<p>Poate s\u0103 comenteze pe marginea deciziilor PSD Giurgiu c\u00e2t dore\u015fte, sigur, dar cel mai bine, \u00een cazul de fa\u0163\u0103, ar fi s\u0103 se ab\u0163in\u0103 pentru c\u0103 vorbim despre o spe\u0163\u0103 penal\u0103, \u00een opinia mea, o problem\u0103 grav\u0103 care se afl\u0103 fix \u00een curtea propriului s\u0103u partid\u201d- declara\u0163ie pre\u015fedinte PSD Giurgiu, deputat Marian Mina.<\/p>\n","protected":false},"excerpt":{"rendered":"<p>\u201eMai spun o dat\u0103 \u015fi r\u0103spicat: consilierii jude\u0163eni ai PSD nu au menirea s\u0103 sprijine afacerile \u015fi interesele personale ale pre\u015fedintelui CJ Giurgiu, Dumitru Beianu! Nu pentru asta au fost trimi\u015fi acolo de c\u0103tre giurgiuveni. Am v\u0103zut c\u0103 domnul Beianu, de\u015fi nu are nicio c\u0103dere s\u0103 intervin\u0103, s-a ar\u0103tat ofuscat, dup\u0103 ce Biroul Politic Jude\u0163ean [&hellip;]<\/p>\n","protected":false},"author":1,"featured_media":76097,"comment_status":"open","ping_status":"open","sticky":false,"template":"","format":"standard","meta":{"slim_seo":{"title":"Pre\u015fedintele PSD Giurgiu: \"Consilierii jude\u0163eni ai PSD nu au menirea s\u0103 sprijine afacerile \u015fi interesele personale ale pre\u015fedintelui CJ Giurgiu, Dumitru Beianu!\" - GIURGIU NET","description":"\u201eMai spun o dat\u0103 \u015fi r\u0103spicat: consilierii jude\u0163eni ai PSD nu au menirea s\u0103 sprijine afacerile \u015fi interesele personale ale pre\u015fedintelui CJ Giurgiu, Dumitru Beia"},"footnotes":""},"categories":[18,19,25,28],"tags":[1626],"class_list":{"0":"post-76196","1":"post","2":"type-post","3":"status-publish","4":"format-standard","5":"has-post-thumbnail","7":"category-actual","8":"category-adm","9":"category-pol","10":"category-uo","11":"tag-marian-mina"},"_links":{"self":[{"href":"https:\/\/giurgiu-net.ro\/index.php\/wp-json\/wp\/v2\/posts\/76196","targetHints":{"allow":["GET"]}}],"collection":[{"href":"https:\/\/giurgiu-net.ro\/index.php\/wp-json\/wp\/v2\/posts"}],"about":[{"href":"https:\/\/giurgiu-net.ro\/index.php\/wp-json\/wp\/v2\/types\/post"}],"author":[{"embeddable":true,"href":"https:\/\/giurgiu-net.ro\/index.php\/wp-json\/wp\/v2\/users\/1"}],"replies":[{"embeddable":true,"href":"https:\/\/giurgiu-net.ro\/index.php\/wp-json\/wp\/v2\/comments?post=76196"}],"version-history":[{"count":0,"href":"https:\/\/giurgiu-net.ro\/index.php\/wp-json\/wp\/v2\/posts\/76196\/revisions"}],"wp:featuredmedia":[{"embeddable":true,"href":"https:\/\/giurgiu-net.ro\/index.php\/wp-json\/wp\/v2\/media\/76097"}],"wp:attachment":[{"href":"https:\/\/giurgiu-net.ro\/index.php\/wp-json\/wp\/v2\/media?parent=76196"}],"wp:term":[{"taxonomy":"category","embeddable":true,"href":"https:\/\/giurgiu-net.ro\/index.php\/wp-json\/wp\/v2\/categories?post=76196"},{"taxonomy":"post_tag","embeddable":true,"href":"https:\/\/giurgiu-net.ro\/index.php\/wp-json\/wp\/v2\/tags?post=76196"}],"curies":[{"name":"wp","href":"https:\/\/api.w.org\/{rel}","templated":true}]}}