{"id":76194,"date":"2021-11-23T15:01:09","date_gmt":"2021-11-23T13:01:09","guid":{"rendered":"http:\/\/giurgiu-net.ro\/?p=76194"},"modified":"2021-11-23T15:01:09","modified_gmt":"2021-11-23T13:01:09","slug":"psd-masuri-pentru-romani-pe-fiecare-minister-in-parte","status":"publish","type":"post","link":"https:\/\/giurgiu-net.ro\/index.php\/2021\/11\/23\/psd-masuri-pentru-romani-pe-fiecare-minister-in-parte\/","title":{"rendered":"PSD, M\u0102SURI PENTRU ROM\u00c2NI- pe fiecare minister \u00een parte"},"content":{"rendered":"\n<p><img loading=\"lazy\" decoding=\"async\" height=\"16\" width=\"16\" alt=\"?\" src=\"https:\/\/static.xx.fbcdn.net\/images\/emoji.php\/v9\/t7f\/1\/16\/1f7e5.png\"\/> <a href=\"https:\/\/www.facebook.com\/hashtag\/psd?__eep__=6&amp;__cft__[0]=AZUh0I4QBx-bJ1zQlqpFVkAFo2ymqOQeZeTMUJvAOaXAXVzXn9tijMnak3qYQWsOL9Lo0b-Bz6qBWwbP4hzhzcFSdSrAy-kSa3mKvorAiHHA49i1fVPMNwTiblMjo8B_Ybuc1Ez7wo_66GxC9JqXogZm&amp;__tn__=*NK-R\">#PSD<\/a> a intrat la guvernare pentru c\u0103 trebuie s\u0103 oprim sc\u0103derea nivelului de trai \u0219i trebuie s\u0103 stabiliz\u0103m situa\u021bia economic\u0103, social\u0103 \u0219i sanitar\u0103 din <a href=\"https:\/\/www.facebook.com\/hashtag\/rom%C3%A2nia?__eep__=6&amp;__cft__[0]=AZUh0I4QBx-bJ1zQlqpFVkAFo2ymqOQeZeTMUJvAOaXAXVzXn9tijMnak3qYQWsOL9Lo0b-Bz6qBWwbP4hzhzcFSdSrAy-kSa3mKvorAiHHA49i1fVPMNwTiblMjo8B_Ybuc1Ez7wo_66GxC9JqXogZm&amp;__tn__=*NK-R\">#Rom\u00e2nia<\/a>! Vom lua toate m\u0103surile promise cet\u0103\u0163enilor, prin fiecare minister condus de social-democra\u0163i: Munc\u0103, Familie, S\u0103n\u0103tate, Economie, Agricultur\u0103, Finan\u0163e, Ap\u0103rare Na\u0163ional\u0103 \u015fi Cultur\u0103.<\/p>\n\n\n\n<p><img loading=\"lazy\" decoding=\"async\" height=\"16\" width=\"16\" alt=\"?\" src=\"https:\/\/static.xx.fbcdn.net\/images\/emoji.php\/v9\/tac\/1\/16\/1f4cc.png\"\/> <strong>MUNC\u0102<\/strong>:- Cre\u0219terea salariului minim brut pe economie cu 11%, de la 2.300 lei \u00een prezent la 2.550 de la 1 ianuarie 2022.<\/p>\n\n\n\n<p>&#8211; Cre\u0219terea punctului de pensie cu 10%, de la 1.442 \u00een prezent, la 1.586 lei de la 1 ianuarie 2022<\/p>\n\n\n\n<p>&#8211; Cre\u0219terea pensiei minime cu 25%, de la 800 de lei \u00een prezent la 1.000 de lei de la 1 ianuarie 2022<\/p>\n\n\n\n<p>&#8211; Ajutor suplimentar pentru perioada de iarn\u0103, \u00een func\u021bie de valoarea pensiei, pentru pensionarii a c\u0103ror pensie este peste valoarea minim\u0103 dar sub 1.586 lei.<\/p>\n\n\n\n<p> <img loading=\"lazy\" decoding=\"async\" height=\"16\" width=\"16\" alt=\"?\" src=\"https:\/\/static.xx.fbcdn.net\/images\/emoji.php\/v9\/tac\/1\/16\/1f4cc.png\"\/> <strong>FAMILIE, TINERET \u015eI EGALITATE DE \u015eANSE<\/strong>:- Cre\u0219terea aloca\u021biilor cu 40% pentru copiii sub 2 ani, de la 427 lei \u00een prezent la 600 lei de la 1 ianuarie 2022. <\/p>\n\n\n\n<p>&#8211; Cre\u0219terea aloca\u021biilor cu 13,5% pentru copiii \u00eentre 2 \u0219i &lt;18 ani, de la 214 lei \u00een prezent, la 243 lei de la 1 ianuarie 2022.<\/p>\n\n\n\n<p>&#8211; A 13-a aloca\u021bie acordat\u0103 pentru copiii cu dizabilit\u0103\u021bi \u0219i a 13-a indemniza\u021bie pentru persoanele adulte cu dizabilit\u0103\u021bi, \u00een luna ianuarie 2022.<\/p>\n\n\n\n<p>&#8211; Sc\u0103derea Contribu\u021biei de asigur\u0103ri sociale de s\u0103n\u0103tate din veniturile p\u0103rin\u021bilor, \u00een func\u021bie de num\u0103rul de copii, p\u00e2n\u0103 la scutire pentru cei cu cel pu\u021bin 3 copii. <\/p>\n\n\n\n<p>&#8211; Granturi de 30%, dar nu mai mult de 45.000 euro \u00een urban sau 30.000 euro an rural, din valoarea locuin\u021bei noi achizi\u021bionate de familiile cu copii sub 15 ani.<\/p>\n\n\n\n<p><img loading=\"lazy\" decoding=\"async\" height=\"16\" width=\"16\" alt=\"?\" src=\"https:\/\/static.xx.fbcdn.net\/images\/emoji.php\/v9\/tac\/1\/16\/1f4cc.png\"\/> <strong>S\u0102N\u0102TATE<\/strong>:- Medicamente antivirale \u00een farmacii, eliberate pe prescrip\u021bie medical\u0103, pentru tratarea timpurie a persoanelor infectate cu SARS-CoV-2<\/p>\n\n\n\n<p>&#8211; Diagnostic \u0219i tratament ambulatoriu c\u00e2t mai rapid pentru pacien\u021bii COVID-19<\/p>\n\n\n\n<p>&#8211; Testare extins\u0103 \u0219i anchete epidemiologice eficiente pentru restr\u00e2ngerea contamin\u0103rii<\/p>\n\n\n\n<p><img loading=\"lazy\" decoding=\"async\" height=\"16\" width=\"16\" alt=\"?\" src=\"https:\/\/static.xx.fbcdn.net\/images\/emoji.php\/v9\/tac\/1\/16\/1f4cc.png\"\/> <strong>ECONOMIE<\/strong>: &#8211; Lansarea programului \u201eCump\u0103r\u0103m rom\u00e2ne\u0219te\u201d pentru \u00eencurajarea achizi\u021biei de produse rom\u00e2ne\u0219ti \u0219i implicit sprijinirea firmelor rom\u00e2ne\u0219ti.<\/p>\n\n\n\n<p>&#8211; Salvarea firmelor strategice rom\u00e2ne\u0219ti, prin infuzie de capital.<\/p>\n\n\n\n<p>&#8211; Program de sprijinire a exporturilor pentru reducerea deficitului comercial<\/p>\n\n\n\n<p><img loading=\"lazy\" decoding=\"async\" height=\"16\" width=\"16\" alt=\"?\" src=\"https:\/\/static.xx.fbcdn.net\/images\/emoji.php\/v9\/tac\/1\/16\/1f4cc.png\"\/> <strong>AGRICULTUR\u0102<\/strong>:- Cre\u0219terea produc\u021biei agricole autohtone pentru realizarea siguran\u021bei alimentare. <\/p>\n\n\n\n<p>&#8211; Absorb\u021bia \u00een \u00eentregime a fondurilor europene destinate agriculturii ; plata la timp a tuturor categoriilor de subven\u021bii.<\/p>\n\n\n\n<p>&#8211; Accelerarea procesului de intabulare \u0219i \u00eembun\u0103t\u0103\u021birea legisla\u021biei privind arendarea \u0219i concesionarea terenurilor agricole.<\/p>\n\n\n\n<p><img loading=\"lazy\" decoding=\"async\" height=\"16\" width=\"16\" alt=\"?\" src=\"https:\/\/static.xx.fbcdn.net\/images\/emoji.php\/v9\/tac\/1\/16\/1f4cc.png\"\/> <strong>FINAN\u0162E<\/strong>: &#8211; Digitalizarea economiei \u0219i a pl\u0103\u021bilor obliga\u021biilor fiscale pentru to\u021bi contribuabilii<\/p>\n\n\n\n<p>&#8211; Reintroducerea stopajului la surs\u0103 pentru reducerea birocra\u021biei<\/p>\n\n\n\n<p>&#8211; Reducerea taxelor pe venituri, prin cre\u0219terea deducerilor, pentru persoanele cu venituri mici \u0219i cu mul\u021bi copii.<\/p>\n\n\n\n<p><img loading=\"lazy\" decoding=\"async\" height=\"16\" width=\"16\" alt=\"?\" src=\"https:\/\/static.xx.fbcdn.net\/images\/emoji.php\/v9\/tac\/1\/16\/1f4cc.png\"\/> <strong>TRANSPORTURI<\/strong>:- Finalizarea urm\u0103toarelor autostr\u0103zi: Transilvania; Sibiu-Pite\u0219ti; Sebe\u0219 -Turda; Lugoj -Deva; centura Capitalei, precum \u0219i a drumurilor expres Craiova- Pite\u0219ti \u0219i Br\u0103ila Gala\u021bi \u0219i a podului peste Dun\u0103re de la Br\u0103ila.<\/p>\n\n\n\n<p>&#8211; Finalizarea lucr\u0103rilor de modernizare a c\u0103ii ferate \u0219i asigurarea surselor de finan\u021bare pentru demararea de noi lucr\u0103ri.<\/p>\n\n\n\n<p>&#8211; Modernizarea \u0219i extinderea re\u021belei de metrou prin prelungire magistralelor c\u0103tre localit\u0103\u021bile din Jude\u021bul Ilfov<\/p>\n\n\n\n<p> <img loading=\"lazy\" decoding=\"async\" height=\"16\" width=\"16\" alt=\"?\" src=\"https:\/\/static.xx.fbcdn.net\/images\/emoji.php\/v9\/tac\/1\/16\/1f4cc.png\"\/> <strong>AP\u0102RARE NA\u0162IONAL\u0102<\/strong>:- Asigurarea securit\u0103\u021bii na\u021bionale prin intensificarea dialogului politico-militar \u00een cadrul NATO \u0219i prin consolidarea parteneriatului strategic cu SUA<\/p>\n\n\n\n<p>&#8211; Cooptarea industriei rom\u00e2ne\u015fti \u00een implementarea planului multianual de \u00eenzestrare \u015fi retehnologizare a armatei.<\/p>\n\n\n\n<p>&#8211; Recompensarea personalului militar \u015fi civil \u0219i \u00eembun\u0103t\u0103\u0163irea programului dedicat protej\u0103rii drepturilor veteranilor \u015fi rudelor acestora.<\/p>\n\n\n\n<p> <img loading=\"lazy\" decoding=\"async\" height=\"16\" width=\"16\" alt=\"?\" src=\"https:\/\/static.xx.fbcdn.net\/images\/emoji.php\/v9\/tac\/1\/16\/1f4cc.png\"\/> <strong>CULTUR\u0102<\/strong>:- Ajutor financiar de stat, dedicat antreprenoriatului din domeniul cultural \u0219i acordarea voucherului cultural.<\/p>\n\n\n\n<p>&#8211; Cofinan\u021barea cu 3% din impozitul pe venit a institu\u021biilor publice de spectacole \u0219i concerte din subordinea autorit\u0103\u021bilor locale.<\/p>\n\n\n\n<p>&#8211; Schema de ajutor de stat de 250 milioane euro \u0219i stimularea investi\u021biilor str\u0103ine pentru cinematografie.<\/p>\n\n\n\n<p>Preluare postare Faceb<strong>ook deputat Marian Mina- pre\u015fedinte PSD Giurgiu<\/strong><\/p>\n","protected":false},"excerpt":{"rendered":"<p>#PSD a intrat la guvernare pentru c\u0103 trebuie s\u0103 oprim sc\u0103derea nivelului de trai \u0219i trebuie s\u0103 stabiliz\u0103m situa\u021bia economic\u0103, social\u0103 \u0219i sanitar\u0103 din #Rom\u00e2nia! Vom lua toate m\u0103surile promise cet\u0103\u0163enilor, prin fiecare minister condus de social-democra\u0163i: Munc\u0103, Familie, S\u0103n\u0103tate, Economie, Agricultur\u0103, Finan\u0163e, Ap\u0103rare Na\u0163ional\u0103 \u015fi Cultur\u0103. MUNC\u0102:- Cre\u0219terea salariului minim brut pe economie cu [&hellip;]<\/p>\n","protected":false},"author":1,"featured_media":42142,"comment_status":"open","ping_status":"open","sticky":false,"template":"","format":"standard","meta":{"slim_seo":{"title":"PSD, M\u0102SURI PENTRU ROM\u00c2NI- pe fiecare minister \u00een parte - GIURGIU NET","description":"#PSD a intrat la guvernare pentru c\u0103 trebuie s\u0103 oprim sc\u0103derea nivelului de trai \u0219i trebuie s\u0103 stabiliz\u0103m situa\u021bia economic\u0103, social\u0103 \u0219i sanitar\u0103 din #Rom\u00e2nia !"},"footnotes":""},"categories":[18,19,25,26,28],"tags":[2250],"class_list":{"0":"post-76194","1":"post","2":"type-post","3":"status-publish","4":"format-standard","5":"has-post-thumbnail","7":"category-actual","8":"category-adm","9":"category-pol","10":"category-soc","11":"category-uo","12":"tag-psd"},"_links":{"self":[{"href":"https:\/\/giurgiu-net.ro\/index.php\/wp-json\/wp\/v2\/posts\/76194","targetHints":{"allow":["GET"]}}],"collection":[{"href":"https:\/\/giurgiu-net.ro\/index.php\/wp-json\/wp\/v2\/posts"}],"about":[{"href":"https:\/\/giurgiu-net.ro\/index.php\/wp-json\/wp\/v2\/types\/post"}],"author":[{"embeddable":true,"href":"https:\/\/giurgiu-net.ro\/index.php\/wp-json\/wp\/v2\/users\/1"}],"replies":[{"embeddable":true,"href":"https:\/\/giurgiu-net.ro\/index.php\/wp-json\/wp\/v2\/comments?post=76194"}],"version-history":[{"count":0,"href":"https:\/\/giurgiu-net.ro\/index.php\/wp-json\/wp\/v2\/posts\/76194\/revisions"}],"wp:featuredmedia":[{"embeddable":true,"href":"https:\/\/giurgiu-net.ro\/index.php\/wp-json\/wp\/v2\/media\/42142"}],"wp:attachment":[{"href":"https:\/\/giurgiu-net.ro\/index.php\/wp-json\/wp\/v2\/media?parent=76194"}],"wp:term":[{"taxonomy":"category","embeddable":true,"href":"https:\/\/giurgiu-net.ro\/index.php\/wp-json\/wp\/v2\/categories?post=76194"},{"taxonomy":"post_tag","embeddable":true,"href":"https:\/\/giurgiu-net.ro\/index.php\/wp-json\/wp\/v2\/tags?post=76194"}],"curies":[{"name":"wp","href":"https:\/\/api.w.org\/{rel}","templated":true}]}}