{"id":76192,"date":"2021-11-23T10:47:16","date_gmt":"2021-11-23T08:47:16","guid":{"rendered":"http:\/\/giurgiu-net.ro\/?p=76192"},"modified":"2021-11-23T10:47:16","modified_gmt":"2021-11-23T08:47:16","slug":"isu-giurgiu-10-posturi-de-soldat-profesionist-servant-scoase-la-concurs","status":"publish","type":"post","link":"https:\/\/giurgiu-net.ro\/index.php\/2021\/11\/23\/isu-giurgiu-10-posturi-de-soldat-profesionist-servant-scoase-la-concurs\/","title":{"rendered":"ISU Giurgiu: 10 posturi de soldat profesionist (servant), scoase la concurs"},"content":{"rendered":"\n<p>V\u00e2rsta cuprins\u0103 \u00eentre 18 \u0219i 25 de ani \u0219i o preg\u0103tire fizic\u0103 foarte bun\u0103 &#8211; acestea sunt dou\u0103 dintre condi\u021biile pe care trebuie s\u0103 le \u00eendeplineasc\u0103 tinerii care vor s\u0103 devin\u0103 solda\u021bi profesioni\u0219ti (servan\u021bi) \u00een cadrul Inspectoratului pentru Situa\u021bii de Urgen\u021b\u0103 \u201cVla\u0219ca\u201d al jude\u021bului Giurgiu. Ieri a \u00eenceput perioada de \u00eenscriere a candida\u021bilor pentru ocuparea unuia dintre cele 10 posturi vacante.<\/p>\n\n\n\n<p>Un alt criteriu important se refer\u0103 la faptul c\u0103 pe aceste locuri pot candida \u0219i persoane care au absolvit cel pu\u021bin \u00eenv\u0103\u021b\u0103m\u00e2ntul general obligatoriu, \u00een condi\u021biile prev\u0103zute de <a href=\"https:\/\/legislatie.just.ro\/Public\/DetaliiDocumentAfis\/246982\">Legea educa\u021biei na\u021bionale nr. 1\/2011<\/a>, cu modific\u0103rile \u0219i complet\u0103rile ulterioare.<\/p>\n\n\n\n<p>Persoanele interesate trebuie s\u0103 transmit\u0103 toate documentele necesare, exclusiv \u00een format electronic la adresa de e-mail <a href=\"mailto:recrutare@isugiurgiu.ro\"><strong>recrutare@isugiurgiu.ro<\/strong><\/a>, astfel:<\/p>\n\n\n\n<ul class=\"wp-block-list\"><li><strong>cererea de \u00eenscriere, completat\u0103 olograf \u0219i lizibil, p\u00e2n\u0103 la data de 27.11.2021, ora 16:00;<\/strong><\/li><li>celelalte documente constitutive ale dosarului de recrutare, \u00een volum complet, <strong>p\u00e2n\u0103 la data de 04.12.2021, ora 16:00.<\/strong><\/li><\/ul>\n\n\n\n<p>Preciz\u0103m faptul c\u0103 ata\u0219amentele nu trebuie s\u0103 dep\u0103\u0219easc\u0103 40 Mb.<\/p>\n\n\n\n<p>Dup\u0103 evaluarea dosarelor, candida\u021bii vor sus\u021bine dou\u0103 probe eliminatorii pentru verificarea existen\u021bei unor fobii incompatibile cu sarcinile, \u00eendatoririle \u0219i responsabilit\u0103\u021bile posturilor, astfel:<\/p>\n\n\n\n<ul class=\"wp-block-list\"><li><strong>\u201curcarea pe scar\u0103\u201d<\/strong> &#8211; pentru verificarea acrofobiei <em>(<a href=\"https:\/\/ro.wikipedia.org\/wiki\/Fric%C4%83\">fric\u0103<\/a> extrem\u0103 de \u00een\u0103l\u021bime)<\/em>;<\/li><li><strong>\u201cdeplasare \u00een subsol \u00eentunecat\u201d<\/strong> &#8211; pentru verificarea existen\u021bei claustrofobiei \u0219i acluofobiei <em>(<\/em><em>frica de a fi \u00eenchis \u00eentr-o camer\u0103 sau \u00eentr-un spa\u021biu mic \/ team\u0103 patologic\u0103 de \u00eentuneric sau de locuri \u00eentunecoase)<\/em>.<\/li><\/ul>\n\n\n\n<p>Candida\u021bii care vor dep\u0103\u0219i probele eliminatorii, vor participa la urm\u0103toarea etap\u0103 &#8211; evaluarea performan\u021bei fizice, care const\u0103 \u00een parcurgerea unui traseu practic-aplicativ. Acesta poate fi urm\u0103rit acces\u00e2nd <a href=\"https:\/\/fb.watch\/9sgkAKg2Le\/\">https:\/\/fb.watch\/9sgkAKg2Le\/<\/a>.<\/p>\n\n\n\n<p>Men\u021bion\u0103m faptul c\u0103 toate probele de concurs vor fi sus\u021binute la centrul de selec\u021bie constituit la nivelul Inspectoratului pentru Situa\u021bii de Urgen\u021b\u0103 \u201cDealu Spirii\u201d Bucure\u0219ti-Ilfov, din Calea 13 Septembrie nr.135, sector 5, Bucure\u0219ti, conform unui grafic ce va fi afi\u0219at, \u00een timp util, la avizierul inspectoratului \u0219i pe pagina de internet (www.isugiurgiu.ro).<\/p>\n\n\n\n<p>Pentru informa\u021bii referitoare la condi\u021biile de ocupare a acestor posturi, accesa\u021bi pagina <a href=\"https:\/\/www.isugiurgiu.ro\/?fbclid=IwAR3c21HrvNsN9kttXL3QKgrbRF_RI413wWhECL89YyPBk_MXefH0sx1cd3w\" target=\"_blank\" rel=\"noreferrer noopener\">www.isugiurgiu.ro<\/a>, sec\u021biunea \u201cCarier\u0103\u201d.<\/p>\n\n\n\n<p><strong>Detalii:<\/strong><\/p>\n\n\n\n<p><a href=\"https:\/\/www.isugiurgiu.ro\/doc\/Anunturi\/ANUNT-%20organizare%20concurs%20pentru%20recrutarea%20in%20vederea%20angajarii%20in%20corpul%20soldatilor%20si%20gradatilor%20profesionisti..pdf\">https:\/\/www.isugiurgiu.ro\/doc\/Anunturi\/ANUNT-%20organizare%20concurs%20pentru%20recrutarea%20in%20vederea%20angajarii%20in%20corpul%20soldatilor%20si%20gradatilor%20profesionisti..pdf<\/a><\/p>\n\n\n\n<p>Compartimentul Informare \u0219i Rela\u021bii Publice- ISU Giurgiu<\/p>\n","protected":false},"excerpt":{"rendered":"<p>V\u00e2rsta cuprins\u0103 \u00eentre 18 \u0219i 25 de ani \u0219i o preg\u0103tire fizic\u0103 foarte bun\u0103 &#8211; acestea sunt dou\u0103 dintre condi\u021biile pe care trebuie s\u0103 le \u00eendeplineasc\u0103 tinerii care vor s\u0103 devin\u0103 solda\u021bi profesioni\u0219ti (servan\u021bi) \u00een cadrul Inspectoratului pentru Situa\u021bii de Urgen\u021b\u0103 \u201cVla\u0219ca\u201d al jude\u021bului Giurgiu. Ieri a \u00eenceput perioada de \u00eenscriere a candida\u021bilor pentru ocuparea [&hellip;]<\/p>\n","protected":false},"author":1,"featured_media":50203,"comment_status":"open","ping_status":"open","sticky":false,"template":"","format":"standard","meta":{"slim_seo":{"title":"ISU Giurgiu: 10 posturi de soldat profesionist (servant), scoase la concurs - GIURGIU NET","description":"V\u00e2rsta cuprins\u0103 \u00eentre 18 \u0219i 25 de ani \u0219i o preg\u0103tire fizic\u0103 foarte bun\u0103 - acestea sunt dou\u0103 dintre condi\u021biile pe care trebuie s\u0103 le \u00eendeplineasc\u0103 tinerii care v"},"footnotes":""},"categories":[18,26,28],"tags":[1452],"class_list":{"0":"post-76192","1":"post","2":"type-post","3":"status-publish","4":"format-standard","5":"has-post-thumbnail","7":"category-actual","8":"category-soc","9":"category-uo","10":"tag-isu-giurgiu"},"_links":{"self":[{"href":"https:\/\/giurgiu-net.ro\/index.php\/wp-json\/wp\/v2\/posts\/76192","targetHints":{"allow":["GET"]}}],"collection":[{"href":"https:\/\/giurgiu-net.ro\/index.php\/wp-json\/wp\/v2\/posts"}],"about":[{"href":"https:\/\/giurgiu-net.ro\/index.php\/wp-json\/wp\/v2\/types\/post"}],"author":[{"embeddable":true,"href":"https:\/\/giurgiu-net.ro\/index.php\/wp-json\/wp\/v2\/users\/1"}],"replies":[{"embeddable":true,"href":"https:\/\/giurgiu-net.ro\/index.php\/wp-json\/wp\/v2\/comments?post=76192"}],"version-history":[{"count":0,"href":"https:\/\/giurgiu-net.ro\/index.php\/wp-json\/wp\/v2\/posts\/76192\/revisions"}],"wp:featuredmedia":[{"embeddable":true,"href":"https:\/\/giurgiu-net.ro\/index.php\/wp-json\/wp\/v2\/media\/50203"}],"wp:attachment":[{"href":"https:\/\/giurgiu-net.ro\/index.php\/wp-json\/wp\/v2\/media?parent=76192"}],"wp:term":[{"taxonomy":"category","embeddable":true,"href":"https:\/\/giurgiu-net.ro\/index.php\/wp-json\/wp\/v2\/categories?post=76192"},{"taxonomy":"post_tag","embeddable":true,"href":"https:\/\/giurgiu-net.ro\/index.php\/wp-json\/wp\/v2\/tags?post=76192"}],"curies":[{"name":"wp","href":"https:\/\/api.w.org\/{rel}","templated":true}]}}