{"id":76140,"date":"2021-11-17T13:01:54","date_gmt":"2021-11-17T11:01:54","guid":{"rendered":"http:\/\/giurgiu-net.ro\/?p=76140"},"modified":"2021-11-17T13:01:54","modified_gmt":"2021-11-17T11:01:54","slug":"deputat-marian-mina-nu-negociem-viata-romanilor","status":"publish","type":"post","link":"https:\/\/giurgiu-net.ro\/index.php\/2021\/11\/17\/deputat-marian-mina-nu-negociem-viata-romanilor\/","title":{"rendered":"Deputat Marian Mina: &#8222;Nu negociem VIA\u0162A rom\u00e2nilor!&#8221;"},"content":{"rendered":"\n<p>&#8222;Nu negociem VIA\u0162A rom\u00e2nilor! Milioane de oameni vor avea de suferit din cauza cre\u015fterii uria\u015fe a pre\u0163urilor la energie, alimente, medicamente, c\u0103ldur\u0103. \u015ei, dac\u0103 nu lu\u0103m m\u0103suri ACUM, nu doar boala o s\u0103 decimeze \u0163ara noastr\u0103, ci \u015fi foamea, frigul \u015fi s\u0103r\u0103cia! <\/p>\n\n\n\n<p>Aloca\u021biile, pensiile \u0219i salariul minim TREBUIE s\u0103 creasc\u0103! Altfel, rom\u00e2nii nu vor mai putea nici m\u0103car s\u0103-\u015fi asigure traiul de zi cu zi.NU renun\u0163\u0103m la m\u0103surile men\u0163ionate \u015fi <a href=\"https:\/\/www.facebook.com\/hashtag\/psd?__eep__=6&amp;__cft__[0]=AZV_Ei0cJN7dkwQZUIEsqq8haUeFxHt53cNAhQrSsre8bQkz8EIemHnWSvQ7ZiQU4b7e0ctgPcR4bhlpU9sGBojZjhQCX0xhNdm8MuZQB6ELCQ&amp;__tn__=*NK-R\">#PSD<\/a> va intra la guvernare doar dac\u0103 acestea vor fi incluse \u00een programul de guvernare \u0219i se vor aplica, astfel \u00eenc\u00e2t oamenii s\u0103 fac\u0103 fa\u021b\u0103 major\u0103rilor uria\u0219e ale pre\u021burilor.<\/p>\n\n\n\n<p>Astfel, ne dorim ca \u00eenc\u0103 din prima lun\u0103 de guvernare:- <a href=\"https:\/\/www.facebook.com\/hashtag\/aloca%C5%A3iile?__eep__=6&amp;__cft__[0]=AZV_Ei0cJN7dkwQZUIEsqq8haUeFxHt53cNAhQrSsre8bQkz8EIemHnWSvQ7ZiQU4b7e0ctgPcR4bhlpU9sGBojZjhQCX0xhNdm8MuZQB6ELCQ&amp;__tn__=*NK-R\">#Aloca\u0163iile<\/a> pentru copii s\u0103 creasc\u0103 de la 214 la 300 de lei, pentru copiii \u00eentre 2 \u0219i 18 ani \u0219i de la 427 la 600 de lei, pentru copiii mai mici de 2 ani \u0219i pentru cei cu dizabilit\u0103\u021bi.- <a href=\"https:\/\/www.facebook.com\/hashtag\/pensiile?__eep__=6&amp;__cft__[0]=AZV_Ei0cJN7dkwQZUIEsqq8haUeFxHt53cNAhQrSsre8bQkz8EIemHnWSvQ7ZiQU4b7e0ctgPcR4bhlpU9sGBojZjhQCX0xhNdm8MuZQB6ELCQ&amp;__tn__=*NK-R\">#Pensiile<\/a> s\u0103 fie majorate cu 11%- <a href=\"https:\/\/www.facebook.com\/hashtag\/salariul?__eep__=6&amp;__cft__[0]=AZV_Ei0cJN7dkwQZUIEsqq8haUeFxHt53cNAhQrSsre8bQkz8EIemHnWSvQ7ZiQU4b7e0ctgPcR4bhlpU9sGBojZjhQCX0xhNdm8MuZQB6ELCQ&amp;__tn__=*NK-R\">#Salariul<\/a> minim s\u0103 creasc\u0103 de la 2.300 la 2.550 de lei&#8221;- declara\u0163ie pre\u015fedinte PSD Giurgiu, deputat Marian Mina<\/p>\n","protected":false},"excerpt":{"rendered":"<p>&#8222;Nu negociem VIA\u0162A rom\u00e2nilor! Milioane de oameni vor avea de suferit din cauza cre\u015fterii uria\u015fe a pre\u0163urilor la energie, alimente, medicamente, c\u0103ldur\u0103. \u015ei, dac\u0103 nu lu\u0103m m\u0103suri ACUM, nu doar boala o s\u0103 decimeze \u0163ara noastr\u0103, ci \u015fi foamea, frigul \u015fi s\u0103r\u0103cia! Aloca\u021biile, pensiile \u0219i salariul minim TREBUIE s\u0103 creasc\u0103! Altfel, rom\u00e2nii nu vor mai [&hellip;]<\/p>\n","protected":false},"author":1,"featured_media":76141,"comment_status":"open","ping_status":"open","sticky":false,"template":"","format":"standard","meta":{"slim_seo":{"title":"Deputat Marian Mina: \"Nu negociem VIA\u0162A rom\u00e2nilor!\" - GIURGIU NET","description":"\"Nu negociem VIA\u0162A rom\u00e2nilor! Milioane de oameni vor avea de suferit din cauza cre\u015fterii uria\u015fe a pre\u0163urilor la energie, alimente, medicamente, c\u0103ldur\u0103. \u015ei, dac"},"footnotes":""},"categories":[18,19,25,26,28],"tags":[1626],"class_list":{"0":"post-76140","1":"post","2":"type-post","3":"status-publish","4":"format-standard","5":"has-post-thumbnail","7":"category-actual","8":"category-adm","9":"category-pol","10":"category-soc","11":"category-uo","12":"tag-marian-mina"},"_links":{"self":[{"href":"https:\/\/giurgiu-net.ro\/index.php\/wp-json\/wp\/v2\/posts\/76140","targetHints":{"allow":["GET"]}}],"collection":[{"href":"https:\/\/giurgiu-net.ro\/index.php\/wp-json\/wp\/v2\/posts"}],"about":[{"href":"https:\/\/giurgiu-net.ro\/index.php\/wp-json\/wp\/v2\/types\/post"}],"author":[{"embeddable":true,"href":"https:\/\/giurgiu-net.ro\/index.php\/wp-json\/wp\/v2\/users\/1"}],"replies":[{"embeddable":true,"href":"https:\/\/giurgiu-net.ro\/index.php\/wp-json\/wp\/v2\/comments?post=76140"}],"version-history":[{"count":0,"href":"https:\/\/giurgiu-net.ro\/index.php\/wp-json\/wp\/v2\/posts\/76140\/revisions"}],"wp:featuredmedia":[{"embeddable":true,"href":"https:\/\/giurgiu-net.ro\/index.php\/wp-json\/"}],"wp:attachment":[{"href":"https:\/\/giurgiu-net.ro\/index.php\/wp-json\/wp\/v2\/media?parent=76140"}],"wp:term":[{"taxonomy":"category","embeddable":true,"href":"https:\/\/giurgiu-net.ro\/index.php\/wp-json\/wp\/v2\/categories?post=76140"},{"taxonomy":"post_tag","embeddable":true,"href":"https:\/\/giurgiu-net.ro\/index.php\/wp-json\/wp\/v2\/tags?post=76140"}],"curies":[{"name":"wp","href":"https:\/\/api.w.org\/{rel}","templated":true}]}}