{"id":76101,"date":"2021-11-10T13:13:53","date_gmt":"2021-11-10T11:13:53","guid":{"rendered":"http:\/\/giurgiu-net.ro\/?p=76101"},"modified":"2021-11-10T13:13:53","modified_gmt":"2021-11-10T11:13:53","slug":"surse-cazuri-de-covid-in-consiliul-judetean-giurgiu-dsp-a-demarat-sau-nu-anchete-epidemiologice","status":"publish","type":"post","link":"https:\/\/giurgiu-net.ro\/index.php\/2021\/11\/10\/surse-cazuri-de-covid-in-consiliul-judetean-giurgiu-dsp-a-demarat-sau-nu-anchete-epidemiologice\/","title":{"rendered":"SURSE: Cazuri de COVID \u00een Consiliul Jude\u0163ean Giurgiu. DSP a demarat sau nu anchete epidemiologice?"},"content":{"rendered":"\n<p>Avem informa\u0163ii potrivit c\u0103rora mai mul\u0163i angaja\u0163i ai Consiliului Jude\u0163ean Giurgiu au fost diagnostica\u0163i cu noul coronavirus.<\/p>\n\n\n\n<p>Cerem public conducerii CJ Giurgiu, dar \u015fi Direc\u0163iei de S\u0103n\u0103tate Public\u0103(DSP) s\u0103 le comunice giurgiuvenilor care este situa\u0163ia din acest punct de vedere!<\/p>\n\n\n\n<p>De asemenea, cerem DSP s\u0103 transmit\u0103 dac\u0103 au fost demarate <strong>anchete epidemiologice<\/strong> \u00een Consiliul Jude\u0163ean Giurgiu, dac\u0103 dintre cei care au intrat \u00een contact cu persoanele infectate <strong>au simptome<\/strong>, <strong>au fost testa\u0163i \u015fi au intrat \u00een izolare<\/strong>!<\/p>\n\n\n\n<p>Dac\u0103 ni se va spune c\u0103 persoanele care au intrat \u00een contact cu bolnavii de covid erau vaccinate, le reamintim c\u0103:<\/p>\n\n\n\n<p>\u201c<strong>\u00cen primul r\u00e2nd, indiferent c\u0103 suntem sau nu imuniza\u021bi \u00eempotriva coronavirusului, dup\u0103 ce am intrat \u00een contact cu o persoan\u0103 care a fost testat\u0103 pozitiv cu Covid, intr\u0103m automat \u00eentr-o\u00a0anchet\u0103 epidemiologic\u0103<\/strong>.<\/p>\n\n\n\n<p>(\u2026) De exemplu, cei imuniza\u021bi pot lua virusul, de\u0219i aceste cazuri sunt destul de rare, \u00eens\u0103 de cele mai multe ori sunt asimptomatici. De asemenea, cei vaccina\u021bi pot transmite virusul mai departe, \u00een special c\u0103tre persoanele nevaccinate\u201d.<\/p>\n\n\n\n<p>Astfel, dac\u0103 e\u0219ti vaccinat \u0219i ai intrat \u00een contact cu cineva infectat cu Covid, pot exista urm\u0103toarele situa\u021bii:<\/p>\n\n\n\n<ul class=\"wp-block-list\"><li><strong>ai simptome specifice virusului<\/strong>, moment \u00een care e\u0219ti testat de c\u0103tre DSP, ca parte a anchetei epidemiologice. Dac\u0103 e\u0219ti confirmat pozitiv, indiferent c\u0103 e\u0219ti vaccinat sau nu, intri \u00een izolare timp de 14 zile de la data la care ai luat contact cu persoana infectat\u0103<\/li><li><strong>nu ai simptome specifice virusului<\/strong>, DSP nu te va testa, chiar dac\u0103 e\u0219ti trecut drept contact direct \u00een ancheta epidemiologic\u0103, \u0219i astfel e\u0219ti scutit de obligativitatea izol\u0103rii pentru 14 zile, deoarece e\u0219ti vaccinat \u00eempotriva Covid.<\/li><\/ul>\n\n\n\n<p><strong>&#8211; surs\u0103 DIGI24<\/strong><\/p>\n\n\n\n<p>Pe de alt\u0103 parte, potrivit informa\u0163iilor noastre, \u00een timp ce pentru unii angaja\u0163i ai CJ Giurgiu ar fi fost da\u0163i bani ca s\u0103-\u015fi renoveze birourile, al\u0163ii au fost muta\u0163i c\u00e2te 5-6 \u00een aceea\u015fi \u00eenc\u0103pere. Cum se poate, astfel, asigura distan\u0163area fizic\u0103 \u015fi o minim\u0103 protec\u0163ie \u00eempotriva bolii? Poate, de asemenea, s\u0103 se sesizeze \u015fi ITM-ul \u015fi s\u0103 ancheteze dac\u0103 sunt respectate normele de s\u0103n\u0103tate \u015fi securitate \u00een munc\u0103, la CJ Giurgiu!<\/p>\n\n\n\n<p>Vom reveni cu am\u0103nunte!<\/p>\n","protected":false},"excerpt":{"rendered":"<p>Avem informa\u0163ii potrivit c\u0103rora mai mul\u0163i angaja\u0163i ai Consiliului Jude\u0163ean Giurgiu au fost diagnostica\u0163i cu noul coronavirus. Cerem public conducerii CJ Giurgiu, dar \u015fi Direc\u0163iei de S\u0103n\u0103tate Public\u0103(DSP) s\u0103 le comunice giurgiuvenilor care este situa\u0163ia din acest punct de vedere! De asemenea, cerem DSP s\u0103 transmit\u0103 dac\u0103 au fost demarate anchete epidemiologice \u00een Consiliul Jude\u0163ean [&hellip;]<\/p>\n","protected":false},"author":1,"featured_media":49412,"comment_status":"open","ping_status":"open","sticky":false,"template":"","format":"standard","meta":{"slim_seo":{"title":"SURSE: Cazuri de COVID \u00een Consiliul Jude\u0163ean Giurgiu. DSP a demarat sau nu anchete epidemiologice? - GIURGIU NET","description":"Avem informa\u0163ii potrivit c\u0103rora mai mul\u0163i angaja\u0163i ai Consiliului Jude\u0163ean Giurgiu au fost diagnostica\u0163i cu noul coronavirus. Cerem public conducerii CJ Giurgiu"},"footnotes":""},"categories":[18,19,26,28],"tags":[606],"class_list":{"0":"post-76101","1":"post","2":"type-post","3":"status-publish","4":"format-standard","5":"has-post-thumbnail","7":"category-actual","8":"category-adm","9":"category-soc","10":"category-uo","11":"tag-cj-giurgiu"},"_links":{"self":[{"href":"https:\/\/giurgiu-net.ro\/index.php\/wp-json\/wp\/v2\/posts\/76101","targetHints":{"allow":["GET"]}}],"collection":[{"href":"https:\/\/giurgiu-net.ro\/index.php\/wp-json\/wp\/v2\/posts"}],"about":[{"href":"https:\/\/giurgiu-net.ro\/index.php\/wp-json\/wp\/v2\/types\/post"}],"author":[{"embeddable":true,"href":"https:\/\/giurgiu-net.ro\/index.php\/wp-json\/wp\/v2\/users\/1"}],"replies":[{"embeddable":true,"href":"https:\/\/giurgiu-net.ro\/index.php\/wp-json\/wp\/v2\/comments?post=76101"}],"version-history":[{"count":0,"href":"https:\/\/giurgiu-net.ro\/index.php\/wp-json\/wp\/v2\/posts\/76101\/revisions"}],"wp:featuredmedia":[{"embeddable":true,"href":"https:\/\/giurgiu-net.ro\/index.php\/wp-json\/wp\/v2\/media\/49412"}],"wp:attachment":[{"href":"https:\/\/giurgiu-net.ro\/index.php\/wp-json\/wp\/v2\/media?parent=76101"}],"wp:term":[{"taxonomy":"category","embeddable":true,"href":"https:\/\/giurgiu-net.ro\/index.php\/wp-json\/wp\/v2\/categories?post=76101"},{"taxonomy":"post_tag","embeddable":true,"href":"https:\/\/giurgiu-net.ro\/index.php\/wp-json\/wp\/v2\/tags?post=76101"}],"curies":[{"name":"wp","href":"https:\/\/api.w.org\/{rel}","templated":true}]}}