{"id":76075,"date":"2021-11-07T07:19:00","date_gmt":"2021-11-07T05:19:00","guid":{"rendered":"http:\/\/giurgiu-net.ro\/?p=76075"},"modified":"2021-11-07T07:19:00","modified_gmt":"2021-11-07T05:19:00","slug":"deputatul-elena-dinu-se-alatura-campaniei-partajati-sarcinile-in-mod-egal-acasa-pentru-sanse-egale-la-locul-de-munca","status":"publish","type":"post","link":"https:\/\/giurgiu-net.ro\/index.php\/2021\/11\/07\/deputatul-elena-dinu-se-alatura-campaniei-partajati-sarcinile-in-mod-egal-acasa-pentru-sanse-egale-la-locul-de-munca\/","title":{"rendered":"Deputatul Elena Dinu se al\u0103tur\u0103 campaniei \u201ePartaja\u021bi sarcinile \u00een mod egal acas\u0103, pentru \u0219anse egale la locul de munc\u0103!\u201d"},"content":{"rendered":"\n<p>&#8222;Oric\u00e2t de obosit\u0103 ar fi dup\u0103 ce vine de la serviciu, o <a href=\"https:\/\/www.facebook.com\/hashtag\/femeie?__eep__=6&amp;__cft__[0]=AZXeOncCLGPPpT8FzNFcnbBKp0gzuLHCDrd9-ZkLq1PQ5MZ_nB9Mlg7Aq0TNi7fawfPagCP7heflRup7Wcl6i2UYwIxfXi6vD2zjf6eWuxWgSwYs93shbntC84S5nXkabZ0&amp;__tn__=*NK-R\">#femeie<\/a> trebuie s\u0103 se \u00eengrijeasc\u0103 \u015fi de familia ei, dar \u015fi de gospod\u0103rie, tot cu z\u00e2mbetul pe buze, cu aceea\u015fi eficien\u0163\u0103, acela\u015fi efort \u015fi cu la fel de mult\u0103 r\u0103bdare. \u015ei, oric\u00e2t de epuizat\u0103 ar fi dup\u0103 o zi de munc\u0103, trebuie s\u0103 se ocupe de \u00eengrijirea \u0219i educa\u021bia copiilor. Practic, munca ei NU se termin\u0103 niciodat\u0103! <a href=\"https:\/\/www.facebook.com\/hashtag\/femeile?__eep__=6&amp;__cft__[0]=AZXeOncCLGPPpT8FzNFcnbBKp0gzuLHCDrd9-ZkLq1PQ5MZ_nB9Mlg7Aq0TNi7fawfPagCP7heflRup7Wcl6i2UYwIxfXi6vD2zjf6eWuxWgSwYs93shbntC84S5nXkabZ0&amp;__tn__=*NK-R\">#Femeile<\/a> se dedic\u0103 \u00eentru totul at\u00e2t celor dragi, c\u00e2t \u015fi meseriei lor, f\u0103r\u0103 s\u0103 se pl\u00e2ng\u0103, dar asta nu \u00eenseamn\u0103 c\u0103 nu au nevoie de ajutor.<\/p>\n\n\n\n<p>Poate c\u0103 lucreaz\u0103 cot la cot cu b\u0103rba\u0163ii, acela\u015fi num\u0103r de ore pe zi, \u00eens\u0103 c\u00e2\u015ftig\u0103 mai pu\u0163in dec\u00e2t ace\u015ftia, \u00een unele domenii(de altfel, la nivel european, diferen\u021ba de salarizare dintre b\u0103rba\u021bi \u0219i femei este de 14,1%).<\/p>\n\n\n\n<p>Da, <a href=\"https:\/\/www.facebook.com\/hashtag\/egalitatea?__eep__=6&amp;__cft__[0]=AZXeOncCLGPPpT8FzNFcnbBKp0gzuLHCDrd9-ZkLq1PQ5MZ_nB9Mlg7Aq0TNi7fawfPagCP7heflRup7Wcl6i2UYwIxfXi6vD2zjf6eWuxWgSwYs93shbntC84S5nXkabZ0&amp;__tn__=*NK-R\">#egalitatea<\/a> \u00eentre femei \u015fi b\u0103rba\u0163i \u00eenseamn\u0103 \u015fi acelea\u015fi responsabilit\u0103\u0163i, dar \u015fi aceea\u015fi remunera\u0163ie. \u015ei este valabil \u00een ambele sensuri!<\/p>\n\n\n\n<p>De aceea, sus\u0163in \u015fi m\u0103 al\u0103tur <a href=\"https:\/\/www.facebook.com\/hashtag\/campaniei?__eep__=6&amp;__cft__[0]=AZXeOncCLGPPpT8FzNFcnbBKp0gzuLHCDrd9-ZkLq1PQ5MZ_nB9Mlg7Aq0TNi7fawfPagCP7heflRup7Wcl6i2UYwIxfXi6vD2zjf6eWuxWgSwYs93shbntC84S5nXkabZ0&amp;__tn__=*NK-R\">#campaniei<\/a> \u201ePartaja\u021bi sarcinile \u00een mod egal acas\u0103, pentru \u0219anse egale la locul de munc\u0103!\u201d ce marcheaz\u0103 Zilele Europeane ale Inegalit\u0103\u021bii Salariale, celebrate pe 10 noiembrie.<\/p>\n\n\n\n<p>Este un prim pas spre a reu\u015fi \u00eempreun\u0103 s\u0103 echilibr\u0103m situa\u021bia profesional\u0103, respectiv financiar\u0103, a femeilor din Rom\u00e2nia!&#8221;- deputat PSD de Giurgiu Cristina Elena Dinu.<\/p>\n","protected":false},"excerpt":{"rendered":"<p>&#8222;Oric\u00e2t de obosit\u0103 ar fi dup\u0103 ce vine de la serviciu, o #femeie trebuie s\u0103 se \u00eengrijeasc\u0103 \u015fi de familia ei, dar \u015fi de gospod\u0103rie, tot cu z\u00e2mbetul pe buze, cu aceea\u015fi eficien\u0163\u0103, acela\u015fi efort \u015fi cu la fel de mult\u0103 r\u0103bdare. \u015ei, oric\u00e2t de epuizat\u0103 ar fi dup\u0103 o zi de munc\u0103, trebuie s\u0103 [&hellip;]<\/p>\n","protected":false},"author":1,"featured_media":76076,"comment_status":"open","ping_status":"open","sticky":false,"template":"","format":"standard","meta":{"slim_seo":{"title":"Deputatul Elena Dinu se al\u0103tur\u0103 campaniei \u201ePartaja\u021bi sarcinile \u00een mod egal acas\u0103, pentru \u0219anse egale la locul de munc\u0103!\u201d - GIURGIU NET","description":"\"Oric\u00e2t de obosit\u0103 ar fi dup\u0103 ce vine de la serviciu, o #femeie trebuie s\u0103 se \u00eengrijeasc\u0103 \u015fi de familia ei, dar \u015fi de gospod\u0103rie, tot cu z\u00e2mbetul pe buze, cu ac"},"footnotes":""},"categories":[18,26,28],"tags":[1025],"class_list":{"0":"post-76075","1":"post","2":"type-post","3":"status-publish","4":"format-standard","5":"has-post-thumbnail","7":"category-actual","8":"category-soc","9":"category-uo","10":"tag-elena-dinu"},"_links":{"self":[{"href":"https:\/\/giurgiu-net.ro\/index.php\/wp-json\/wp\/v2\/posts\/76075","targetHints":{"allow":["GET"]}}],"collection":[{"href":"https:\/\/giurgiu-net.ro\/index.php\/wp-json\/wp\/v2\/posts"}],"about":[{"href":"https:\/\/giurgiu-net.ro\/index.php\/wp-json\/wp\/v2\/types\/post"}],"author":[{"embeddable":true,"href":"https:\/\/giurgiu-net.ro\/index.php\/wp-json\/wp\/v2\/users\/1"}],"replies":[{"embeddable":true,"href":"https:\/\/giurgiu-net.ro\/index.php\/wp-json\/wp\/v2\/comments?post=76075"}],"version-history":[{"count":0,"href":"https:\/\/giurgiu-net.ro\/index.php\/wp-json\/wp\/v2\/posts\/76075\/revisions"}],"wp:featuredmedia":[{"embeddable":true,"href":"https:\/\/giurgiu-net.ro\/index.php\/wp-json\/"}],"wp:attachment":[{"href":"https:\/\/giurgiu-net.ro\/index.php\/wp-json\/wp\/v2\/media?parent=76075"}],"wp:term":[{"taxonomy":"category","embeddable":true,"href":"https:\/\/giurgiu-net.ro\/index.php\/wp-json\/wp\/v2\/categories?post=76075"},{"taxonomy":"post_tag","embeddable":true,"href":"https:\/\/giurgiu-net.ro\/index.php\/wp-json\/wp\/v2\/tags?post=76075"}],"curies":[{"name":"wp","href":"https:\/\/api.w.org\/{rel}","templated":true}]}}