{"id":76050,"date":"2021-11-03T13:24:59","date_gmt":"2021-11-03T11:24:59","guid":{"rendered":"http:\/\/giurgiu-net.ro\/?p=76050"},"modified":"2021-11-03T13:24:59","modified_gmt":"2021-11-03T11:24:59","slug":"deputat-cristina-elena-dinu-stiti-vorba-aceea-cand-vulpea-nu-ajunge-la-struguri-spune-ca-sunt-acri-nu-asa-si-usr-ul-acum","status":"publish","type":"post","link":"https:\/\/giurgiu-net.ro\/index.php\/2021\/11\/03\/deputat-cristina-elena-dinu-stiti-vorba-aceea-cand-vulpea-nu-ajunge-la-struguri-spune-ca-sunt-acri-nu-asa-si-usr-ul-acum\/","title":{"rendered":"Deputat Cristina Elena Dinu: &#8222;\u015eti\u0163i vorba aceea \u201ec\u00e2nd vulpea nu ajunge la struguri spune c\u0103 sunt acri!, nu? A\u015fa \u015fi USR-ul, acum&#8221;"},"content":{"rendered":"\n<p>&#8222;\u015eti\u0163i vorba aceea \u201ec\u00e2nd vulpea nu ajunge la struguri spune c\u0103 sunt acri!\u201d, nu? A\u015fa \u015fi USR-ul, acum. Nu ar trebui s\u0103 uit\u0103m, \u00eens\u0103, c\u0103 <a href=\"https:\/\/www.facebook.com\/hashtag\/dezastrul?__eep__=6&amp;__cft__[0]=AZVaTtgfdvKQglzz2tyrgedrYKYhOXRFegEu6O8YzA97Gj1Yt70aTXrsVNjl7DGGd6b1rcM7rvGcInx8X3Bq1dUmnEGeryoe-hDBEDUqmVIzXYVGryVvZCkzbzcNcmgUy7_-gsqGwQnnhi35w14kXGUh27nJxyF_iIaUG87uLMUVNQ&amp;__tn__=*NK-R\">#dezastrul<\/a> din Rom\u00e2nia s-a declan\u015fat cu USR la guvernare. Iar catastrofa s-a instalat tot din cauza lor, dup\u0103 ce, ca ni\u015fte copii r\u0103sf\u0103\u0163a\u0163i, au p\u0103r\u0103sit Palatul Victoria, fiind, astfel, artizani ai actualei <a href=\"https:\/\/www.facebook.com\/hashtag\/crize?__eep__=6&amp;__cft__[0]=AZVaTtgfdvKQglzz2tyrgedrYKYhOXRFegEu6O8YzA97Gj1Yt70aTXrsVNjl7DGGd6b1rcM7rvGcInx8X3Bq1dUmnEGeryoe-hDBEDUqmVIzXYVGryVvZCkzbzcNcmgUy7_-gsqGwQnnhi35w14kXGUh27nJxyF_iIaUG87uLMUVNQ&amp;__tn__=*NK-R\">#crize<\/a> politice. Efectele ac\u0163iunilor lor iresponsabile \u015fi imature sunt <a href=\"https:\/\/www.facebook.com\/hashtag\/devastatoare?__eep__=6&amp;__cft__[0]=AZVaTtgfdvKQglzz2tyrgedrYKYhOXRFegEu6O8YzA97Gj1Yt70aTXrsVNjl7DGGd6b1rcM7rvGcInx8X3Bq1dUmnEGeryoe-hDBEDUqmVIzXYVGryVvZCkzbzcNcmgUy7_-gsqGwQnnhi35w14kXGUh27nJxyF_iIaUG87uLMUVNQ&amp;__tn__=*NK-R\">#devastatoare<\/a>, ambi\u0163iile lor neav\u00e2nd nicio leg\u0103tur\u0103 cu bun\u0103starea rom\u00e2nilor. Via\u0163a cet\u0103\u0163enilor s-a \u00eenr\u0103ut\u0103\u0163it \u015fi din cauza lor \u0163ara noastr\u0103 traverseaz\u0103 cea mai grea perioad\u0103, de 30 de ani \u00eencoace. Oric\u00e2t ar \u00eencerca s\u0103 distrag\u0103 aten\u0163ia de la aceste fapte, ei poart\u0103 \u00eentreaga vin\u0103 pentru ceea ce ni se \u00eent\u00e2mpl\u0103 acum.<a href=\"https:\/\/www.facebook.com\/hashtag\/pandemia?__eep__=6&amp;__cft__[0]=AZVaTtgfdvKQglzz2tyrgedrYKYhOXRFegEu6O8YzA97Gj1Yt70aTXrsVNjl7DGGd6b1rcM7rvGcInx8X3Bq1dUmnEGeryoe-hDBEDUqmVIzXYVGryVvZCkzbzcNcmgUy7_-gsqGwQnnhi35w14kXGUh27nJxyF_iIaUG87uLMUVNQ&amp;__tn__=*NK-R\">#Pandemia<\/a> a f\u0103cut pr\u0103p\u0103d. <\/p>\n\n\n\n<p>De la \u00eenceputul lunii septembrie \u015fi p\u00e2n\u0103 \u00een prezent, au murit peste 14.000 de rom\u00e2ni din cauza COVID. 591 de rom\u00e2ni, doar \u00een ultimele 24 de ore. Ca pe timp de <a href=\"https:\/\/www.facebook.com\/hashtag\/r%C4%83zboi?__eep__=6&amp;__cft__[0]=AZVaTtgfdvKQglzz2tyrgedrYKYhOXRFegEu6O8YzA97Gj1Yt70aTXrsVNjl7DGGd6b1rcM7rvGcInx8X3Bq1dUmnEGeryoe-hDBEDUqmVIzXYVGryVvZCkzbzcNcmgUy7_-gsqGwQnnhi35w14kXGUh27nJxyF_iIaUG87uLMUVNQ&amp;__tn__=*NK-R\">#r\u0103zboi<\/a>! Coco\u0163a\u0163i \u00een fruntea unor ministere cheie, printre care \u015fi cel al <a href=\"https:\/\/www.facebook.com\/hashtag\/s%C4%83n%C4%83t%C4%83%C5%A3ii?__eep__=6&amp;__cft__[0]=AZVaTtgfdvKQglzz2tyrgedrYKYhOXRFegEu6O8YzA97Gj1Yt70aTXrsVNjl7DGGd6b1rcM7rvGcInx8X3Bq1dUmnEGeryoe-hDBEDUqmVIzXYVGryVvZCkzbzcNcmgUy7_-gsqGwQnnhi35w14kXGUh27nJxyF_iIaUG87uLMUVNQ&amp;__tn__=*NK-R\">#S\u0103n\u0103t\u0103\u0163ii<\/a>, \u201eprogresi\u015ftii\u201d nu au f\u0103cut absolut nimic. Cu at\u00e2t mai pu\u0163in, pentru preg\u0103tirea valului 4. Au vrut doar s\u0103 se asigure c\u0103 vor avea <a href=\"https:\/\/www.facebook.com\/hashtag\/control?__eep__=6&amp;__cft__[0]=AZVaTtgfdvKQglzz2tyrgedrYKYhOXRFegEu6O8YzA97Gj1Yt70aTXrsVNjl7DGGd6b1rcM7rvGcInx8X3Bq1dUmnEGeryoe-hDBEDUqmVIzXYVGryVvZCkzbzcNcmgUy7_-gsqGwQnnhi35w14kXGUh27nJxyF_iIaUG87uLMUVNQ&amp;__tn__=*NK-R\">#control<\/a> absolut asupra miliardelor promise pentru S\u0103n\u0103tate, prin PNRR. \u015ei iat\u0103 c\u0103 am ajuns pe primul loc \u00een lume la num\u0103rul de decese, <a href=\"https:\/\/www.facebook.com\/hashtag\/spitalele?__eep__=6&amp;__cft__[0]=AZVaTtgfdvKQglzz2tyrgedrYKYhOXRFegEu6O8YzA97Gj1Yt70aTXrsVNjl7DGGd6b1rcM7rvGcInx8X3Bq1dUmnEGeryoe-hDBEDUqmVIzXYVGryVvZCkzbzcNcmgUy7_-gsqGwQnnhi35w14kXGUh27nJxyF_iIaUG87uLMUVNQ&amp;__tn__=*NK-R\">#spitalele<\/a> nu mai au locuri pentru bolnavi, nu mai au nici medicamente, nici oxigen, iar \u00een foarte multe ora\u015fe, nu au nici c\u0103ldur\u0103. <\/p>\n\n\n\n<p>\u00cen plus, cre\u015fterea uria\u015f\u0103 a facturilor la energie \u015fi gaze a dus la o <a href=\"https:\/\/www.facebook.com\/hashtag\/explozie?__eep__=6&amp;__cft__[0]=AZVaTtgfdvKQglzz2tyrgedrYKYhOXRFegEu6O8YzA97Gj1Yt70aTXrsVNjl7DGGd6b1rcM7rvGcInx8X3Bq1dUmnEGeryoe-hDBEDUqmVIzXYVGryVvZCkzbzcNcmgUy7_-gsqGwQnnhi35w14kXGUh27nJxyF_iIaUG87uLMUVNQ&amp;__tn__=*NK-R\">#explozie<\/a> \u00een lan\u0163 a tuturor pre\u0163urilor, peste 100.000 de firme risc\u0103 s\u0103 se \u00eenchid\u0103, sute de mii de oameni sunt \u00een pragul \u0219omajului, milioane de <a href=\"https:\/\/www.facebook.com\/hashtag\/oameni?__eep__=6&amp;__cft__[0]=AZVaTtgfdvKQglzz2tyrgedrYKYhOXRFegEu6O8YzA97Gj1Yt70aTXrsVNjl7DGGd6b1rcM7rvGcInx8X3Bq1dUmnEGeryoe-hDBEDUqmVIzXYVGryVvZCkzbzcNcmgUy7_-gsqGwQnnhi35w14kXGUh27nJxyF_iIaUG87uLMUVNQ&amp;__tn__=*NK-R\">#oameni<\/a> \u00eenghea\u021b\u0103 \u00een case, iar Rom\u00e2nia a ajuns s\u0103 tr\u0103iasc\u0103 pe datorie. Dincolo de discursurile lor pline de <a href=\"https:\/\/www.facebook.com\/hashtag\/stereotipuri?__eep__=6&amp;__cft__[0]=AZVaTtgfdvKQglzz2tyrgedrYKYhOXRFegEu6O8YzA97Gj1Yt70aTXrsVNjl7DGGd6b1rcM7rvGcInx8X3Bq1dUmnEGeryoe-hDBEDUqmVIzXYVGryVvZCkzbzcNcmgUy7_-gsqGwQnnhi35w14kXGUh27nJxyF_iIaUG87uLMUVNQ&amp;__tn__=*NK-R\">#stereotipuri<\/a> care nu mai p\u0103c\u0103lesc pe nimeni \u015fi prin care \u00eencearc\u0103 dea vina pe oricine altcineva \u00een afar\u0103 de ei, <a href=\"https:\/\/www.facebook.com\/hashtag\/realitatea?__eep__=6&amp;__cft__[0]=AZVaTtgfdvKQglzz2tyrgedrYKYhOXRFegEu6O8YzA97Gj1Yt70aTXrsVNjl7DGGd6b1rcM7rvGcInx8X3Bq1dUmnEGeryoe-hDBEDUqmVIzXYVGryVvZCkzbzcNcmgUy7_-gsqGwQnnhi35w14kXGUh27nJxyF_iIaUG87uLMUVNQ&amp;__tn__=*NK-R\">#realitatea<\/a> este c\u0103 au avut Puterea \u015fi n-au folosit-o dec\u00e2t \u00een scop personal&#8221;- declara\u0163ie de pres\u0103 deputat PSD de Giurgiu Cristina Elena Dinu.<a href=\"https:\/\/www.facebook.com\/CristinaElenaDinuu\/photos\/a.189696038152954\/1353681398421073\/?__cft__[0]=AZVaTtgfdvKQglzz2tyrgedrYKYhOXRFegEu6O8YzA97Gj1Yt70aTXrsVNjl7DGGd6b1rcM7rvGcInx8X3Bq1dUmnEGeryoe-hDBEDUqmVIzXYVGryVvZCkzbzcNcmgUy7_-gsqGwQnnhi35w14kXGUh27nJxyF_iIaUG87uLMUVNQ&amp;__tn__=EH-R\"><\/a><\/p>\n","protected":false},"excerpt":{"rendered":"<p>&#8222;\u015eti\u0163i vorba aceea \u201ec\u00e2nd vulpea nu ajunge la struguri spune c\u0103 sunt acri!\u201d, nu? A\u015fa \u015fi USR-ul, acum. Nu ar trebui s\u0103 uit\u0103m, \u00eens\u0103, c\u0103 #dezastrul din Rom\u00e2nia s-a declan\u015fat cu USR la guvernare. Iar catastrofa s-a instalat tot din cauza lor, dup\u0103 ce, ca ni\u015fte copii r\u0103sf\u0103\u0163a\u0163i, au p\u0103r\u0103sit Palatul Victoria, fiind, astfel, artizani [&hellip;]<\/p>\n","protected":false},"author":1,"featured_media":76051,"comment_status":"open","ping_status":"open","sticky":false,"template":"","format":"standard","meta":{"slim_seo":{"title":"Deputat Cristina Elena Dinu: \"\u015eti\u0163i vorba aceea \u201ec\u00e2nd vulpea nu ajunge la struguri spune c\u0103 sunt acri!, nu? A\u015fa \u015fi USR-ul, acum\" - GIURGIU NET","description":"\"\u015eti\u0163i vorba aceea \u201ec\u00e2nd vulpea nu ajunge la struguri spune c\u0103 sunt acri!\u201d, nu? A\u015fa \u015fi USR-ul, acum. Nu ar trebui s\u0103 uit\u0103m, \u00eens\u0103, c\u0103 #dezastrul din Rom\u00e2nia s-a"},"footnotes":""},"categories":[18,19,25,26,28],"tags":[1025],"class_list":{"0":"post-76050","1":"post","2":"type-post","3":"status-publish","4":"format-standard","5":"has-post-thumbnail","7":"category-actual","8":"category-adm","9":"category-pol","10":"category-soc","11":"category-uo","12":"tag-elena-dinu"},"_links":{"self":[{"href":"https:\/\/giurgiu-net.ro\/index.php\/wp-json\/wp\/v2\/posts\/76050","targetHints":{"allow":["GET"]}}],"collection":[{"href":"https:\/\/giurgiu-net.ro\/index.php\/wp-json\/wp\/v2\/posts"}],"about":[{"href":"https:\/\/giurgiu-net.ro\/index.php\/wp-json\/wp\/v2\/types\/post"}],"author":[{"embeddable":true,"href":"https:\/\/giurgiu-net.ro\/index.php\/wp-json\/wp\/v2\/users\/1"}],"replies":[{"embeddable":true,"href":"https:\/\/giurgiu-net.ro\/index.php\/wp-json\/wp\/v2\/comments?post=76050"}],"version-history":[{"count":0,"href":"https:\/\/giurgiu-net.ro\/index.php\/wp-json\/wp\/v2\/posts\/76050\/revisions"}],"wp:featuredmedia":[{"embeddable":true,"href":"https:\/\/giurgiu-net.ro\/index.php\/wp-json\/"}],"wp:attachment":[{"href":"https:\/\/giurgiu-net.ro\/index.php\/wp-json\/wp\/v2\/media?parent=76050"}],"wp:term":[{"taxonomy":"category","embeddable":true,"href":"https:\/\/giurgiu-net.ro\/index.php\/wp-json\/wp\/v2\/categories?post=76050"},{"taxonomy":"post_tag","embeddable":true,"href":"https:\/\/giurgiu-net.ro\/index.php\/wp-json\/wp\/v2\/tags?post=76050"}],"curies":[{"name":"wp","href":"https:\/\/api.w.org\/{rel}","templated":true}]}}