{"id":76035,"date":"2021-11-01T07:27:00","date_gmt":"2021-11-01T05:27:00","guid":{"rendered":"http:\/\/giurgiu-net.ro\/?p=76035"},"modified":"2021-11-01T07:27:00","modified_gmt":"2021-11-01T05:27:00","slug":"un-mini-cooper-si-un-bmw-x2-confiscate-in-vama-giurgiu","status":"publish","type":"post","link":"https:\/\/giurgiu-net.ro\/index.php\/2021\/11\/01\/un-mini-cooper-si-un-bmw-x2-confiscate-in-vama-giurgiu\/","title":{"rendered":"Un Mini Cooper \u015fi un BMW X2, confiscate \u00een Vama Giurgiu"},"content":{"rendered":"\n<p><em>Poli\u0163i\u015ftii de frontier\u0103 din cadrul Punctului de Trecere a Frontierei Giurgiu au descoperit \u0219i indisponibilizat dou\u0103 autoturisme m\u0103rcile Mini Cooper \u0219i BMW X2 ce figurau \u00een bazele de date ca bunuri pentru confiscare, alerte introduse de autorit\u0103\u0163ile germane.\u00a0<\/em><\/p>\n\n\n\n<figure class=\"wp-block-image size-full\"><img decoding=\"async\" src=\"https:\/\/giurgiu-net.ro\/wp-content\/uploads\/2021\/11\/WhatsApp-Image-2021-11-01-at-09.48.16.jpeg\" alt=\"\" class=\"wp-image-76036\"\/><\/figure>\n\n\n\n<figure class=\"wp-block-image size-full\"><img decoding=\"async\" src=\"https:\/\/giurgiu-net.ro\/wp-content\/uploads\/2021\/11\/WhatsApp-Image-2021-11-01-at-09.48.17.jpeg\" alt=\"\" class=\"wp-image-76037\"\/><\/figure>\n\n\n\n<p>\u00cen ziua de 31.10.2021, \u00een jurul orei 14.30, \u00een Punctul de Trecere a Frontierei Giurgiu, s-a prezentat pentru efectuarea formalit\u0103\u0163ilor de frontier\u0103, un cet\u0103\u0163ean bulgar, \u00een v\u00e2rst\u0103 de 34 de ani, conduc\u00e2nd <em>o autoutilitar\u0103, pe a c\u0103rei platform\u0103 erau transportate dou\u0103 autoturisme, m\u0103rcile Mini Cooper \u0219i BMW X2, ani de fabrica\u021bie 2013 \u0219i 2018.<\/em><\/p>\n\n\n\n<p>Cu ocazia verific\u0103rilor suplimentare, poli\u021bi\u0219tii de frontier\u0103 giurgiuveni au constatat faptul c\u0103 cele dou\u0103 autoturisme transportate se aflau \u00een aten\u021bia autorit\u0103\u021bilor germane, figur\u00e2nd \u00een bazele de date ca bunuri c\u0103utate pentru confiscare. Alertele erau introduse de c\u0103tre&nbsp; autorit\u0103\u0163ile din Germania \u00een luna octombrie a acestui an. La verific\u0103ri \u0219oferul bulgar a declarat ca nu avea cuno\u0219tin\u021b\u0103 ca autovehiculele sunt \u00een litigiu, el av\u00e2nd responsabilitatea s\u0103 le transporte \u00een Bulgaria.<\/p>\n\n\n\n<p>\u00cen cauz\u0103, a fost \u00eentocmit dosar penal pentru s\u0103v\u00e2r\u0219irea infrac\u0163iunii de \u201e<em>t\u0103inuire la infrac\u021biunea de furt<\/em>\u201d, fapt\u0103 prev\u0103zut\u0103 de art. 270, alin 1 din Codul Penal, raportat la art. 228 din Codul Penal, iar autoturismele, \u00een valoare de 175.000 lei, au fost indisponibilizat de c\u0103tre poli\u021bi\u0219tii de frontier\u0103 p\u00e2n\u0103 la finalizarea cercet\u0103rilor.<\/p>\n\n\n\n<p>Comunicat de pres\u0103 ITPF Giurgiu<\/p>\n","protected":false},"excerpt":{"rendered":"<p>Poli\u0163i\u015ftii de frontier\u0103 din cadrul Punctului de Trecere a Frontierei Giurgiu au descoperit \u0219i indisponibilizat dou\u0103 autoturisme m\u0103rcile Mini Cooper \u0219i BMW X2 ce figurau \u00een bazele de date ca bunuri pentru confiscare, alerte introduse de autorit\u0103\u0163ile germane.\u00a0 \u00cen ziua de 31.10.2021, \u00een jurul orei 14.30, \u00een Punctul de Trecere a Frontierei Giurgiu, s-a prezentat [&hellip;]<\/p>\n","protected":false},"author":1,"featured_media":76036,"comment_status":"open","ping_status":"open","sticky":false,"template":"","format":"standard","meta":{"slim_seo":{"title":"Un Mini Cooper \u015fi un BMW X2, confiscate \u00een Vama Giurgiu - GIURGIU NET","description":"Poli\u0163i\u015ftii de frontier\u0103 din cadrul Punctului de Trecere a Frontierei Giurgiu au descoperit \u0219i indisponibilizat dou\u0103 autoturisme m\u0103rcile Mini Cooper \u0219i BMW X2 ce"},"footnotes":""},"categories":[18,26,28],"tags":[],"class_list":{"0":"post-76035","1":"post","2":"type-post","3":"status-publish","4":"format-standard","5":"has-post-thumbnail","7":"category-actual","8":"category-soc","9":"category-uo"},"_links":{"self":[{"href":"https:\/\/giurgiu-net.ro\/index.php\/wp-json\/wp\/v2\/posts\/76035","targetHints":{"allow":["GET"]}}],"collection":[{"href":"https:\/\/giurgiu-net.ro\/index.php\/wp-json\/wp\/v2\/posts"}],"about":[{"href":"https:\/\/giurgiu-net.ro\/index.php\/wp-json\/wp\/v2\/types\/post"}],"author":[{"embeddable":true,"href":"https:\/\/giurgiu-net.ro\/index.php\/wp-json\/wp\/v2\/users\/1"}],"replies":[{"embeddable":true,"href":"https:\/\/giurgiu-net.ro\/index.php\/wp-json\/wp\/v2\/comments?post=76035"}],"version-history":[{"count":0,"href":"https:\/\/giurgiu-net.ro\/index.php\/wp-json\/wp\/v2\/posts\/76035\/revisions"}],"wp:featuredmedia":[{"embeddable":true,"href":"https:\/\/giurgiu-net.ro\/index.php\/wp-json\/"}],"wp:attachment":[{"href":"https:\/\/giurgiu-net.ro\/index.php\/wp-json\/wp\/v2\/media?parent=76035"}],"wp:term":[{"taxonomy":"category","embeddable":true,"href":"https:\/\/giurgiu-net.ro\/index.php\/wp-json\/wp\/v2\/categories?post=76035"},{"taxonomy":"post_tag","embeddable":true,"href":"https:\/\/giurgiu-net.ro\/index.php\/wp-json\/wp\/v2\/tags?post=76035"}],"curies":[{"name":"wp","href":"https:\/\/api.w.org\/{rel}","templated":true}]}}