{"id":75939,"date":"2021-10-19T13:11:11","date_gmt":"2021-10-19T10:11:11","guid":{"rendered":"http:\/\/giurgiu-net.ro\/?p=75939"},"modified":"2021-10-19T13:11:11","modified_gmt":"2021-10-19T10:11:11","slug":"giurgiu-beianu-le-cere-bani-primarilor-pentru-spital-marian-mina-il-desfiinteaza-nu-face-altceva-decat-sa-dovedeasca-iarasi-ca-este-incapabil-sa-gestioneze-fondurile-institutiei-pe-care-o-condu","status":"publish","type":"post","link":"https:\/\/giurgiu-net.ro\/index.php\/2021\/10\/19\/giurgiu-beianu-le-cere-bani-primarilor-pentru-spital-marian-mina-il-desfiinteaza-nu-face-altceva-decat-sa-dovedeasca-iarasi-ca-este-incapabil-sa-gestioneze-fondurile-institutiei-pe-care-o-condu\/","title":{"rendered":"GIURGIU: Beianu le cere bani primarilor pentru Spital. Marian Mina \u00eel desfiin\u0163eaz\u0103: &#8222;Nu face altceva dec\u00e2t s\u0103 dovedeasc\u0103, iar\u0103\u015fi, c\u0103 este incapabil s\u0103 gestioneze fondurile institu\u0163iei pe care o conduce \u015fi este incapabil s\u0103-\u015fi conving\u0103 propriul guvern s\u0103 \u00eel ajute!&#8221;"},"content":{"rendered":"\n<p>Pre\u015fedintele PSD Giurgiu, deputatul Marian Mina a postat, pe pagina sa de Facebook, un mesaj dur la adresa pre\u015fedintelui CJ Giurgiu, Dumitru Beianu, dup\u0103 ce acesta a cerut primarilor bani, pe Whatsapp, pentru Spitalul Jude\u0163ean de Urgen\u0163\u0103 Giurgiu.<\/p>\n\n\n\n<p>Red\u0103m \u00eentreaga declara\u0163ie a lui Marian Mina: &#8222;<em><strong>La Giurgiu, nesim\u0163irea \u015fi tupeul <a href=\"https:\/\/web.facebook.com\/hashtag\/pnl?__eep__=6&amp;__cft__[0]=AZUZnfKsStvBEuBDWN9byFFZf3rgzZ_Ktrk3xjvAA-w9ET2fgZ70YmcvajTtiIRRHkYJ9jSk5BxXcoQfLmNvb7OAFp2EC040hN08EcvcOjezeDpF-wl_NU2JytdNRkTwZXasfXvredE6sE8YGVOU0DaO9ZZhKm8m3Atwr656zBjxyw&amp;__tn__=*NK-R\">#PNL<\/a>-i\u015ftilor \u00eentrec orice imagina\u0163ie! Pre\u015fedintele Consiliului Jude\u0163ean Giurgiu, Dumitru Beianu, \u00ee\u015fi recunoa\u015fte incompeten\u0163a administrativ\u0103 \u015fi le cere bani primarilor giurgiuveni pentru Spitalul Jude\u0163ean de Urgen\u0163\u0103(SJU) Giurgiu. Cum este posibil a\u015fa ceva?! Traseistul acesta frustrat \u015fi complexat nu face altceva dec\u00e2t s\u0103 dovedeasc\u0103, iar\u0103\u015fi, c\u0103 este <a href=\"https:\/\/web.facebook.com\/hashtag\/incapabil?__eep__=6&amp;__cft__[0]=AZUZnfKsStvBEuBDWN9byFFZf3rgzZ_Ktrk3xjvAA-w9ET2fgZ70YmcvajTtiIRRHkYJ9jSk5BxXcoQfLmNvb7OAFp2EC040hN08EcvcOjezeDpF-wl_NU2JytdNRkTwZXasfXvredE6sE8YGVOU0DaO9ZZhKm8m3Atwr656zBjxyw&amp;__tn__=*NK-R\">#incapabil<\/a> s\u0103 gestioneze fondurile institu\u0163iei pe care o conduce \u015fi este incapabil s\u0103-\u015fi conving\u0103 propriul guvern s\u0103 \u00eel ajute.<\/strong><\/em><\/p>\n\n\n\n<p><em>De\u015fi, noaptea trecut\u0103, \u00eemi dedica o postare \u00eentreag\u0103 pe Facebook, \u00een care m\u0103 asigura c\u0103 la Spital totul merge strun\u0103, adev\u0103rul este c\u0103 \u00een unitatea sanitar\u0103 este DEZASTRUL pe care l-am reclamat public \u015fi de care este RESPONSABIL!A avut la dispozi\u0163ie luni \u00eentregi ca s\u0103 preg\u0103teasc\u0103 SJU pentru valul 4 al pandemiei \u015fi s-au v\u0103zut \u201erezultatele\u201d: zeci de mor\u0163i, s\u0103pt\u0103m\u00e2nal, oameni a\u015ftept\u00e2nd s\u0103 fie salva\u0163i, dispera\u0163i, pe holuri, f\u0103r\u0103 medicamente \u015fi c\u0103ldur\u0103.Unde sunt sumele pe care trebuia s\u0103 le asigura\u0163i pentru Spital? V\u0103 pl\u0103ti\u0163i, cumva, datoriile c\u0103tre prietenii care v-au \u00eemprumutat, \u00een vremea \u00een care a\u0163i disp\u0103rut din peisajul politic giurgiuvean? Ave\u0163i poli\u0163e de pl\u0103tit celor care v-au scos pre\u015fedinte al CJ Giurgiu? <\/em><\/p>\n\n\n\n<p><strong>Cum s\u0103 \u00ee\u0163i permi\u0163i tu, PNL-ist care e\u015fti la fel de vinovat ca \u015fi guvernul t\u0103u dac\u0103 vor intra \u00een faliment multe dintre prim\u0103riile giurgiuvene, mai ales cele conduse de social-democra\u0163i, s\u0103 le ceri acum bani? I-a\u0163i executat financiar de 2 ani \u00eencoace, la toate aloc\u0103rile bugetare, i-a\u0163i pedepsit sistematic pentru c\u0103 au rezistat presiunilor voastre \u015fi acum le cere\u0163i ajutor? <\/strong><\/p>\n\n\n\n<p>Nici primarii PNL nu sunt mai c\u00e2\u015ftiga\u0163i cu voi la conducerea \u0163\u0103rii, v\u0103 garantez!Dar, asta \u00eenseamn\u0103 s\u0103 fii PNL-ist ipocrit \u015fi nesim\u0163it!<\/p>\n\n\n\n<p><strong><em>Tot azi-noapte, dl. Beianu \u00eemi trimitea, tot pe Facebook, mesaje de la prefecta de Giurgiu! Voi chiar a\u0163i pierdut sim\u0163ul realit\u0103\u0163ii \u015fi nu ave\u0163i ce face, \u00een miez de noapte, dec\u00e2t s\u0103 v\u0103 \u0163ine\u0163i de b\u00e2rfe politice? \u00cei b\u0103ga\u0163i \u00een morm\u00e2nt pe giurgiuveni, asta face\u0163i \u015fi, dac\u0103 nu mor acum de boal\u0103, \u00eei ve\u0163i omor\u00ee prin s\u0103r\u0103cie, foame, \u00eentuneric \u015fi frig!&#8221;<\/em><\/strong><\/p>\n\n\n\n<figure class=\"wp-block-gallery columns-3 is-cropped wp-block-gallery-1 is-layout-flex wp-block-gallery-is-layout-flex\"><ul class=\"blocks-gallery-grid\"><li class=\"blocks-gallery-item\"><figure><a href=\"https:\/\/giurgiu-net.ro\/wp-content\/uploads\/2021\/10\/Screenshot_20211019_122354_com.whatsapp.jpg\"><img decoding=\"async\" src=\"https:\/\/giurgiu-net.ro\/wp-content\/uploads\/2021\/10\/Screenshot_20211019_122354_com.whatsapp-172x300.jpg\" alt=\"\" data-id=\"75940\" data-full-url=\"https:\/\/giurgiu-net.ro\/wp-content\/uploads\/2021\/10\/Screenshot_20211019_122354_com.whatsapp.jpg\" data-link=\"https:\/\/giurgiu-net.ro\/?attachment_id=75940\" class=\"wp-image-75940\"\/><\/a><\/figure><\/li><li class=\"blocks-gallery-item\"><figure><a href=\"https:\/\/giurgiu-net.ro\/wp-content\/uploads\/2021\/10\/Screenshot_20211019_122401_com.whatsapp.jpg\"><img decoding=\"async\" src=\"https:\/\/giurgiu-net.ro\/wp-content\/uploads\/2021\/10\/Screenshot_20211019_122401_com.whatsapp-168x300.jpg\" alt=\"\" data-id=\"75941\" data-full-url=\"https:\/\/giurgiu-net.ro\/wp-content\/uploads\/2021\/10\/Screenshot_20211019_122401_com.whatsapp.jpg\" data-link=\"https:\/\/giurgiu-net.ro\/?attachment_id=75941\" class=\"wp-image-75941\"\/><\/a><\/figure><\/li><li class=\"blocks-gallery-item\"><figure><a href=\"https:\/\/giurgiu-net.ro\/wp-content\/uploads\/2021\/10\/Screenshot_20211019_122419_com.whatsapp.jpg\"><img decoding=\"async\" src=\"https:\/\/giurgiu-net.ro\/wp-content\/uploads\/2021\/10\/Screenshot_20211019_122419_com.whatsapp-169x300.jpg\" alt=\"\" data-id=\"75942\" data-full-url=\"https:\/\/giurgiu-net.ro\/wp-content\/uploads\/2021\/10\/Screenshot_20211019_122419_com.whatsapp.jpg\" data-link=\"https:\/\/giurgiu-net.ro\/?attachment_id=75942\" class=\"wp-image-75942\"\/><\/a><\/figure><\/li><\/ul><figcaption class=\"blocks-gallery-caption\">Surs\u0103 foto: FB- Marian Mina<\/figcaption><\/figure>\n","protected":false},"excerpt":{"rendered":"<p>Pre\u015fedintele PSD Giurgiu, deputatul Marian Mina a postat, pe pagina sa de Facebook, un mesaj dur la adresa pre\u015fedintelui CJ Giurgiu, Dumitru Beianu, dup\u0103 ce acesta a cerut primarilor bani, pe Whatsapp, pentru Spitalul Jude\u0163ean de Urgen\u0163\u0103 Giurgiu. Red\u0103m \u00eentreaga declara\u0163ie a lui Marian Mina: &#8222;La Giurgiu, nesim\u0163irea \u015fi tupeul #PNL-i\u015ftilor \u00eentrec orice imagina\u0163ie! Pre\u015fedintele [&hellip;]<\/p>\n","protected":false},"author":1,"featured_media":75899,"comment_status":"open","ping_status":"open","sticky":false,"template":"","format":"standard","meta":{"slim_seo":{"title":"GIURGIU: Beianu le cere bani primarilor pentru Spital. Marian Mina \u00eel desfiin\u0163eaz\u0103: \"Nu face altceva dec\u00e2t s\u0103 dovedeasc\u0103, iar\u0103\u015fi, c\u0103 este incapabil s\u0103 gestioneze fondurile institu\u0163iei pe care o conduce \u015fi este incapabil s\u0103-\u015fi conving\u0103 propriul guvern s\u0103 \u00eel ajute!\" - GIURGIU NET","description":"Pre\u015fedintele PSD Giurgiu, deputatul Marian Mina a postat, pe pagina sa de Facebook, un mesaj dur la adresa pre\u015fedintelui CJ Giurgiu, Dumitru Beianu, dup\u0103 ce ace"},"footnotes":""},"categories":[18,19,25,26,28],"tags":[1004,1626],"class_list":{"0":"post-75939","1":"post","2":"type-post","3":"status-publish","4":"format-standard","5":"has-post-thumbnail","7":"category-actual","8":"category-adm","9":"category-pol","10":"category-soc","11":"category-uo","12":"tag-dumitru-beianu","13":"tag-marian-mina"},"_links":{"self":[{"href":"https:\/\/giurgiu-net.ro\/index.php\/wp-json\/wp\/v2\/posts\/75939","targetHints":{"allow":["GET"]}}],"collection":[{"href":"https:\/\/giurgiu-net.ro\/index.php\/wp-json\/wp\/v2\/posts"}],"about":[{"href":"https:\/\/giurgiu-net.ro\/index.php\/wp-json\/wp\/v2\/types\/post"}],"author":[{"embeddable":true,"href":"https:\/\/giurgiu-net.ro\/index.php\/wp-json\/wp\/v2\/users\/1"}],"replies":[{"embeddable":true,"href":"https:\/\/giurgiu-net.ro\/index.php\/wp-json\/wp\/v2\/comments?post=75939"}],"version-history":[{"count":0,"href":"https:\/\/giurgiu-net.ro\/index.php\/wp-json\/wp\/v2\/posts\/75939\/revisions"}],"wp:featuredmedia":[{"embeddable":true,"href":"https:\/\/giurgiu-net.ro\/index.php\/wp-json\/wp\/v2\/media\/75899"}],"wp:attachment":[{"href":"https:\/\/giurgiu-net.ro\/index.php\/wp-json\/wp\/v2\/media?parent=75939"}],"wp:term":[{"taxonomy":"category","embeddable":true,"href":"https:\/\/giurgiu-net.ro\/index.php\/wp-json\/wp\/v2\/categories?post=75939"},{"taxonomy":"post_tag","embeddable":true,"href":"https:\/\/giurgiu-net.ro\/index.php\/wp-json\/wp\/v2\/tags?post=75939"}],"curies":[{"name":"wp","href":"https:\/\/api.w.org\/{rel}","templated":true}]}}