{"id":75885,"date":"2021-10-13T17:02:26","date_gmt":"2021-10-13T14:02:26","guid":{"rendered":"http:\/\/giurgiu-net.ro\/?p=75885"},"modified":"2021-10-13T17:02:26","modified_gmt":"2021-10-13T14:02:26","slug":"deputat-marian-mina-invitatie-catre-giurgiuveni-sa-semneze-petitia-privind-plafonarea-preturilor","status":"publish","type":"post","link":"https:\/\/giurgiu-net.ro\/index.php\/2021\/10\/13\/deputat-marian-mina-invitatie-catre-giurgiuveni-sa-semneze-petitia-privind-plafonarea-preturilor\/","title":{"rendered":"Deputatul Marian Mina, invita\u0163ie c\u0103tre giurgiuveni s\u0103 semneze peti\u0163ia privind plafonarea pre\u0163urilor"},"content":{"rendered":"\n<p>&#8222;Am reu\u015fit s\u0103 depunem \u00een Parlament Legea pentru plafonarea pre\u0163urilor la energie \u015fi gaze! Proiectul <a href=\"https:\/\/www.facebook.com\/hashtag\/psd?__eep__=6&amp;__cft__[0]=AZX7N-aHg7LzlJ3T_EpTd30ojkKvn1oy9GVUKCz_JmB3c7coaNTFKB62iolEWxWNFhWVBGtRlIapNQaCXtUp10xjB8Q3-3PyS8e4m6A7rkcACbBFccpUSU9rVeF2TvtilBM&amp;__tn__=*NK-R\">#PSD<\/a> reprezint\u0103 singura solu\u021bie concret\u0103 prin care: <\/p>\n\n\n\n<p>&#8211; Facturile la energie electric\u0103 se vor REDUCE cu p\u00e2n\u0103 la 43%<\/p>\n\n\n\n<p>&#8211; Facturile la gaz se vor reduce cu 23%<\/p>\n\n\n\n<p>&#8211; Consumatorii vor primi \u0219i o COMPENSA\u0162IE pentru major\u0103rile de pre\u021b operate deja de furnizori <\/p>\n\n\n\n<p> Este INTERZIS\u0102 orice scumpire a pre\u021burilor energiei \u0219i gazelor, \u00een urm\u0103toarele 6 luniAvem nevoie de c\u00e2t mai multe semn\u0103turi pentru a-i convinge \u015fi pe parlamentarii din celelalte partide s\u0103 voteze proiectul de lege!EU am semnat, semneaz\u0103 \u015fi TU! <\/p>\n\n\n\n<p><a rel=\"noreferrer noopener\" href=\"https:\/\/l.facebook.com\/l.php?u=https%3A%2F%2Fwww.psd.ro%2Fplafonare-preturi-energie%2F%3Ffbclid%3DIwAR0ap0GYzhaproYsPT2GJbzgUJ0RFoSEmIRUX8edequQT_MmdiWXA_Z72tY&amp;h=AT11dlBFMfmq_mzmCuhbvTgphZu9Q3FwHu8AG2Ig86PB6ThoVSAX9vArlvS5UEdAOSeSn-bH60hzffVgUepLEAZ1e3LSTynvj1T2qEpRtOFT8KTTKN8XPUuWpJ9YsEzjJvOX&amp;__tn__=-UK-R&amp;c[0]=AT29PJZWivzf7CXzUkJPEWsi2SzgATn9Qkd0PvkM2V1CoEUGt0l3ub_E_dlQIsfGan6ytQCNd0swEoR5Y10kzdyPvQubf6NBMfZj65q3AG9jy1t_JJDGkqGsc1AwDmOjThLfPpsvQidyeBCieAq6GOGh-g\" target=\"_blank\">https:\/\/www.psd.ro\/plafonare-preturi-energie\/<\/a>&#8222;- pre\u015fedinte PSD Giurgiu, deputat Marian Mina<\/p>\n\n\n\n<figure class=\"wp-block-image size-full\"><img decoding=\"async\" src=\"https:\/\/giurgiu-net.ro\/wp-content\/uploads\/2021\/10\/semnat-2.jpg\" alt=\"\" class=\"wp-image-75886\"\/><\/figure>\n","protected":false},"excerpt":{"rendered":"<p>&#8222;Am reu\u015fit s\u0103 depunem \u00een Parlament Legea pentru plafonarea pre\u0163urilor la energie \u015fi gaze! Proiectul #PSD reprezint\u0103 singura solu\u021bie concret\u0103 prin care: &#8211; Facturile la energie electric\u0103 se vor REDUCE cu p\u00e2n\u0103 la 43% &#8211; Facturile la gaz se vor reduce cu 23% &#8211; Consumatorii vor primi \u0219i o COMPENSA\u0162IE pentru major\u0103rile de pre\u021b operate [&hellip;]<\/p>\n","protected":false},"author":1,"featured_media":75887,"comment_status":"open","ping_status":"open","sticky":false,"template":"","format":"standard","meta":{"slim_seo":{"title":"Deputatul Marian Mina, invita\u0163ie c\u0103tre giurgiuveni s\u0103 semneze peti\u0163ia privind plafonarea pre\u0163urilor - GIURGIU NET","description":"\"Am reu\u015fit s\u0103 depunem \u00een Parlament Legea pentru plafonarea pre\u0163urilor la energie \u015fi gaze! Proiectul #PSD reprezint\u0103 singura solu\u021bie concret\u0103 prin care: - Factur"},"footnotes":""},"categories":[18,19,26,28],"tags":[1626],"class_list":{"0":"post-75885","1":"post","2":"type-post","3":"status-publish","4":"format-standard","5":"has-post-thumbnail","7":"category-actual","8":"category-adm","9":"category-soc","10":"category-uo","11":"tag-marian-mina"},"_links":{"self":[{"href":"https:\/\/giurgiu-net.ro\/index.php\/wp-json\/wp\/v2\/posts\/75885","targetHints":{"allow":["GET"]}}],"collection":[{"href":"https:\/\/giurgiu-net.ro\/index.php\/wp-json\/wp\/v2\/posts"}],"about":[{"href":"https:\/\/giurgiu-net.ro\/index.php\/wp-json\/wp\/v2\/types\/post"}],"author":[{"embeddable":true,"href":"https:\/\/giurgiu-net.ro\/index.php\/wp-json\/wp\/v2\/users\/1"}],"replies":[{"embeddable":true,"href":"https:\/\/giurgiu-net.ro\/index.php\/wp-json\/wp\/v2\/comments?post=75885"}],"version-history":[{"count":0,"href":"https:\/\/giurgiu-net.ro\/index.php\/wp-json\/wp\/v2\/posts\/75885\/revisions"}],"wp:featuredmedia":[{"embeddable":true,"href":"https:\/\/giurgiu-net.ro\/index.php\/wp-json\/"}],"wp:attachment":[{"href":"https:\/\/giurgiu-net.ro\/index.php\/wp-json\/wp\/v2\/media?parent=75885"}],"wp:term":[{"taxonomy":"category","embeddable":true,"href":"https:\/\/giurgiu-net.ro\/index.php\/wp-json\/wp\/v2\/categories?post=75885"},{"taxonomy":"post_tag","embeddable":true,"href":"https:\/\/giurgiu-net.ro\/index.php\/wp-json\/wp\/v2\/tags?post=75885"}],"curies":[{"name":"wp","href":"https:\/\/api.w.org\/{rel}","templated":true}]}}