{"id":75879,"date":"2021-10-12T11:09:25","date_gmt":"2021-10-12T08:09:25","guid":{"rendered":"http:\/\/giurgiu-net.ro\/?p=75879"},"modified":"2021-10-12T11:09:25","modified_gmt":"2021-10-12T08:09:25","slug":"surse-angajatii-dgaspc-giurgiu-nu-si-iau-azi-salariul","status":"publish","type":"post","link":"https:\/\/giurgiu-net.ro\/index.php\/2021\/10\/12\/surse-angajatii-dgaspc-giurgiu-nu-si-iau-azi-salariul\/","title":{"rendered":"SURSE: Angaja\u0163ii DGASPC Giurgiu nu-\u015fi iau azi salariul?!"},"content":{"rendered":"\n<p>Se pare c\u0103 nu. P\u0103i, ce-a\u0163i f\u0103cut domnule Beianu, nici cu t\u0103ierile alea de sporuri, cu \u201cpriceperea\u201d \u015fi \u201ciscusin\u0163a\u201d dumneavoastr\u0103, n-a\u0163i reu\u015fit nici acum s\u0103 rezolva\u0163i problema de la Direc\u0163ia General\u0103 de Asisten\u0163\u0103 Social\u0103 \u015fi Protec\u0163ia Copilului(DGASPC) Giurgiu? Nu v\u0103 l\u0103uda\u0163i dvs. c\u0103 ave\u0163i totul sub control, c\u0103 Guvern, c\u0103 C\u00ee\u0163u, c\u0103 Iohannis, c\u0103 PNL, Motreanu and company? Nu v-ajunge firimitura aia din Fondul de Rezerv\u0103?! Ntz. Ntz.<\/p>\n\n\n\n<p>Cu ce sunt de vin\u0103 oamenii care-\u015fi fac treaba \u015fi care nu-\u015fi condi\u0163ioneaz\u0103 activitatea \u00een func\u0163ie de plata salariului? Cum ar fi s\u0103 v\u0103 zic\u0103 \u015fi ei: o s\u0103 mai muncim c\u00e2nd ne da\u0163i banii? To\u0163i \u015fi la timp. Foarte nasol ar fi, \u015ftim.<\/p>\n\n\n\n<p>C\u0103 a\u015fa le-a\u0163i promis. C\u0103 n-or s\u0103 mai fie probleme ever, dac\u0103-i conduce\u0163i dvs!<\/p>\n\n\n\n<p>De ce nu folosi\u0163i excedentul bugetar? Pe Mina a\u015fa-l sf\u0103tuia\u0163i. Ave\u0163i alte planuri cu banii din sursa men\u0163ionat\u0103? Din c\u00e2te \u015ftim, legea chiar v\u0103 permite, mai nou, s\u0103 redirec\u0163iona\u0163i fondurile, mai ales c\u0103 vorbim despre o situa\u0163ie special\u0103 \u015fi urgent\u0103, \u00een cazul institu\u0163iei men\u0163ionate.<\/p>\n\n\n\n<p>Avem speran\u0163a c\u0103 giurgiuvenii de la DGASPC \u00ee\u015fi vor lua c\u00e2t mai cur\u00e2nd salariul \u015fi am \u00een\u0163eles c\u0103 m\u00e2ine, va avea loc o \u015fedin\u0163\u0103 a CJ Giurgiu unde se vor pune la punct detalii financiare pe subiect.<\/p>\n\n\n\n<p>Pe de alt\u0103 parte, a\u0163i observat, stima\u0163i cititori: c\u00e2nd PNL-istul Dumitru Beianu vorbe\u015fte despre giurgiuvenii angaja\u0163i, \u00een anii trecu\u0163i, la DGASPC Giurgiu, are at\u00e2t dispre\u0163 \u00een glas, ca s\u0103 nu zicem ur\u0103, de parc\u0103 salaria\u0163ii cu pricina n-ar fi oameni, n-ar fi concet\u0103\u0163eni, n-ar fi suflete cu familii \u015fi probleme. Nu l-am auzit, \u00eens\u0103, pe dl. Beianu s\u0103 critice activitatea lor. Simplul fapt c\u0103 i-ar fi \u201cangajat\u201d Mina \u00eel enerveaz\u0103 la culme \u015fi constituie, se pare, pentru el un motiv suficient ca s\u0103-i lase f\u0103r\u0103 serviciu.<\/p>\n\n\n\n<p>Sper\u0103m, totu\u015fi, c\u0103 nu tocmai acum, \u00een pragul iernii, c\u00e2nd se anun\u0163\u0103 facturi record la utilit\u0103\u0163i \u015fi alte scumpiri nesim\u0163ite!<\/p>\n\n\n\n<p>Sigur, sunt aceia\u015fi oameni c\u0103rora, \u00een campanie, le z\u00e2mbe\u015fte gale\u015f \u015fi-i pup\u0103 pe cre\u015ftet, \u00een speran\u0163a c\u0103 intr\u0103 \u015fi ei, acolo, la num\u0103rul de voturi.<\/p>\n\n\n\n<p>\u015ei dac\u0103 sunt a\u015fa de \u201cmul\u0163i\u201d, cum declara\u0163i, cum dracului de DGASPC \u00eenc\u0103 are deficit de personal \u015fi v\u0103 l\u0103uda\u0163i, \u00een acela\u015fi timp, cu angaj\u0103ri masive pe unele proiecte?<\/p>\n\n\n\n<p>A\u0163i \u201crecl\u0103dit\u201d Giurgiu de\u2026 mai bine ne lipseam!<\/p>\n","protected":false},"excerpt":{"rendered":"<p>Se pare c\u0103 nu. P\u0103i, ce-a\u0163i f\u0103cut domnule Beianu, nici cu t\u0103ierile alea de sporuri, cu \u201cpriceperea\u201d \u015fi \u201ciscusin\u0163a\u201d dumneavoastr\u0103, n-a\u0163i reu\u015fit nici acum s\u0103 rezolva\u0163i problema de la Direc\u0163ia General\u0103 de Asisten\u0163\u0103 Social\u0103 \u015fi Protec\u0163ia Copilului(DGASPC) Giurgiu? Nu v\u0103 l\u0103uda\u0163i dvs. c\u0103 ave\u0163i totul sub control, c\u0103 Guvern, c\u0103 C\u00ee\u0163u, c\u0103 Iohannis, c\u0103 PNL, [&hellip;]<\/p>\n","protected":false},"author":1,"featured_media":50621,"comment_status":"open","ping_status":"open","sticky":false,"template":"","format":"standard","meta":{"slim_seo":{"title":"SURSE: Angaja\u0163ii DGASPC Giurgiu nu-\u015fi iau azi salariul?! - GIURGIU NET","description":"Se pare c\u0103 nu. P\u0103i, ce-a\u0163i f\u0103cut domnule Beianu, nici cu t\u0103ierile alea de sporuri, cu \u201cpriceperea\u201d \u015fi \u201ciscusin\u0163a\u201d dumneavoastr\u0103, n-a\u0163i reu\u015fit nici acum s\u0103 rezol"},"footnotes":""},"categories":[18,19,25,26,28],"tags":[892,1004],"class_list":{"0":"post-75879","1":"post","2":"type-post","3":"status-publish","4":"format-standard","5":"has-post-thumbnail","7":"category-actual","8":"category-adm","9":"category-pol","10":"category-soc","11":"category-uo","12":"tag-dgaspc-giurgiu","13":"tag-dumitru-beianu"},"_links":{"self":[{"href":"https:\/\/giurgiu-net.ro\/index.php\/wp-json\/wp\/v2\/posts\/75879","targetHints":{"allow":["GET"]}}],"collection":[{"href":"https:\/\/giurgiu-net.ro\/index.php\/wp-json\/wp\/v2\/posts"}],"about":[{"href":"https:\/\/giurgiu-net.ro\/index.php\/wp-json\/wp\/v2\/types\/post"}],"author":[{"embeddable":true,"href":"https:\/\/giurgiu-net.ro\/index.php\/wp-json\/wp\/v2\/users\/1"}],"replies":[{"embeddable":true,"href":"https:\/\/giurgiu-net.ro\/index.php\/wp-json\/wp\/v2\/comments?post=75879"}],"version-history":[{"count":0,"href":"https:\/\/giurgiu-net.ro\/index.php\/wp-json\/wp\/v2\/posts\/75879\/revisions"}],"wp:featuredmedia":[{"embeddable":true,"href":"https:\/\/giurgiu-net.ro\/index.php\/wp-json\/wp\/v2\/media\/50621"}],"wp:attachment":[{"href":"https:\/\/giurgiu-net.ro\/index.php\/wp-json\/wp\/v2\/media?parent=75879"}],"wp:term":[{"taxonomy":"category","embeddable":true,"href":"https:\/\/giurgiu-net.ro\/index.php\/wp-json\/wp\/v2\/categories?post=75879"},{"taxonomy":"post_tag","embeddable":true,"href":"https:\/\/giurgiu-net.ro\/index.php\/wp-json\/wp\/v2\/tags?post=75879"}],"curies":[{"name":"wp","href":"https:\/\/api.w.org\/{rel}","templated":true}]}}