{"id":75622,"date":"2021-09-03T14:39:48","date_gmt":"2021-09-03T11:39:48","guid":{"rendered":"http:\/\/giurgiu-net.ro\/?p=75622"},"modified":"2021-09-03T14:39:48","modified_gmt":"2021-09-03T11:39:48","slug":"deputatul-marian-mina-catre-parlamentarii-pnl-giurgiu-terminati-cu-minciuna-ca-giurgiu-are-nevoie-de-programul-saligny-asa-ne-ati-pacalit-si-cu-pnrr-ul","status":"publish","type":"post","link":"https:\/\/giurgiu-net.ro\/index.php\/2021\/09\/03\/deputatul-marian-mina-catre-parlamentarii-pnl-giurgiu-terminati-cu-minciuna-ca-giurgiu-are-nevoie-de-programul-saligny-asa-ne-ati-pacalit-si-cu-pnrr-ul\/","title":{"rendered":"Deputatul Marian Mina, c\u0103tre parlamentarii PNL Giurgiu: \u201eTermina\u0163i cu minciuna c\u0103 Giurgiu are nevoie de programul \u201eSaligny\u201d. A\u015fa ne-a\u0163i p\u0103c\u0103lit \u015fi cu PNRR-ul!\u201d"},"content":{"rendered":"\n<p>Pre\u015fedintele PSD Giurgiu, deputatul Marian Mina a f\u0103cut aceast\u0103 afirma\u0163ie, ast\u0103zi, \u00een conferin\u0163\u0103 de pres\u0103.<\/p>\n\n\n\n<p>\u201e<em>Am v\u0103zut, recent, cum un parlamentar PNL de Giurgiu declara c\u00e2t\u0103 nevoie are jude\u0163ul nostru de Programul \u201eAnghel Saligny\u201d. Acela\u015fi lucru ne spuneau \u015fi cu PNRR \u015fi nu am v\u0103zut niciun proiect pentru jude\u0163ul Giurgiu acolo. Ar trebui s\u0103 aib\u0103 decen\u0163a \u015fi s\u0103 se ab\u0163in\u0103, s\u0103 nu mai ias\u0103 cu asemenea minciuni! Nici la rectificare, nici acum, niciodat\u0103 cu ei la putere nu va exista o \u00eemp\u0103r\u0163ire echitabil\u0103 a fondurilor pentru primari. A\u015fa c\u0103, \u00eemi vine greu s\u0103 cred c\u0103 prin programul \u201eSaligny\u201d vor face minuni pentru Giurgiu. Sunt 10 miliarde de euro ce vor fi \u00eemp\u0103r\u0163ite pur politic, dup\u0103 bunul plac al lui C\u00ee\u0163u care vrea, astfel, s\u0103-\u015fi asigure \u015fefia la PNL. Primarii PSD \u015fi comunit\u0103\u0163ile pe care le p\u0103storesc nu au existat pentru actuala guvernare. Au fost vitregi\u0163i, uita\u0163i \u015fi batjocori\u0163i la toate aloc\u0103rile bugetare! Pe de alt\u0103 parte, acest program \u201eAnghel Saligny\u201d nu este dec\u00e2t o copie dup\u0103 PNDL pe care l-au criticat continuu PNL-i\u015ftii. PNDL a fost, f\u0103r\u0103 \u00eendoial\u0103, cel mai bun program de dezvoltare local\u0103 \u015fi le amintesc celor de la PNL c\u0103 to\u0163i primarii, indiferent de culoarea politic\u0103, au fost sprijini\u0163i pentru implementarea proiectelor \u00een comunele lor!<\/em>\u201d, a declarat pre\u015fedintele PSD Giurgiu, Marian Mina.<\/p>\n","protected":false},"excerpt":{"rendered":"<p>Pre\u015fedintele PSD Giurgiu, deputatul Marian Mina a f\u0103cut aceast\u0103 afirma\u0163ie, ast\u0103zi, \u00een conferin\u0163\u0103 de pres\u0103. \u201eAm v\u0103zut, recent, cum un parlamentar PNL de Giurgiu declara c\u00e2t\u0103 nevoie are jude\u0163ul nostru de Programul \u201eAnghel Saligny\u201d. Acela\u015fi lucru ne spuneau \u015fi cu PNRR \u015fi nu am v\u0103zut niciun proiect pentru jude\u0163ul Giurgiu acolo. Ar trebui s\u0103 aib\u0103 [&hellip;]<\/p>\n","protected":false},"author":1,"featured_media":75623,"comment_status":"open","ping_status":"open","sticky":false,"template":"","format":"standard","meta":{"slim_seo":{"title":"Deputatul Marian Mina, c\u0103tre parlamentarii PNL Giurgiu: \u201eTermina\u0163i cu minciuna c\u0103 Giurgiu are nevoie de programul \u201eSaligny\u201d. A\u015fa ne-a\u0163i p\u0103c\u0103lit \u015fi cu PNRR-ul!\u201d - GIURGIU NET","description":"Pre\u015fedintele PSD Giurgiu, deputatul Marian Mina a f\u0103cut aceast\u0103 afirma\u0163ie, ast\u0103zi, \u00een conferin\u0163\u0103 de pres\u0103. \u201e Am v\u0103zut, recent, cum un parlamentar PNL de Giurgiu"},"footnotes":""},"categories":[18,19,25,28],"tags":[1626,2027],"class_list":{"0":"post-75622","1":"post","2":"type-post","3":"status-publish","4":"format-standard","5":"has-post-thumbnail","7":"category-actual","8":"category-adm","9":"category-pol","10":"category-uo","11":"tag-marian-mina","12":"tag-pnl-giurgiu"},"_links":{"self":[{"href":"https:\/\/giurgiu-net.ro\/index.php\/wp-json\/wp\/v2\/posts\/75622","targetHints":{"allow":["GET"]}}],"collection":[{"href":"https:\/\/giurgiu-net.ro\/index.php\/wp-json\/wp\/v2\/posts"}],"about":[{"href":"https:\/\/giurgiu-net.ro\/index.php\/wp-json\/wp\/v2\/types\/post"}],"author":[{"embeddable":true,"href":"https:\/\/giurgiu-net.ro\/index.php\/wp-json\/wp\/v2\/users\/1"}],"replies":[{"embeddable":true,"href":"https:\/\/giurgiu-net.ro\/index.php\/wp-json\/wp\/v2\/comments?post=75622"}],"version-history":[{"count":0,"href":"https:\/\/giurgiu-net.ro\/index.php\/wp-json\/wp\/v2\/posts\/75622\/revisions"}],"wp:featuredmedia":[{"embeddable":true,"href":"https:\/\/giurgiu-net.ro\/index.php\/wp-json\/"}],"wp:attachment":[{"href":"https:\/\/giurgiu-net.ro\/index.php\/wp-json\/wp\/v2\/media?parent=75622"}],"wp:term":[{"taxonomy":"category","embeddable":true,"href":"https:\/\/giurgiu-net.ro\/index.php\/wp-json\/wp\/v2\/categories?post=75622"},{"taxonomy":"post_tag","embeddable":true,"href":"https:\/\/giurgiu-net.ro\/index.php\/wp-json\/wp\/v2\/tags?post=75622"}],"curies":[{"name":"wp","href":"https:\/\/api.w.org\/{rel}","templated":true}]}}