{"id":75619,"date":"2021-09-03T10:06:52","date_gmt":"2021-09-03T07:06:52","guid":{"rendered":"http:\/\/giurgiu-net.ro\/?p=75619"},"modified":"2021-09-03T10:06:52","modified_gmt":"2021-09-03T07:06:52","slug":"deputat-marian-mina-circarii-de-la-pnl-si-usr-trebuie-sa-plece-acasa","status":"publish","type":"post","link":"https:\/\/giurgiu-net.ro\/index.php\/2021\/09\/03\/deputat-marian-mina-circarii-de-la-pnl-si-usr-trebuie-sa-plece-acasa\/","title":{"rendered":"Deputat Marian Mina: &#8222;CIRCARII de la PNL \u015fi USR trebuie s\u0103 plece acas\u0103!&#8221;"},"content":{"rendered":"\n<p>&#8222;CIRCARII de la PNL \u015fi USR trebuie s\u0103 plece acas\u0103! \u00centr-un singur an, au reu\u015fit s\u0103 pun\u0103 Rom\u00e2nia pe butuci, \u00een timp ce conturile lor \u015fi ale firmelor prietene s-au umflat p\u00e2n\u0103 la refuz. <\/p>\n\n\n\n<p>\u00cen timp ce milioane de rom\u00e2ni tremur\u0103 deja la g\u00e2ndul c\u0103, la iarn\u0103, vor r\u0103m\u00e2ne \u00een frig \u015fi \u00een bezn\u0103, PNL \u015fi USR se ceart\u0103 pe func\u0163ii \u015fi \u00ee\u015fi dau la gioale, \u00een fa\u0163a tuturor, ar\u0103t\u00e2ndu-\u015fi mu\u015fchii unii altora. Au f\u0103cut circ, zilele acestea, iar o asemenea criz\u0103 politic\u0103 \u015fi social\u0103 nu cred c\u0103 s-a mai \u00eenregistrat \u00een \u0163ara noastr\u0103. E DESTUL! \u00cei vom trimite acolo unde le este locul! <a href=\"https:\/\/www.facebook.com\/hashtag\/psd?__eep__=6&amp;__cft__[0]=AZXNsaOmMBGKP6OHn5QA3OefqfNtKsPxOJus82ss_JLDog9A-JtWLHmkMNkqrxJnQ4RJZ-12kBA2ZTCUYbBddlJBrzKIv2tJfab-UFoJhI2mlBt9s4B588lWKXvnJmniwPc&amp;__tn__=*NK-R\">#PSD<\/a> depune mo\u0163iune de cenzur\u0103! <\/p>\n\n\n\n<p>Textul mo\u0163iunii va fi prezentat ast\u0103zi \u015fi va fi pus la dispozi\u0163ia rom\u00e2nilor care vor s\u0103 scape de <a href=\"https:\/\/www.facebook.com\/hashtag\/criminalii?__eep__=6&amp;__cft__[0]=AZXNsaOmMBGKP6OHn5QA3OefqfNtKsPxOJus82ss_JLDog9A-JtWLHmkMNkqrxJnQ4RJZ-12kBA2ZTCUYbBddlJBrzKIv2tJfab-UFoJhI2mlBt9s4B588lWKXvnJmniwPc&amp;__tn__=*NK-R\">#criminalii<\/a> din coali\u0163ia de dreapta!Gata, PNL \u015fi USR, pleca\u0163i acas\u0103! A\u0163i nenorocit un popor \u00eentreg ca s\u0103 v\u0103 face\u0163i voi jocurile murdare. Ne-a\u0163i \u00eengenuncheat b\u0103tr\u00e2nii, p\u0103rin\u0163ii, copiii, i-a\u0163i b\u0103gat \u00een faliment pe produc\u0103torii autohtoni. Le-a\u0163i r\u00e2s \u00een fa\u0163\u0103, i-a\u0163i umilit, i-a\u0163i p\u0103c\u0103lit pe rom\u00e2ni, dar gata cu minciunile, cu ipocrizia, cu jaful na\u0163ional \u015fi cu b\u0103t\u0103liile voastre penibile pentru ciolan! <\/p>\n\n\n\n<p>Dac\u0103 ave\u0163i chef doar de r\u0103fuieli, merge\u0163i \u00een Opozi\u0163ie \u015fi bate\u0163i-v\u0103 acolo unii cu al\u0163ii p\u00e2n\u0103 v\u0103 s\u0103tura\u0163i!L\u0103sa\u0163i-i s\u0103 guverneze pe cei care \u00eenc\u0103 mai pot salva Rom\u00e2nia de la dezastrul f\u0103cut de voi!&#8221;- deputat Marian Mina, pre\u015fedintele PSD Giurgiu.<\/p>\n","protected":false},"excerpt":{"rendered":"<p>&#8222;CIRCARII de la PNL \u015fi USR trebuie s\u0103 plece acas\u0103! \u00centr-un singur an, au reu\u015fit s\u0103 pun\u0103 Rom\u00e2nia pe butuci, \u00een timp ce conturile lor \u015fi ale firmelor prietene s-au umflat p\u00e2n\u0103 la refuz. \u00cen timp ce milioane de rom\u00e2ni tremur\u0103 deja la g\u00e2ndul c\u0103, la iarn\u0103, vor r\u0103m\u00e2ne \u00een frig \u015fi \u00een bezn\u0103, PNL [&hellip;]<\/p>\n","protected":false},"author":1,"featured_media":75620,"comment_status":"open","ping_status":"open","sticky":false,"template":"","format":"standard","meta":{"slim_seo":{"title":"Deputat Marian Mina: \"CIRCARII de la PNL \u015fi USR trebuie s\u0103 plece acas\u0103!\" - GIURGIU NET","description":"\"CIRCARII de la PNL \u015fi USR trebuie s\u0103 plece acas\u0103! \u00centr-un singur an, au reu\u015fit s\u0103 pun\u0103 Rom\u00e2nia pe butuci, \u00een timp ce conturile lor \u015fi ale firmelor prietene s-a"},"footnotes":""},"categories":[18,19,25,26,28],"tags":[1626],"class_list":{"0":"post-75619","1":"post","2":"type-post","3":"status-publish","4":"format-standard","5":"has-post-thumbnail","7":"category-actual","8":"category-adm","9":"category-pol","10":"category-soc","11":"category-uo","12":"tag-marian-mina"},"_links":{"self":[{"href":"https:\/\/giurgiu-net.ro\/index.php\/wp-json\/wp\/v2\/posts\/75619","targetHints":{"allow":["GET"]}}],"collection":[{"href":"https:\/\/giurgiu-net.ro\/index.php\/wp-json\/wp\/v2\/posts"}],"about":[{"href":"https:\/\/giurgiu-net.ro\/index.php\/wp-json\/wp\/v2\/types\/post"}],"author":[{"embeddable":true,"href":"https:\/\/giurgiu-net.ro\/index.php\/wp-json\/wp\/v2\/users\/1"}],"replies":[{"embeddable":true,"href":"https:\/\/giurgiu-net.ro\/index.php\/wp-json\/wp\/v2\/comments?post=75619"}],"version-history":[{"count":0,"href":"https:\/\/giurgiu-net.ro\/index.php\/wp-json\/wp\/v2\/posts\/75619\/revisions"}],"wp:featuredmedia":[{"embeddable":true,"href":"https:\/\/giurgiu-net.ro\/index.php\/wp-json\/"}],"wp:attachment":[{"href":"https:\/\/giurgiu-net.ro\/index.php\/wp-json\/wp\/v2\/media?parent=75619"}],"wp:term":[{"taxonomy":"category","embeddable":true,"href":"https:\/\/giurgiu-net.ro\/index.php\/wp-json\/wp\/v2\/categories?post=75619"},{"taxonomy":"post_tag","embeddable":true,"href":"https:\/\/giurgiu-net.ro\/index.php\/wp-json\/wp\/v2\/tags?post=75619"}],"curies":[{"name":"wp","href":"https:\/\/api.w.org\/{rel}","templated":true}]}}